{"id":1612,"date":"2022-12-22T12:44:05","date_gmt":"2022-12-22T11:44:05","guid":{"rendered":"https:\/\/modenafuturacreativa.it\/?p=1612"},"modified":"2025-03-21T14:18:26","modified_gmt":"2025-03-21T13:18:26","slug":"capodanno-a-cielo-aperto-che-unisce-il-mito-larte-e-le-nuove-tecnologie","status":"publish","type":"post","link":"https:\/\/modenafuturacreativa.it\/fr\/capodanno-a-cielo-aperto-che-unisce-il-mito-larte-e-le-nuove-tecnologie\/","title":{"rendered":"Mod\u00e8ne : r\u00e9veillon \u00e0 ciel ouvert associant mythe, art et nouvelles technologies"},"content":{"rendered":"<div id=\"fws_6a9b7c020eb6f\"  data-column-margin=\"60px\" data-midnight=\"dark\"  class=\"wpb_row vc_row-fluid vc_row\"  style=\"padding-top: 0px; padding-bottom: 0px; \"><div class=\"row-bg-wrap\" data-bg-animation=\"none\" data-bg-animation-delay=\"\" data-bg-overlay=\"false\"><div class=\"inner-wrap row-bg-layer\" ><div class=\"row-bg viewport-desktop\"  style=\"\"><\/div><\/div><\/div><div class=\"row_col_wrap_12 col span_12 dark left\">\n\t<div  class=\"vc_col-sm-12 wpb_column column_container vc_column_container col no-extra-padding inherit_tablet inherit_phone\"  data-padding-pos=\"all\" data-has-bg-color=\"false\" data-bg-color=\"\" data-bg-opacity=\"1\" data-animation=\"\" data-delay=\"0\" >\n\t\t<div class=\"vc_column-inner\" >\n\t\t\t<div class=\"wpb_wrapper\">\n\t\t\t\t\n\t<div class=\"wpb_video_widget wpb_content_element vc_clearfix   vc_video-aspect-ratio-169 vc_video-el-width-100 vc_video-align-center\" >\n\t\t<div class=\"wpb_wrapper\">\n\t\t\t\n\t\t\t<div class=\"wpb_video_wrapper\"><iframe loading=\"lazy\" title=\"Nouvel An Mod\u00e8ne 2023\" width=\"500\" height=\"281\" src=\"https:\/\/www.youtube.com\/embed\/WS3irxiwLXQ?feature=oembed\" frameborder=\"0\" allow=\"accelerometer; autoplay; clipboard-write; encrypted-media; gyroscope; picture-in-picture; web-share\" referrerpolicy=\"strict-origin-when-cross-origin\" allowfullscreen><\/iframe><\/div>\n\t\t<\/div>\n\t<\/div>\n<div class=\"divider-wrap\" data-alignment=\"default\"><div style=\"height: 5vh;\" class=\"divider\"><\/div><\/div><div id=\"fws_6a9b7c020f346\" data-midnight=\"\" data-column-margin=\"default\" class=\"wpb_row vc_row-fluid vc_row inner_row\"  style=\"\"><div class=\"row-bg-wrap\"> <div class=\"row-bg\" ><\/div> <\/div><div class=\"row_col_wrap_12_inner col span_12  left\">\n\t<div  class=\"vc_col-sm-12 wpb_column column_container vc_column_container col child_column no-extra-padding inherit_tablet inherit_phone\"   data-padding-pos=\"all\" data-has-bg-color=\"false\" data-bg-color=\"\" data-bg-opacity=\"1\" data-animation=\"\" data-delay=\"0\" >\n\t\t<div class=\"vc_column-inner\" >\n\t\t<div class=\"wpb_wrapper\">\n\t\t\t\n<div class=\"wpb_text_column wpb_content_element\" >\n\t<p><span style=\"font-size: large;\"><b>Mod\u00e8ne accueille l'ann\u00e9e 2022 avec une c\u00e9l\u00e9bration en plein air du Nouvel An qui associe mythe, art et nouvelles technologies avec deux installations num\u00e9riques et un spectacle de danse a\u00e9rienne, mettant en sc\u00e8ne le site de l'Unesco avec la Piazza Grande, le Duomo et la Ghirlandina.<\/b><\/span><\/p>\n<p>&nbsp;<\/p>\n<h4 id=\"x1dug3\">Programme<\/h4>\n<p style=\"margin: 0px;\"><strong>Le mythe de Pha\u00e9ton<br \/>\n<\/strong>Du 31 d\u00e9cembre au 3 janvier, mapping vid\u00e9o sur la cath\u00e9drale<\/p>\n<p style=\"margin: 0px;\"><strong>Calendrier :<\/strong><\/p>\n<ul>\n<li>31 d\u00e9cembre de 23.15 \u00e0 23.30 \/ de 00.30 \u00e0 01.00 ;<\/li>\n<li>1er janvier de 19h15 \u00e0 21h15<\/li>\n<li>2 janvier de 19h15 \u00e0 21h15<\/li>\n<li>3 janvier de 19h15 \u00e0 21h15<\/li>\n<\/ul>\n<p style=\"margin: 0px;\"><strong>Installation num\u00e9rique \"Un monde diff\u00e9rent<br \/>\n<\/strong>Du 31 d\u00e9cembre au 3 janvier - Piazza Torre, \u00e0 c\u00f4t\u00e9 de la Torre Ghirlandina -<\/p>\n<p style=\"margin: 0px;\"><strong>Calendrier :<\/strong> l'installation vid\u00e9o se r\u00e9p\u00e8te en boucle aux heures suivantes :<\/p>\n<ul>\n<li>31 d\u00e9cembre de 19h \u00e0 20h30 \/ 11h \u00e0 23h15<\/li>\n<li>1er janvier de 19 \u00e0 21 heures<\/li>\n<li>2 janvier de 19 \u00e0 21 heures<\/li>\n<li>3 janvier de 19 \u00e0 21 heures<\/li>\n<\/ul>\n<p style=\"margin: 0px;\">L'installation, inspir\u00e9e du livre \u00e9ponyme du photographe Stefano Unthertiner r\u00e9alis\u00e9 sur les \u00eeles Svalbard, est une projection grand format qui offre au public une exp\u00e9rience sensorielle immersive : la place sera transform\u00e9e en un grand d\u00e9cor hivernal, une \u00e9tendue de glace envahissant l'architecture historique de la ville et transportant les participants dans un monde diff\u00e9rent, o\u00f9 la neige et le paysage arctique seront si proches qu'ils auront l'impression de pouvoir les toucher. Un ensemble de cam\u00e9ras surveillera certaines zones de la place o\u00f9 adultes et enfants, par le mouvement de leur corps, pourront interagir avec les sons et les images, en d\u00e9terminant leur forme.<\/p>\n<p>&nbsp;<\/p>\n<p style=\"margin: 0px;\"><strong>Spectacle de danse a\u00e9rienne \"Clairi\u00e8re Urbaine<\/strong><\/p>\n<p style=\"margin: 0px;\">Sur la Piazza Grande le 31 d\u00e9cembre<\/p>\n<p style=\"margin: 0px;\"><strong>Calendrier :<\/strong> de 23h30 \u00e0 23h50 pause de minuit, de 00h05 \u00e0 00h30 (en cas de mauvais temps, le spectacle sera report\u00e9 \u00e0 la soir\u00e9e du 1er janvier \u00e0 21h30).<\/p>\n<p style=\"margin: 0px;\">La seule repr\u00e9sentation aura lieu le soir du Nouvel An \u00e0 partir de 23h30, avec la compagnie fran\u00e7aise Retouramont, pionni\u00e8re de la danse verticale.<\/p>\n<p style=\"margin: 0px;\">Le spectacle, d'une dur\u00e9e d'environ quarante minutes et divis\u00e9 en deux parties s\u00e9par\u00e9es par un toast de Nouvel An, s'intitule \"Clairi\u00e8re Urbaine\", ce qui signifie litt\u00e9ralement \"d\u00e9frichement urbain\" et fait r\u00e9f\u00e9rence aux \"espaces interminables\" de l'ascendance de Leopardi. Les danseurs, hiss\u00e9s sur des cordes, traversent l'espace entre la tour de l'horloge du Palazzo Comunale et le b\u00e2timent de la banque Unicredit, con\u00e7u dans les ann\u00e9es 1960 par Gio Ponti.<\/p>\n<\/div>\n\n\n\n\n\t\t<\/div> \n\t<\/div>\n\t<\/div> \n<\/div><\/div><div class=\"divider-wrap\" data-alignment=\"default\"><div style=\"height: 5vh;\" class=\"divider\"><\/div><\/div>\n\t\t\t<\/div> \n\t\t<\/div>\n\t<\/div> \n<\/div><\/div>","protected":false},"excerpt":{"rendered":"Mod\u00e8ne accueille 2022 avec un r\u00e9veillon en plein air qui associe mythe, art et nouvelles technologies avec deux installations num\u00e9riques et un spectacle de danse...","protected":false},"author":1,"featured_media":1613,"comment_status":"closed","ping_status":"closed","sticky":false,"template":"","format":"standard","meta":{"wpupg_custom_link":[],"wpupg_custom_link_behaviour":[],"wpupg_custom_link_nofollow":[],"wpupg_custom_image":[],"wpupg_custom_image_id":[],"footnotes":""},"categories":[475],"tags":[],"class_list":["post-1612","post","type-post","status-publish","format-standard","has-post-thumbnail","category-news"],"_links":{"self":[{"href":"https:\/\/modenafuturacreativa.it\/fr\/wp-json\/wp\/v2\/posts\/1612","targetHints":{"allow":["GET"]}}],"collection":[{"href":"https:\/\/modenafuturacreativa.it\/fr\/wp-json\/wp\/v2\/posts"}],"about":[{"href":"https:\/\/modenafuturacreativa.it\/fr\/wp-json\/wp\/v2\/types\/post"}],"author":[{"embeddable":true,"href":"https:\/\/modenafuturacreativa.it\/fr\/wp-json\/wp\/v2\/users\/1"}],"replies":[{"embeddable":true,"href":"https:\/\/modenafuturacreativa.it\/fr\/wp-json\/wp\/v2\/comments?post=1612"}],"version-history":[{"count":3,"href":"https:\/\/modenafuturacreativa.it\/fr\/wp-json\/wp\/v2\/posts\/1612\/revisions"}],"predecessor-version":[{"id":1634,"href":"https:\/\/modenafuturacreativa.it\/fr\/wp-json\/wp\/v2\/posts\/1612\/revisions\/1634"}],"wp:featuredmedia":[{"embeddable":true,"href":"https:\/\/modenafuturacreativa.it\/fr\/wp-json\/wp\/v2\/media\/1613"}],"wp:attachment":[{"href":"https:\/\/modenafuturacreativa.it\/fr\/wp-json\/wp\/v2\/media?parent=1612"}],"wp:term":[{"taxonomy":"category","embeddable":true,"href":"https:\/\/modenafuturacreativa.it\/fr\/wp-json\/wp\/v2\/categories?post=1612"},{"taxonomy":"post_tag","embeddable":true,"href":"https:\/\/modenafuturacreativa.it\/fr\/wp-json\/wp\/v2\/tags?post=1612"}],"curies":[{"name":"wp","href":"https:\/\/api.w.org\/{rel}","templated":true}]}}