{"id":1431,"date":"2022-11-08T15:58:34","date_gmt":"2022-11-08T14:58:34","guid":{"rendered":"https:\/\/modenafuturacreativa.it\/?p=1431"},"modified":"2025-03-21T14:18:26","modified_gmt":"2025-03-21T13:18:26","slug":"primo-forum-modena-city-of-media-arts","status":"publish","type":"post","link":"https:\/\/modenafuturacreativa.it\/fr\/primo-forum-modena-city-of-media-arts\/","title":{"rendered":"Premier forum de la ville de Mod\u00e8ne sur les arts m\u00e9diatiques"},"content":{"rendered":"<div id=\"fws_6a9b7c02a5db9\"  data-column-margin=\"60px\" data-midnight=\"dark\"  class=\"wpb_row vc_row-fluid vc_row\"  style=\"padding-top: 0px; padding-bottom: 0px; \"><div class=\"row-bg-wrap\" data-bg-animation=\"none\" data-bg-animation-delay=\"\" data-bg-overlay=\"false\"><div class=\"inner-wrap row-bg-layer\" ><div class=\"row-bg viewport-desktop\"  style=\"\"><\/div><\/div><\/div><div class=\"row_col_wrap_12 col span_12 dark left\">\n\t<div  class=\"vc_col-sm-12 wpb_column column_container vc_column_container col no-extra-padding inherit_tablet inherit_phone\"  data-padding-pos=\"all\" data-has-bg-color=\"false\" data-bg-color=\"\" data-bg-opacity=\"1\" data-animation=\"\" data-delay=\"0\" >\n\t\t<div class=\"vc_column-inner\" >\n\t\t\t<div class=\"wpb_wrapper\">\n\t\t\t\t<div class=\"img-with-aniamtion-wrap\" data-max-width=\"100%\" data-max-width-mobile=\"default\" data-shadow=\"none\" data-animation=\"fade-in\" >\n      <div class=\"inner\">\n        <div class=\"hover-wrap\"> \n          <div class=\"hover-wrap-inner\">\n            <img loading=\"lazy\" decoding=\"async\" class=\"img-with-animation skip-lazy\" data-delay=\"0\" height=\"943\" width=\"1400\" data-animation=\"fade-in\" src=\"https:\/\/modenafuturacreativa.it\/wp-content\/uploads\/2022\/11\/modena-futura-creativa3.jpg\" alt=\"\" srcset=\"https:\/\/modenafuturacreativa.it\/wp-content\/uploads\/2022\/11\/modena-futura-creativa3.jpg 1400w, https:\/\/modenafuturacreativa.it\/wp-content\/uploads\/2022\/11\/modena-futura-creativa3-300x202.jpg 300w, https:\/\/modenafuturacreativa.it\/wp-content\/uploads\/2022\/11\/modena-futura-creativa3-1024x690.jpg 1024w, https:\/\/modenafuturacreativa.it\/wp-content\/uploads\/2022\/11\/modena-futura-creativa3-768x517.jpg 768w, https:\/\/modenafuturacreativa.it\/wp-content\/uploads\/2022\/11\/modena-futura-creativa3-600x403.jpg 600w, https:\/\/modenafuturacreativa.it\/wp-content\/uploads\/2022\/11\/modena-futura-creativa3-400x269.jpg 400w\" sizes=\"auto, (max-width: 1400px) 100vw, 1400px\" \/>\n          <\/div>\n        <\/div>\n        \n      <\/div>\n    <\/div>\n<div class=\"wpb_text_column wpb_content_element\" >\n\t<p><strong>11 novembre 2022<br \/>\n<\/strong><b>10.00-13.00 | 14.30-17.30<br \/>\n<\/b>Mod\u00e8ne - Atelier ouvert<\/p>\n<h3><strong>1er forum de la ville de Mod\u00e8ne sur les arts m\u00e9diatiques<\/strong><\/h3>\n<p>Un \u00e9v\u00e9nement promu par Modena City of Media art et la municipalit\u00e9 de Mod\u00e8ne. Une journ\u00e9e de rencontres, de r\u00e9flexions et de d\u00e9bats.<\/p>\n<p><u>Le r\u00e9seau italien<\/u>Les villes cr\u00e9atives italiennes du R\u00e9seau de l'Unesco (UCCN) se r\u00e9unissent \u00e0 Mod\u00e8ne pour discuter de diff\u00e9rents th\u00e8mes et exp\u00e9riences. Les activit\u00e9s et projets les plus repr\u00e9sentatifs du R\u00e9seau italien, visant \u00e0 atteindre les objectifs de l'Agenda 2030 des Nations unies, avec une r\u00e9f\u00e9rence particuli\u00e8re \u00e0 l'innovation, la durabilit\u00e9, l'inclusion, l'\u00e9ducation, la formation et l'environnement.<\/p>\n<p><u>Le r\u00e9seau international des arts m\u00e9diatiques<\/u>Accueillie par la ville chef de file du r\u00e9seau international des arts m\u00e9diatiques, Enghien-les-Bains. <span lang=\"it-IT\">22 villes sur les cinq continents ont \u00e9t\u00e9 d\u00e9sign\u00e9es par l'Unesco comme villes cr\u00e9atives pour les arts m\u00e9diatiques.<\/span><\/p>\n<p><span lang=\"it-IT\"><u>Le r\u00e9seau UCCN<\/u><\/span><span lang=\"it-IT\">Il existe 295 villes cr\u00e9atives dans le monde, dont 13 sont italiennes. Les <\/span><span lang=\"it-IT\">la cr\u00e9ativit\u00e9 et l'industrie culturelle au centre de leurs plans de d\u00e9veloppement.<\/span><\/p>\n<p><a href=\"http:\/\/www.modenacittacreativa.it\/\">www.modenacittacreativa.it<\/a><\/p>\n<p><a href=\"https:\/\/www.unesco.it\/it\/italianellunesco\/detail\/191\">www.unesco.it\/it\/italianellunesco\/detail\/191<\/a><\/p>\n<p><a href=\"https:\/\/mediaartscities.com\/\" rel=\"noopener\">https:\/\/mediaartscities.com\/<\/a><\/p>\n<\/div>\n\n\n\n<div class=\"divider-wrap\" data-alignment=\"default\"><div style=\"height: 5vh;\" class=\"divider\"><\/div><\/div><div class=\"nectar-cta freccia alignment_tablet_default alignment_phone_default display_tablet_inherit display_phone_inherit\" data-color=\"default\" data-using-bg=\"false\" data-display=\"block\" data-style=\"underline\" data-alignment=\"left\" data-text-color=\"custom\" style=\"--nectar-text-color: #000000; --nectar-button-color: var(--nectar-default); --nectar-icon-gap: 10px; \"><h6 style=\"color: #000000;\"> <span class=\"link_wrap\" ><a target=\"_blank\" class=\"link_text\" style=\"border-color: #000000;\" role=\"button\" href=\"https:\/\/modenafuturacreativa.it\/wp-content\/uploads\/2022\/11\/FUTURACREATIVA-programma-1.pdf\">T\u00c9L\u00c9CHARGER LE PROGRAMME<\/a><\/span><\/h6><\/div><div class=\"nectar-cta freccia alignment_tablet_default alignment_phone_default display_tablet_inherit display_phone_inherit\" data-color=\"default\" data-using-bg=\"false\" data-display=\"block\" data-style=\"underline\" data-alignment=\"left\" data-text-color=\"custom\" style=\"--nectar-text-color: #000000; --nectar-button-color: var(--nectar-default); --nectar-icon-gap: 10px; \"><h6 style=\"color: #000000;\"> <span class=\"link_wrap\" ><a target=\"_blank\" class=\"link_text\" style=\"border-color: #000000;\" role=\"button\" href=\"http:\/\/www.facebook.com\/laboratorioapertomodena\/\">SUIVRE LE STREAMING EN DIRECT<\/a><\/span><\/h6><\/div>\n\t\t\t<\/div> \n\t\t<\/div>\n\t<\/div> \n<\/div><\/div>","protected":false},"excerpt":{"rendered":"11 novembre 2022 10.00-13.00 | 14.30-17.30 Mod\u00e8ne - Atelier ouvert 1er forum Modena City of Media Arts Un \u00e9v\u00e9nement promu par Modena City of Media art et la municipalit\u00e9 de...","protected":false},"author":1,"featured_media":1434,"comment_status":"closed","ping_status":"closed","sticky":false,"template":"","format":"standard","meta":{"wpupg_custom_link":[],"wpupg_custom_link_behaviour":[],"wpupg_custom_link_nofollow":[],"wpupg_custom_image":[],"wpupg_custom_image_id":[],"footnotes":""},"categories":[475],"tags":[],"class_list":["post-1431","post","type-post","status-publish","format-standard","has-post-thumbnail","category-news"],"_links":{"self":[{"href":"https:\/\/modenafuturacreativa.it\/fr\/wp-json\/wp\/v2\/posts\/1431","targetHints":{"allow":["GET"]}}],"collection":[{"href":"https:\/\/modenafuturacreativa.it\/fr\/wp-json\/wp\/v2\/posts"}],"about":[{"href":"https:\/\/modenafuturacreativa.it\/fr\/wp-json\/wp\/v2\/types\/post"}],"author":[{"embeddable":true,"href":"https:\/\/modenafuturacreativa.it\/fr\/wp-json\/wp\/v2\/users\/1"}],"replies":[{"embeddable":true,"href":"https:\/\/modenafuturacreativa.it\/fr\/wp-json\/wp\/v2\/comments?post=1431"}],"version-history":[{"count":4,"href":"https:\/\/modenafuturacreativa.it\/fr\/wp-json\/wp\/v2\/posts\/1431\/revisions"}],"predecessor-version":[{"id":1444,"href":"https:\/\/modenafuturacreativa.it\/fr\/wp-json\/wp\/v2\/posts\/1431\/revisions\/1444"}],"wp:featuredmedia":[{"embeddable":true,"href":"https:\/\/modenafuturacreativa.it\/fr\/wp-json\/wp\/v2\/media\/1434"}],"wp:attachment":[{"href":"https:\/\/modenafuturacreativa.it\/fr\/wp-json\/wp\/v2\/media?parent=1431"}],"wp:term":[{"taxonomy":"category","embeddable":true,"href":"https:\/\/modenafuturacreativa.it\/fr\/wp-json\/wp\/v2\/categories?post=1431"},{"taxonomy":"post_tag","embeddable":true,"href":"https:\/\/modenafuturacreativa.it\/fr\/wp-json\/wp\/v2\/tags?post=1431"}],"curies":[{"name":"wp","href":"https:\/\/api.w.org\/{rel}","templated":true}]}}