{"id":1341,"date":"2022-09-07T11:49:19","date_gmt":"2022-09-07T09:49:19","guid":{"rendered":"https:\/\/modenafuturacreativa.it\/?p=1341"},"modified":"2025-03-21T14:18:26","modified_gmt":"2025-03-21T13:18:26","slug":"futura-creativa-la-sfida-delle-citta-innovazione-sostenibilita-e-inclusione","status":"publish","type":"post","link":"https:\/\/modenafuturacreativa.it\/fr\/futura-creativa-la-sfida-delle-citta-innovazione-sostenibilita-e-inclusione\/","title":{"rendered":"UN AVENIR CR\u00c9ATIF. Le d\u00e9fi pour les villes : innovation, durabilit\u00e9 et inclusion"},"content":{"rendered":"<div id=\"fws_6a9b7b9bd3890\"  data-column-margin=\"60px\" data-midnight=\"dark\"  class=\"wpb_row vc_row-fluid vc_row\"  style=\"padding-top: 0px; padding-bottom: 0px; \"><div class=\"row-bg-wrap\" data-bg-animation=\"none\" data-bg-animation-delay=\"\" data-bg-overlay=\"false\"><div class=\"inner-wrap row-bg-layer\" ><div class=\"row-bg viewport-desktop\"  style=\"\"><\/div><\/div><\/div><div class=\"row_col_wrap_12 col span_12 dark left\">\n\t<div  class=\"vc_col-sm-12 wpb_column column_container vc_column_container col no-extra-padding inherit_tablet inherit_phone\"  data-padding-pos=\"all\" data-has-bg-color=\"false\" data-bg-color=\"\" data-bg-opacity=\"1\" data-animation=\"\" data-delay=\"0\" >\n\t\t<div class=\"vc_column-inner\" >\n\t\t\t<div class=\"wpb_wrapper\">\n\t\t\t\t<div class=\"img-with-aniamtion-wrap\" data-max-width=\"100%\" data-max-width-mobile=\"default\" data-shadow=\"none\" data-animation=\"fade-in\" >\n      <div class=\"inner\">\n        <div class=\"hover-wrap\"> \n          <div class=\"hover-wrap-inner\">\n            <img loading=\"lazy\" decoding=\"async\" class=\"img-with-animation skip-lazy\" data-delay=\"0\" height=\"796\" width=\"1141\" data-animation=\"fade-in\" src=\"https:\/\/modenafuturacreativa.it\/wp-content\/uploads\/2022\/09\/La-sfida-delle-citta2.jpg\" alt=\"\" srcset=\"https:\/\/modenafuturacreativa.it\/wp-content\/uploads\/2022\/09\/La-sfida-delle-citta2.jpg 1141w, https:\/\/modenafuturacreativa.it\/wp-content\/uploads\/2022\/09\/La-sfida-delle-citta2-300x209.jpg 300w, https:\/\/modenafuturacreativa.it\/wp-content\/uploads\/2022\/09\/La-sfida-delle-citta2-1024x714.jpg 1024w, https:\/\/modenafuturacreativa.it\/wp-content\/uploads\/2022\/09\/La-sfida-delle-citta2-768x536.jpg 768w\" sizes=\"auto, (max-width: 1141px) 100vw, 1141px\" \/>\n          <\/div>\n        <\/div>\n        \n      <\/div>\n    <\/div>\n<div class=\"wpb_text_column wpb_content_element\" >\n\t<p style=\"margin: 0px;\">Le vendredi 11 novembre 2022, de 10h \u00e0 17h, une journ\u00e9e de rencontres, d'\u00e9changes et de d\u00e9bats est pr\u00e9vue \u00e0 l'Open Laboratory de Mod\u00e8ne.<\/p>\n<p style=\"margin: 0px;\"><strong><br \/>\nUN AVENIR CR\u00c9ATIF. Le d\u00e9fi pour les villes : innovation, durabilit\u00e9 et inclusion<\/strong><\/p>\n<p>&nbsp;<\/p>\n<p style=\"margin: 0px;\">Le r\u00e9seau des villes cr\u00e9atives de l'UNESCO et les exp\u00e9riences des territoires pour conduire une \u00e8re de changement.<\/p>\n<p style=\"margin: 0px;\">Mod\u00e8ne dans le circuit international <em>R\u00e9seau des villes cr\u00e9atives de l'UNESCO<\/em> (<em>UCCN<\/em>)<\/p>\n<p>&nbsp;<\/p>\n<div><strong>L'\u00e9v\u00e9nement se d\u00e9roulera en pr\u00e9sence et en direct.<\/strong><\/div>\n<div><\/div>\n<\/div>\n\n\n\n<div class=\"divider-wrap\" data-alignment=\"default\"><div style=\"height: 5vh;\" class=\"divider\"><\/div><\/div>\n\t\t\t<\/div> \n\t\t<\/div>\n\t<\/div> \n<\/div><\/div>","protected":false},"excerpt":{"rendered":"Le vendredi 11 novembre 2022, de 10 heures \u00e0 17 heures, une journ\u00e9e de rencontres, de r\u00e9flexions et de d\u00e9bats est pr\u00e9vue \u00e0 l'Open Laboratory de Mod\u00e8ne. UN AVENIR CR\u00c9ATIF. Le d\u00e9fi de...","protected":false},"author":1,"featured_media":1342,"comment_status":"closed","ping_status":"closed","sticky":false,"template":"","format":"standard","meta":{"wpupg_custom_link":[],"wpupg_custom_link_behaviour":[],"wpupg_custom_link_nofollow":[],"wpupg_custom_image":[],"wpupg_custom_image_id":[],"footnotes":""},"categories":[475],"tags":[],"class_list":["post-1341","post","type-post","status-publish","format-standard","has-post-thumbnail","category-news"],"_links":{"self":[{"href":"https:\/\/modenafuturacreativa.it\/fr\/wp-json\/wp\/v2\/posts\/1341","targetHints":{"allow":["GET"]}}],"collection":[{"href":"https:\/\/modenafuturacreativa.it\/fr\/wp-json\/wp\/v2\/posts"}],"about":[{"href":"https:\/\/modenafuturacreativa.it\/fr\/wp-json\/wp\/v2\/types\/post"}],"author":[{"embeddable":true,"href":"https:\/\/modenafuturacreativa.it\/fr\/wp-json\/wp\/v2\/users\/1"}],"replies":[{"embeddable":true,"href":"https:\/\/modenafuturacreativa.it\/fr\/wp-json\/wp\/v2\/comments?post=1341"}],"version-history":[{"count":2,"href":"https:\/\/modenafuturacreativa.it\/fr\/wp-json\/wp\/v2\/posts\/1341\/revisions"}],"predecessor-version":[{"id":1346,"href":"https:\/\/modenafuturacreativa.it\/fr\/wp-json\/wp\/v2\/posts\/1341\/revisions\/1346"}],"wp:featuredmedia":[{"embeddable":true,"href":"https:\/\/modenafuturacreativa.it\/fr\/wp-json\/wp\/v2\/media\/1342"}],"wp:attachment":[{"href":"https:\/\/modenafuturacreativa.it\/fr\/wp-json\/wp\/v2\/media?parent=1341"}],"wp:term":[{"taxonomy":"category","embeddable":true,"href":"https:\/\/modenafuturacreativa.it\/fr\/wp-json\/wp\/v2\/categories?post=1341"},{"taxonomy":"post_tag","embeddable":true,"href":"https:\/\/modenafuturacreativa.it\/fr\/wp-json\/wp\/v2\/tags?post=1341"}],"curies":[{"name":"wp","href":"https:\/\/api.w.org\/{rel}","templated":true}]}}