{"id":1235,"date":"2022-03-18T11:29:09","date_gmt":"2022-03-18T10:29:09","guid":{"rendered":"https:\/\/modenafuturacreativa.it\/?p=1235"},"modified":"2025-03-21T14:18:26","modified_gmt":"2025-03-21T13:18:26","slug":"e-disponibile-il-dossier-di-candidatura-di-modena-citta-creativa-unesco","status":"publish","type":"post","link":"https:\/\/modenafuturacreativa.it\/fr\/e-disponibile-il-dossier-di-candidatura-di-modena-citta-creativa-unesco\/","title":{"rendered":"Le dossier de candidature de Mod\u00e8ne en tant que ville cr\u00e9ative de l'UNESCO est disponible."},"content":{"rendered":"<div id=\"fws_6a9b7c01d6472\"  data-column-margin=\"60px\" data-midnight=\"dark\"  class=\"wpb_row vc_row-fluid vc_row\"  style=\"padding-top: 0px; padding-bottom: 0px; \"><div class=\"row-bg-wrap\" data-bg-animation=\"none\" data-bg-animation-delay=\"\" data-bg-overlay=\"false\"><div class=\"inner-wrap row-bg-layer\" ><div class=\"row-bg viewport-desktop\"  style=\"\"><\/div><\/div><\/div><div class=\"row_col_wrap_12 col span_12 dark left\">\n\t<div  class=\"vc_col-sm-12 wpb_column column_container vc_column_container col no-extra-padding inherit_tablet inherit_phone\"  data-padding-pos=\"all\" data-has-bg-color=\"false\" data-bg-color=\"\" data-bg-opacity=\"1\" data-animation=\"\" data-delay=\"0\" >\n\t\t<div class=\"vc_column-inner\" >\n\t\t\t<div class=\"wpb_wrapper\">\n\t\t\t\t<div class=\"img-with-aniamtion-wrap\" data-max-width=\"100%\" data-max-width-mobile=\"default\" data-shadow=\"none\" data-animation=\"fade-in\" >\n      <div class=\"inner\">\n        <div class=\"hover-wrap\"> \n          <div class=\"hover-wrap-inner\">\n            <img loading=\"lazy\" decoding=\"async\" class=\"img-with-animation skip-lazy\" data-delay=\"0\" height=\"796\" width=\"1141\" data-animation=\"fade-in\" src=\"https:\/\/modenafuturacreativa.it\/wp-content\/uploads\/2022\/03\/dossier-modena-citta-creativa2.jpg\" alt=\"\" srcset=\"https:\/\/modenafuturacreativa.it\/wp-content\/uploads\/2022\/03\/dossier-modena-citta-creativa2.jpg 1141w, https:\/\/modenafuturacreativa.it\/wp-content\/uploads\/2022\/03\/dossier-modena-citta-creativa2-300x209.jpg 300w, https:\/\/modenafuturacreativa.it\/wp-content\/uploads\/2022\/03\/dossier-modena-citta-creativa2-1024x714.jpg 1024w, https:\/\/modenafuturacreativa.it\/wp-content\/uploads\/2022\/03\/dossier-modena-citta-creativa2-768x536.jpg 768w\" sizes=\"auto, (max-width: 1141px) 100vw, 1141px\" \/>\n          <\/div>\n        <\/div>\n        \n      <\/div>\n    <\/div>\n<div class=\"wpb_text_column wpb_content_element\" >\n\t<p><strong>Le chemin qui a conduit \u00e0 la candidature puis \u00e0 la nomination de Mod\u00e8ne en tant que ville cr\u00e9ative de l'UNESCO a \u00e9t\u00e9 le r\u00e9sultat d'un grand effort collectif.<\/strong><\/p>\n<p>Nous nous sommes concentr\u00e9s sur l'innovation num\u00e9rique, l'intelligence artificielle, les nouveaux produits culturels et les projets technologiquement avanc\u00e9s appliqu\u00e9s \u00e0 la musique, aux arts visuels, au th\u00e9\u00e2tre et \u00e0 l'\u00e9ducation. C'est un processus que nous avons men\u00e9 au milieu de la pand\u00e9mie, dans cette double voie qui nous a permis de faire face \u00e0 l'urgence d'une part et de planifier la normalit\u00e9 post-pand\u00e9mique d'autre part. La nomination a reconnu l'excellence de Mod\u00e8ne dans ce secteur et, avant cela, la qualit\u00e9 de la culture r\u00e9pandue dans notre ville. Une ville qui n'abandonne pas, qui croit en l'avenir et donc le planifie, et qui voit pr\u00e9cis\u00e9ment dans la culture un axe de red\u00e9marrage, avec une fonction strat\u00e9gique d\u00e9cisive pour rester grande dans les d\u00e9cennies \u00e0 venir.<\/p>\n<p><strong>Gian Carlo Muzzarelli, maire de Mod\u00e8ne<\/strong><\/p>\n<\/div>\n\n\n\n<div class=\"divider-wrap\" data-alignment=\"default\"><div style=\"height: 5vh;\" class=\"divider\"><\/div><\/div><div class=\"nectar-cta freccia alignment_tablet_default alignment_phone_default display_tablet_inherit display_phone_inherit\" data-color=\"default\" data-using-bg=\"false\" data-display=\"block\" data-style=\"underline\" data-alignment=\"left\" data-text-color=\"custom\" style=\"--nectar-text-color: #0054ff; --nectar-button-color: var(--nectar-default); --nectar-icon-gap: 10px; \"><h5 style=\"color: #0054ff;\"> <span class=\"link_wrap\" ><a target=\"_blank\" class=\"link_text\" style=\"border-color: #0054ff;\" role=\"button\" href=\"https:\/\/modenafuturacreativa.it\/wp-content\/uploads\/2022\/03\/ModenaCittaCreativaUnesco_DossierDiCandidatura.pdf\">T\u00e9l\u00e9charger le dossier de candidature 2021<\/a><\/span><\/h5><\/div>\n\t\t\t<\/div> \n\t\t<\/div>\n\t<\/div> \n<\/div><\/div>","protected":false},"excerpt":{"rendered":"Le chemin qui a conduit \u00e0 la candidature puis \u00e0 la nomination de Mod\u00e8ne en tant que ville cr\u00e9ative de l'UNESCO est le r\u00e9sultat d'un grand effort collectif. Nous nous sommes concentr\u00e9s sur l'innovation...","protected":false},"author":1,"featured_media":1236,"comment_status":"closed","ping_status":"closed","sticky":false,"template":"","format":"standard","meta":{"wpupg_custom_link":[],"wpupg_custom_link_behaviour":[],"wpupg_custom_link_nofollow":[],"wpupg_custom_image":[],"wpupg_custom_image_id":[],"footnotes":""},"categories":[475],"tags":[],"class_list":["post-1235","post","type-post","status-publish","format-standard","has-post-thumbnail","category-news"],"_links":{"self":[{"href":"https:\/\/modenafuturacreativa.it\/fr\/wp-json\/wp\/v2\/posts\/1235","targetHints":{"allow":["GET"]}}],"collection":[{"href":"https:\/\/modenafuturacreativa.it\/fr\/wp-json\/wp\/v2\/posts"}],"about":[{"href":"https:\/\/modenafuturacreativa.it\/fr\/wp-json\/wp\/v2\/types\/post"}],"author":[{"embeddable":true,"href":"https:\/\/modenafuturacreativa.it\/fr\/wp-json\/wp\/v2\/users\/1"}],"replies":[{"embeddable":true,"href":"https:\/\/modenafuturacreativa.it\/fr\/wp-json\/wp\/v2\/comments?post=1235"}],"version-history":[{"count":8,"href":"https:\/\/modenafuturacreativa.it\/fr\/wp-json\/wp\/v2\/posts\/1235\/revisions"}],"predecessor-version":[{"id":1245,"href":"https:\/\/modenafuturacreativa.it\/fr\/wp-json\/wp\/v2\/posts\/1235\/revisions\/1245"}],"wp:featuredmedia":[{"embeddable":true,"href":"https:\/\/modenafuturacreativa.it\/fr\/wp-json\/wp\/v2\/media\/1236"}],"wp:attachment":[{"href":"https:\/\/modenafuturacreativa.it\/fr\/wp-json\/wp\/v2\/media?parent=1235"}],"wp:term":[{"taxonomy":"category","embeddable":true,"href":"https:\/\/modenafuturacreativa.it\/fr\/wp-json\/wp\/v2\/categories?post=1235"},{"taxonomy":"post_tag","embeddable":true,"href":"https:\/\/modenafuturacreativa.it\/fr\/wp-json\/wp\/v2\/tags?post=1235"}],"curies":[{"name":"wp","href":"https:\/\/api.w.org\/{rel}","templated":true}]}}