{"id":994,"date":"2021-12-07T09:21:26","date_gmt":"2021-12-07T08:21:26","guid":{"rendered":"https:\/\/modenafuturacreativa.it\/?p=994"},"modified":"2025-03-21T14:18:26","modified_gmt":"2025-03-21T13:18:26","slug":"ultimo-dellanno-2021-un-cartellone-di-eventi-per-la-festa","status":"publish","type":"post","link":"https:\/\/modenafuturacreativa.it\/es\/ultimo-dellanno-2021-un-cartellone-di-eventi-per-la-festa\/","title":{"rendered":"\u00daLTIMO DEL A\u00d1O 2021, UN PROGRAMA DE ACTOS PARA LA FESTIVIDAD"},"content":{"rendered":"<div id=\"fws_6a9b7b8a2ceb5\"  data-column-margin=\"60px\" data-midnight=\"dark\"  class=\"wpb_row vc_row-fluid vc_row\"  style=\"padding-top: 0px; padding-bottom: 0px; \"><div class=\"row-bg-wrap\" data-bg-animation=\"none\" data-bg-animation-delay=\"\" data-bg-overlay=\"false\"><div class=\"inner-wrap row-bg-layer\" ><div class=\"row-bg viewport-desktop\"  style=\"\"><\/div><\/div><\/div><div class=\"row_col_wrap_12 col span_12 dark left\">\n\t<div  class=\"vc_col-sm-12 wpb_column column_container vc_column_container col no-extra-padding inherit_tablet inherit_phone\"  data-padding-pos=\"all\" data-has-bg-color=\"false\" data-bg-color=\"\" data-bg-opacity=\"1\" data-animation=\"\" data-delay=\"0\" >\n\t\t<div class=\"vc_column-inner\" >\n\t\t\t<div class=\"wpb_wrapper\">\n\t\t\t\t\n\t<div class=\"wpb_gallery wpb_content_element clearfix\">\n\t\t<div class=\"wpb_wrapper\"><div class=\"wpb_gallery_slidesflickity_style\" data-onclick=\"link_image\" data-interval=\"5\"><div class=\"nectar-flickity not-initialized\" role=\"region\" aria-roledescription=\"carousel\" aria-label=\"Galer\u00eda de im\u00e1genes\"  data-touch-icon-color=\"default\" data-stagger=\"\" data-drag-scale=\"\" data-overflow=\"hidden\" data-wrap=\"wrap\" data-spacing=\"default\" data-shadow=\"large_depth\" data-autoplay=\"true\" data-autoplay-dur=\"\" data-free-scroll=\"\" data-controls=\"material_pagination\" data-desktop-columns=\"1\" data-small-desktop-columns=\"1\" data-tablet-columns=\"1\" data-phone-columns=\"default\"><div class=\"flickity-viewport\"> <div class=\"flickity-slider\"><div class=\"cell\" data-lazy=\"false\"><img decoding=\"async\" class=\"skip-lazy nectar-lazy\" src=\"https:\/\/modenafuturacreativa.it\/wp-content\/uploads\/2021\/12\/foto-Colapescedimartino000567-600x400.jpg\" width=\"600\" height=\"400\" alt=\"foto Colapescedimartino000567\" title=\"foto Colapescedimartino000567\" loading=\"lazy\" \/><a class=\"entire-slide-link\" aria-label=\"foto Colapescedimartino000567\"  href=\"https:\/\/modenafuturacreativa.it\/wp-content\/uploads\/2021\/12\/foto-Colapescedimartino000567.jpg\"><\/a><\/div><div class=\"cell\" data-lazy=\"false\"><img decoding=\"async\" class=\"skip-lazy nectar-lazy\" src=\"https:\/\/modenafuturacreativa.it\/wp-content\/uploads\/2021\/12\/duomoModena-2021-11-18-120447-600x400.jpg\" width=\"600\" height=\"400\" alt=\"duomoModena 2021-11-18 120447\" title=\"catedralModena 2021-11-18 120447\" loading=\"lazy\" \/><a class=\"entire-slide-link\" aria-label=\"catedralModena 2021-11-18 120447\"  href=\"https:\/\/modenafuturacreativa.it\/wp-content\/uploads\/2021\/12\/duomoModena-2021-11-18-120447.jpg\"><\/a><\/div><div class=\"cell\" data-lazy=\"false\"><img decoding=\"async\" class=\"skip-lazy nectar-lazy\" src=\"https:\/\/modenafuturacreativa.it\/wp-content\/uploads\/2021\/12\/duomoModena-2021-11-18-120018-600x400.jpg\" width=\"600\" height=\"400\" alt=\"duomoModena 2021-11-18 120018\" title=\"c\u00fapulaModena 2021-11-18 120018\" loading=\"lazy\" \/><a class=\"entire-slide-link\" aria-label=\"c\u00fapulaModena 2021-11-18 120018\"  href=\"https:\/\/modenafuturacreativa.it\/wp-content\/uploads\/2021\/12\/duomoModena-2021-11-18-120018.jpg\"><\/a><\/div><\/div><\/div><\/div><\/div>\n\t\t<\/div> \n\t<\/div> \n<div class=\"wpb_text_column wpb_content_element\" >\n\t<p><strong>En el Teatro Comunale ColapesceDimartino en concierto, el Duomo se anima con luces y colores y espect\u00e1culos para adultos y ni\u00f1os con Teatro Nelle Foglie<\/strong><\/p>\n<p>ColapesceDimartino en concierto en el Teatro Comunale, el Duomo cobrando vida con luces y colores, y una compa\u00f1\u00eda de teatro circense en el Parque Ferrari: las celebraciones de Nochevieja de 2021 no s\u00f3lo durar\u00e1n hasta el 31 de diciembre, sino que se convertir\u00e1n en un programa de Nochevieja que se prolongar\u00e1 hasta el domingo 2 de enero, acompa\u00f1ando a los habitantes de M\u00f3dena en el A\u00f1o Nuevo.<\/p>\n<p>El programa de la obra se titula \"e quindi uscimmo a riveder le stelle...\", para saludar el \u00faltimo d\u00eda de 2021 recordando a Dante, en el 700 aniversario de su muerte, con el \u00faltimo verso del Infierno, cuando el poeta y Virgilio salen a la intemperie bajo un cielo nocturno estrellado. Promovido por el Ayuntamiento de M\u00f3dena, con la contribuci\u00f3n de la Fondazione di Modena, el proyecto (dotado con 130.000 euros, incluidos los costes para garantizar las medidas de seguridad contra los c\u00f3vidos) est\u00e1 comisariado por Ater Fondazione.<\/p>\n<p>Con gran alegr\u00eda volvemos en directo\", comenta la concejala de Cultura, Andrea Bortolamasi, \"con un festival seguro y pensado para todos, que combina diferentes lenguajes culturales en una contaminaci\u00f3n de m\u00fasica, teatro y artes medi\u00e1ticas. Un festival que se desarrollar\u00e1 durante varios d\u00edas en distintos lugares de la ciudad para restablecer los lazos y las relaciones comunitarias que Covid ha roto. El teatro, nuestra sede de la Unesco, un teatro en un parque\", contin\u00faa, \"son los lugares que hemos elegido para acompa\u00f1ar a la ciudad en 2022. La decisi\u00f3n de proyectar el mapping en el Duomo, tras el reconocimiento de M\u00f3dena como ciudad creativa de la Unesco para las artes medi\u00e1ticas, representa la uni\u00f3n del pasado, el presente y el futuro de nuestra comunidad\".<\/p>\n<p>Roberto De Lellis, director de Ater Fondazione, subraya que \"la fuerza de la poes\u00eda de Dante, la maravilla de las im\u00e1genes que colorean el Duomo, la fragilidad de una carpa de circo y la m\u00fasica ligera de dos cantautores sicilianos son los elementos que componen esta Nochevieja especial en M\u00f3dena. La velada, que hemos decidido titular con el \u00faltimo verso de Inferno \"e quindi uscimmo a riveder le stelle\" ser\u00e1 un gran rito propiciatorio que encuentra en las palabras de nuestro mayor poeta un aliento para mirar hacia adelante y salir a la luz tras la oscuridad de una larga y dolorosa traves\u00eda\".<\/p>\n<p>Y ser\u00e1 precisamente el \u00faltimo canto del Infierno el tema del mon\u00f3logo de la actriz Lucilla Giagnoni, que el 31 de diciembre abrir\u00e1 el evento en el Teatro Comunale, utilizando las palabras de Dante para dejar atr\u00e1s simb\u00f3licamente las dificultades de 2021 y entrar en 2022 con esperanza. A partir de las 22.30 horas, Colapesce y Dimartino, los dos cantautores consagrados este a\u00f1o por el Festival de Sanremo con el single \"Musica leggerissima\", subir\u00e1n al escenario para un concierto que terminar\u00e1 justo a tiempo para los saludos de medianoche. El concierto es de entrada gratuita, previa reserva.<\/p>\n<p>Desde la tarde del 31 de diciembre y hasta el 2 de enero, el lado de la catedral que da a la Piazza Grande se ver\u00e1 realzado por la proyecci\u00f3n, a intervalos regulares, de un videomapping creado por el dise\u00f1ador de iluminaci\u00f3n Carlo Cerri que llevar\u00e1 al p\u00fablico por un viaje de luz en el que la percepci\u00f3n del espectador se ver\u00e1 estimulada por la ilusi\u00f3n de una realidad que va m\u00e1s all\u00e1 de lo real.<\/p>\n<p>Y los mismos d\u00edas, en la carpa del Parque Ferrari, los artistas del Teatro Nelle Foglie dar\u00e1n vida a un animado circo que combina la fuerza del teatro de calle y la poes\u00eda del teatro de figuras, incluyendo acrobacias, malabares y diversi\u00f3n en un espect\u00e1culo, de entrada gratuita, pensado para ni\u00f1os y familias y repetido en varias r\u00e9plicas.<\/p>\n<p>Encontrar\u00e1 informaci\u00f3n detallada sobre el programa de A\u00f1o Nuevo y c\u00f3mo participar en la p\u00e1gina web del Ayuntamiento de M\u00f3dena (<a href=\"http:\/\/www.comune.modena.it\/capodanno2022\" target=\"_blank\" rel=\"noopener\">www.comune.modena.it\/capodanno2022<\/a>).<\/p>\n<\/div>\n\n\n\n\n\t\t\t<\/div> \n\t\t<\/div>\n\t<\/div> \n<\/div><\/div>","protected":false},"excerpt":{"rendered":"En el Teatro Comunale ColapesceDimartino en concierto, el Duomo cobra vida con luces y colores y espect\u00e1culos para adultos y ni\u00f1os con el Teatro Nelle Foglie ColapesceDimartino en concierto en el...","protected":false},"author":1,"featured_media":995,"comment_status":"closed","ping_status":"closed","sticky":false,"template":"","format":"standard","meta":{"wpupg_custom_link":[],"wpupg_custom_link_behaviour":[],"wpupg_custom_link_nofollow":[],"wpupg_custom_image":[],"wpupg_custom_image_id":[],"footnotes":""},"categories":[475],"tags":[],"class_list":["post-994","post","type-post","status-publish","format-standard","has-post-thumbnail","category-news"],"_links":{"self":[{"href":"https:\/\/modenafuturacreativa.it\/es\/wp-json\/wp\/v2\/posts\/994","targetHints":{"allow":["GET"]}}],"collection":[{"href":"https:\/\/modenafuturacreativa.it\/es\/wp-json\/wp\/v2\/posts"}],"about":[{"href":"https:\/\/modenafuturacreativa.it\/es\/wp-json\/wp\/v2\/types\/post"}],"author":[{"embeddable":true,"href":"https:\/\/modenafuturacreativa.it\/es\/wp-json\/wp\/v2\/users\/1"}],"replies":[{"embeddable":true,"href":"https:\/\/modenafuturacreativa.it\/es\/wp-json\/wp\/v2\/comments?post=994"}],"version-history":[{"count":2,"href":"https:\/\/modenafuturacreativa.it\/es\/wp-json\/wp\/v2\/posts\/994\/revisions"}],"predecessor-version":[{"id":1000,"href":"https:\/\/modenafuturacreativa.it\/es\/wp-json\/wp\/v2\/posts\/994\/revisions\/1000"}],"wp:featuredmedia":[{"embeddable":true,"href":"https:\/\/modenafuturacreativa.it\/es\/wp-json\/wp\/v2\/media\/995"}],"wp:attachment":[{"href":"https:\/\/modenafuturacreativa.it\/es\/wp-json\/wp\/v2\/media?parent=994"}],"wp:term":[{"taxonomy":"category","embeddable":true,"href":"https:\/\/modenafuturacreativa.it\/es\/wp-json\/wp\/v2\/categories?post=994"},{"taxonomy":"post_tag","embeddable":true,"href":"https:\/\/modenafuturacreativa.it\/es\/wp-json\/wp\/v2\/tags?post=994"}],"curies":[{"name":"wp","href":"https:\/\/api.w.org\/{rel}","templated":true}]}}