{"id":982,"date":"2021-12-07T09:13:44","date_gmt":"2021-12-07T08:13:44","guid":{"rendered":"https:\/\/modenafuturacreativa.it\/?p=982"},"modified":"2025-03-21T14:18:26","modified_gmt":"2025-03-21T13:18:26","slug":"arti-digitali-e-linguaggi-innovativi-torna-node","status":"publish","type":"post","link":"https:\/\/modenafuturacreativa.it\/es\/arti-digitali-e-linguaggi-innovativi-torna-node\/","title":{"rendered":"ARTES DIGITALES Y LENGUAJES INNOVADORES, VUELVE EL \"NODO"},"content":{"rendered":"<div id=\"fws_6a9b7b89574bf\"  data-column-margin=\"60px\" data-midnight=\"dark\"  class=\"wpb_row vc_row-fluid vc_row\"  style=\"padding-top: 0px; padding-bottom: 0px; \"><div class=\"row-bg-wrap\" data-bg-animation=\"none\" data-bg-animation-delay=\"\" data-bg-overlay=\"false\"><div class=\"inner-wrap row-bg-layer\" ><div class=\"row-bg viewport-desktop\"  style=\"\"><\/div><\/div><\/div><div class=\"row_col_wrap_12 col span_12 dark left\">\n\t<div  class=\"vc_col-sm-12 wpb_column column_container vc_column_container col no-extra-padding inherit_tablet inherit_phone\"  data-padding-pos=\"all\" data-has-bg-color=\"false\" data-bg-color=\"\" data-bg-opacity=\"1\" data-animation=\"\" data-delay=\"0\" >\n\t\t<div class=\"vc_column-inner\" >\n\t\t\t<div class=\"wpb_wrapper\">\n\t\t\t\t\n\t<div class=\"wpb_gallery wpb_content_element clearfix\">\n\t\t<div class=\"wpb_wrapper\"><div class=\"wpb_gallery_slidesflickity_style\" data-onclick=\"link_image\" data-interval=\"5\"><div class=\"nectar-flickity not-initialized\" role=\"region\" aria-roledescription=\"carousel\" aria-label=\"Galer\u00eda de im\u00e1genes\"  data-touch-icon-color=\"default\" data-stagger=\"\" data-drag-scale=\"\" data-overflow=\"hidden\" data-wrap=\"wrap\" data-spacing=\"default\" data-shadow=\"large_depth\" data-autoplay=\"true\" data-autoplay-dur=\"\" data-free-scroll=\"\" data-controls=\"material_pagination\" data-desktop-columns=\"1\" data-small-desktop-columns=\"1\" data-tablet-columns=\"1\" data-phone-columns=\"default\"><div class=\"flickity-viewport\"> <div class=\"flickity-slider\"><div class=\"cell\" data-lazy=\"false\"><img decoding=\"async\" class=\"skip-lazy nectar-lazy\" src=\"https:\/\/modenafuturacreativa.it\/wp-content\/uploads\/2021\/12\/maria-w-horn-600x400.jpg\" width=\"600\" height=\"400\" alt=\"maria w horn\" title=\"maria w cuerno\" loading=\"lazy\" \/><a class=\"entire-slide-link\" aria-label=\"maria w cuerno\"  href=\"https:\/\/modenafuturacreativa.it\/wp-content\/uploads\/2021\/12\/maria-w-horn.jpg\"><\/a><\/div><div class=\"cell\" data-lazy=\"false\"><img decoding=\"async\" class=\"skip-lazy nectar-lazy\" src=\"https:\/\/modenafuturacreativa.it\/wp-content\/uploads\/2021\/12\/Transient__N-5-600x400.jpg\" width=\"600\" height=\"400\" alt=\"Transient__N -5\" title=\"Transitorio__N -5\" loading=\"lazy\" \/><a class=\"entire-slide-link\" aria-label=\"Transitorio__N -5\"  href=\"https:\/\/modenafuturacreativa.it\/wp-content\/uploads\/2021\/12\/Transient__N-5.jpg\"><\/a><\/div><div class=\"cell\" data-lazy=\"false\"><img decoding=\"async\" class=\"skip-lazy nectar-lazy\" src=\"https:\/\/modenafuturacreativa.it\/wp-content\/uploads\/2021\/12\/Soma-FJBonnet-c-Eleonore-Huisse-Light-600x400.jpg\" width=\"600\" height=\"400\" alt=\"Soma-FJBonnet -c- Eleonore Huisse Light\" title=\"Soma-FJBonnet -c- Eleonore Huisse Luz\" loading=\"lazy\" \/><a class=\"entire-slide-link\" aria-label=\"Soma-FJBonnet -c- Eleonore Huisse Luz\"  href=\"https:\/\/modenafuturacreativa.it\/wp-content\/uploads\/2021\/12\/Soma-FJBonnet-c-Eleonore-Huisse-Light.jpg\"><\/a><\/div><div class=\"cell\" data-lazy=\"false\"><img decoding=\"async\" class=\"skip-lazy nectar-lazy\" src=\"https:\/\/modenafuturacreativa.it\/wp-content\/uploads\/2021\/12\/Roly-Porter_MFO-KISTVAEN-Contemporary-future-Westland-600x400.jpg\" width=\"600\" height=\"400\" alt=\"Roly Porter_MFO - KISTVAEN - Contemporary future - Westland\" title=\"Roly Porter_MFO - KISTVAEN - Futuro contempor\u00e1neo - Westland\" loading=\"lazy\" \/><a class=\"entire-slide-link\" aria-label=\"Roly Porter_MFO - KISTVAEN - Futuro contempor\u00e1neo - Westland\"  href=\"https:\/\/modenafuturacreativa.it\/wp-content\/uploads\/2021\/12\/Roly-Porter_MFO-KISTVAEN-Contemporary-future-Westland.jpg\"><\/a><\/div><div class=\"cell\" data-lazy=\"false\"><img decoding=\"async\" class=\"skip-lazy nectar-lazy\" src=\"https:\/\/modenafuturacreativa.it\/wp-content\/uploads\/2021\/12\/robert-henke-LNCHMT_20_NG_FRI_Jakub_Dolezal-4-600x400.jpeg\" width=\"600\" height=\"400\" alt=\"robert henke -LNCHMT_20_NG_FRI_Jakub_Dolezal-4\" title=\"robert henke -LNCHMT_20_NG_FRI_Jakub_Dolezal-4\" loading=\"lazy\" \/><a class=\"entire-slide-link\" aria-label=\"robert henke -LNCHMT_20_NG_FRI_Jakub_Dolezal-4\"  href=\"https:\/\/modenafuturacreativa.it\/wp-content\/uploads\/2021\/12\/robert-henke-LNCHMT_20_NG_FRI_Jakub_Dolezal-4.jpeg\"><\/a><\/div><div class=\"cell\" data-lazy=\"false\"><img decoding=\"async\" class=\"skip-lazy nectar-lazy\" src=\"https:\/\/modenafuturacreativa.it\/wp-content\/uploads\/2021\/12\/kurokawa_sa_photo_01-600x400.jpg\" width=\"600\" height=\"400\" alt=\"kurokawa_sa_photo_01\" title=\"kurokawa_sa_photo_01\" loading=\"lazy\" \/><a class=\"entire-slide-link\" aria-label=\"kurokawa_sa_photo_01\"  href=\"https:\/\/modenafuturacreativa.it\/wp-content\/uploads\/2021\/12\/kurokawa_sa_photo_01.jpg\"><\/a><\/div><\/div><\/div><\/div><\/div>\n\t\t<\/div> \n\t<\/div> \n<div class=\"wpb_text_column wpb_content_element\" >\n\t<p><strong>Del martes 7 al viernes 10 de diciembre, la d\u00e9cima edici\u00f3n del Festival vuelve en directo al Teatro Storchi y al cine Astra con artistas hist\u00f3ricos y primeras apariciones<\/strong><\/p>\n<p>Paisajes digitales hiperrealistas y sugestiones ancestrales, tecnolog\u00edas obsoletas llevadas al l\u00edmite de lo posible y sonidos multicapa, ambient, electroac\u00fastica, minimalismo, orden y caos. Node, el festival de artes digitales y m\u00fasica electr\u00f3nica, vuelve en directo. Del martes 7 al viernes 10 de diciembre, celebra su d\u00e9cima edici\u00f3n creando un peque\u00f1o pero abigarrado microcosmos sint\u00e9tico, concebido como una summa de lo construido hasta ahora. Movi\u00e9ndose entre el Teatro Storchi, el cine Astra y la Iglesia de Jes\u00fas Redentor, el festival ofrece un programa compuesto por una multitud de lenguajes, c\u00f3digos y formas, que incluye bienvenidos regresos de artistas hist\u00f3ricos y primeras apariciones.<\/p>\n<p>El festival, realizado por Lemniscata y fuse*, con la contribuci\u00f3n del Ayuntamiento de M\u00f3dena, la Regi\u00f3n de Emilia Roma\u00f1a y la Fondazione di Modena, se ha presentado esta ma\u00f1ana, mi\u00e9rcoles 1 de diciembre, en una rueda de prensa en el cine Astra en la que han participado el concejal de Cultura, Andrea Bortolamasi, el director art\u00edstico del Festival, Filippo Aldovini, Mattia Carretti, codirector de fuse*, y Oderso Rubini por la Regi\u00f3n.<\/p>\n<p>Como coment\u00f3 el concejal Bortolamasi, 'el regreso de Node live es una magn\u00edfica noticia, fruto de un trabajo que ha ido creciendo a lo largo de los a\u00f1os y que nos permite celebrar la d\u00e9cima edici\u00f3n con una programaci\u00f3n de gran calidad'. El festival, con su mezcla de lenguajes que miran al futuro\", a\u00f1adi\u00f3, \"es una pieza m\u00e1s de la ciudad creativa que experimenta e innova en las artes medi\u00e1ticas\". Filippo Aldovini destac\u00f3 asimismo c\u00f3mo Node prosigue su \"trayectoria de crecimiento y transformaci\u00f3n, dando muestras de una vitalidad renovada y preciosa que sorprende por su capacidad para mantener la fe tanto en su vocaci\u00f3n vinculada a la investigaci\u00f3n m\u00e1s radical como en el car\u00e1cter internacional del festival\". La d\u00e9cima edici\u00f3n, prosigui\u00f3, es una forma de \"celebrar y recorrer lo que Node ha compartido m\u00e1s preciadamente con su p\u00fablico y la comunidad de M\u00f3dena a lo largo de los a\u00f1os, invitando de nuevo a la ciudad a algunos de los artistas que m\u00e1s han marcado la historia del festival junto con primeras apariciones y exclusivas nacionales\".<\/p>\n<p>Node debuta en el Teatro Storchi el martes 7 de diciembre con el regreso de Ryoichi Kurokawa, que contin\u00faa su andadura en el festival presentando \"subassemblies\", su \u00faltimo proyecto a\/v en el que im\u00e1genes de edificios en ruinas y espacios en desuso recuperados por la naturaleza son renderizadas mediante tecnolog\u00edas 3D, creando una realidad h\u00edbrida y din\u00e1mica en constante equilibrio entre el orden y el caos. El contrapunto perfecto a la actuaci\u00f3n de Kurokawa ser\u00e1 el intercambio entre el m\u00fasico y te\u00f3rico electroac\u00fastico franc\u00e9s Fran\u00e7ois J. Bonnet, alias Kassel Jaeger, y el compositor, productor y fundador de Sunn O))) Stephen O'Malley, que evocar\u00e1n la calma que precede a la tormenta desplegando lentamente una vasta llanura glaciar sobre el p\u00fablico.<\/p>\n<p>Tambi\u00e9n en el Storchi, el mi\u00e9rcoles 8 de diciembre, Quayola vuelve a Node junto con Andrea Santicchia aka SETA para presentar \"Transient - Impermanent Paintings\", un d\u00fao de pianos motorizados y proyecciones de v\u00eddeo, que combina elementos humanos y tecnol\u00f3gicos a trav\u00e9s de un sistema de algoritmos generativos poco convencionales. Le seguir\u00e1 \"kistvaen\", la performance de Roly Porter y MFO, que a partir de monumentos funerarios precristianos injerta una narraci\u00f3n sonora y visual, entre grabaciones de campo, instrumentaci\u00f3n folcl\u00f3rica, elaboraciones digitales, im\u00e1genes cinematogr\u00e1ficas y dibujos luminosos, en la que entra la voz de Mary-Anne Roberts, int\u00e9rprete de cantos rituales de la tradici\u00f3n funeraria galesa.<\/p>\n<p>El 9 de diciembre, en el cine Astra, el ingeniero de sonido y m\u00fasico alem\u00e1n Robert Henke vuelve para presentar \"CBM 8032 AV\", un espect\u00e1culo audiovisual que lleva a cinco Commodore CBM 8032 al l\u00edmite de sus tecnolog\u00edas entre variaciones de ruido y ondas sinusoidales digitales.<\/p>\n<p>Se clausura el 10 de diciembre en la Iglesia de Jes\u00fas Redentor (en Via Leonardo da Vinci) con \"Dies Irae\", una pieza para cuarteto vocal femenino y electr\u00f3nica de la compositora sueca Maria W Horn que se abre con un coro y concluye con una improvisaci\u00f3n para c\u00e1lices armonizados, voz y electr\u00f3nica.<\/p>\n<p>Todas las citas son previa reserva y para algunas tambi\u00e9n hay que pagar entrada. Las reservas y entradas pueden hacerse en l\u00ednea en el sitio web del Nodo (<a href=\"http:\/\/www.nodefestival.com\/archivio\/2021\/biglietti\" target=\"_blank\" rel=\"noopener\">www.nodefestival.com\/archivio\/2021\/biglietti<\/a>).<\/p>\n<p>La imagen del Nodo 2021 es obra de la artista eslovena Natalia Trejbalova. \"Centerpiece 3 (Greetings from Rachael)\" forma parte de una serie de esculturas dise\u00f1adas para habitar los entornos de un futuro indeterminado, en el que la vida org\u00e1nica tal y como la conocemos ha dado paso a formas h\u00edbridas que no pueden catalogarse. Representan peque\u00f1os mundos sint\u00e9ticos, naturalezas muertas fijadas en el tiempo, reliquias de otra dimensi\u00f3n, destinadas a ser contempladas eternamente en el mismo estado.<\/p>\n<\/div>\n\n\n\n\n\t\t\t<\/div> \n\t\t<\/div>\n\t<\/div> \n<\/div><\/div>","protected":false},"excerpt":{"rendered":"Del martes 7 al viernes 10 de diciembre, la d\u00e9cima edici\u00f3n del Festival vuelve en directo al Teatro Storchi y al cine Astra con artistas hist\u00f3ricos y primicias Paesaggi...","protected":false},"author":1,"featured_media":983,"comment_status":"closed","ping_status":"closed","sticky":false,"template":"","format":"standard","meta":{"wpupg_custom_link":[],"wpupg_custom_link_behaviour":[],"wpupg_custom_link_nofollow":[],"wpupg_custom_image":[],"wpupg_custom_image_id":[],"footnotes":""},"categories":[475],"tags":[],"class_list":["post-982","post","type-post","status-publish","format-standard","has-post-thumbnail","category-news"],"_links":{"self":[{"href":"https:\/\/modenafuturacreativa.it\/es\/wp-json\/wp\/v2\/posts\/982","targetHints":{"allow":["GET"]}}],"collection":[{"href":"https:\/\/modenafuturacreativa.it\/es\/wp-json\/wp\/v2\/posts"}],"about":[{"href":"https:\/\/modenafuturacreativa.it\/es\/wp-json\/wp\/v2\/types\/post"}],"author":[{"embeddable":true,"href":"https:\/\/modenafuturacreativa.it\/es\/wp-json\/wp\/v2\/users\/1"}],"replies":[{"embeddable":true,"href":"https:\/\/modenafuturacreativa.it\/es\/wp-json\/wp\/v2\/comments?post=982"}],"version-history":[{"count":5,"href":"https:\/\/modenafuturacreativa.it\/es\/wp-json\/wp\/v2\/posts\/982\/revisions"}],"predecessor-version":[{"id":1001,"href":"https:\/\/modenafuturacreativa.it\/es\/wp-json\/wp\/v2\/posts\/982\/revisions\/1001"}],"wp:featuredmedia":[{"embeddable":true,"href":"https:\/\/modenafuturacreativa.it\/es\/wp-json\/wp\/v2\/media\/983"}],"wp:attachment":[{"href":"https:\/\/modenafuturacreativa.it\/es\/wp-json\/wp\/v2\/media?parent=982"}],"wp:term":[{"taxonomy":"category","embeddable":true,"href":"https:\/\/modenafuturacreativa.it\/es\/wp-json\/wp\/v2\/categories?post=982"},{"taxonomy":"post_tag","embeddable":true,"href":"https:\/\/modenafuturacreativa.it\/es\/wp-json\/wp\/v2\/tags?post=982"}],"curies":[{"name":"wp","href":"https:\/\/api.w.org\/{rel}","templated":true}]}}