{"id":952,"date":"2021-11-09T13:10:14","date_gmt":"2021-11-09T12:10:14","guid":{"rendered":"https:\/\/modenafuturacreativa.it\/?p=952"},"modified":"2025-03-21T14:18:27","modified_gmt":"2025-03-21T13:18:27","slug":"modena-e-citta-creativa-unesco-per-le-media-arts","status":"publish","type":"post","link":"https:\/\/modenafuturacreativa.it\/es\/modena-e-citta-creativa-unesco-per-le-media-arts\/","title":{"rendered":"MODENA, CIUDAD CREATIVA DE LA UNESCO PARA LAS ARTES MEDI\u00c1TICAS"},"content":{"rendered":"<div id=\"fws_6a9b791b0e1e0\"  data-column-margin=\"60px\" data-midnight=\"dark\"  class=\"wpb_row vc_row-fluid vc_row\"  style=\"padding-top: 0px; padding-bottom: 0px; \"><div class=\"row-bg-wrap\" data-bg-animation=\"none\" data-bg-animation-delay=\"\" data-bg-overlay=\"false\"><div class=\"inner-wrap row-bg-layer\" ><div class=\"row-bg viewport-desktop\"  style=\"\"><\/div><\/div><\/div><div class=\"row_col_wrap_12 col span_12 dark left\">\n\t<div  class=\"vc_col-sm-12 wpb_column column_container vc_column_container col no-extra-padding inherit_tablet inherit_phone\"  data-padding-pos=\"all\" data-has-bg-color=\"false\" data-bg-color=\"\" data-bg-opacity=\"1\" data-animation=\"\" data-delay=\"0\" >\n\t\t<div class=\"vc_column-inner\" >\n\t\t\t<div class=\"wpb_wrapper\">\n\t\t\t\t\n<div class=\"wpb_text_column wpb_content_element\" >\n\t<p><strong>El nombramiento tuvo lugar en Par\u00eds el lunes 8 de noviembre. El n\u00famero de ciudades creativas italianas asciende a 13. Bortolamasi: \"Un reconocimiento que recompensa el gran trabajo en red del comit\u00e9<\/strong><\/p>\n<p>M\u00f3dena es Ciudad Creativa de la Unesco para las Artes Audiovisuales y la primera ciudad de Italia que recibe este reconocimiento. El nombramiento fue formalizado el lunes 8 de noviembre, en Par\u00eds, por la Directora General de la Unesco, Audrey Azoulay, durante la conferencia general que design\u00f3 49 nuevas Ciudades Creativas en el mundo. Las ciudades italianas seleccionadas fueron M\u00f3dena, en el sector de las artes audiovisuales, y Como, en el de la artesan\u00eda y el arte popular. Con ellas son ya 13 las Ciudades Creativas de la Unesco en Italia.<\/p>\n<p>\"Es un importante reconocimiento del que nos sentimos orgullosos\", es el primer comentario del alcalde de M\u00f3dena, Gian Carlo Muzzarelli: \"Entrar en la Red de Ciudades Creativas de la Unesco es una gran oportunidad, en la que hemos cre\u00eddo desde el principio, dedicando atenci\u00f3n, energ\u00eda y mucho trabajo en equipo a un proyecto que pondr\u00eda de relieve todos los valores de nuestra ciudad y hemos conseguido obtener el resultado que esper\u00e1bamos, lo que supone un incentivo m\u00e1s para seguir invirtiendo en cultura, un sector decisivo para el renacimiento de nuestra comunidad\".<\/p>\n<p>La inclusi\u00f3n de M\u00f3dena en las Ciudades Creativas de la Unesco para las Artes Medi\u00e1ticas \"nos llena de alegr\u00eda\", comenta el concejal de Cultura, Andrea Bortolamasi, subrayando que \"el m\u00e9rito de esta nominaci\u00f3n es colectivo y el reconocimiento premia el gran trabajo en red realizado por todo el comit\u00e9 que apoy\u00f3 la candidatura en un esfuerzo coral y constante que comenz\u00f3 hace m\u00e1s de un a\u00f1o y que da testimonio de la gran vitalidad del ecosistema cultural de nuestra ciudad. Ser la primera ciudad italiana en el cluster Media arts tiene un profundo valor para nosotros y es un est\u00edmulo que nos compromete a continuar en la senda de la transformaci\u00f3n y la innovaci\u00f3n en el \u00e1mbito cultural, sobre los ejes de la creatividad y de un di\u00e1logo cada vez mayor entre el conocimiento human\u00edstico y cient\u00edfico y sobre las innovaciones digitales aplicadas a la cultura y sus lenguajes\".<\/p>\n<\/div>\n\n\n\n\n\t\t\t<\/div> \n\t\t<\/div>\n\t<\/div> \n<\/div><\/div>","protected":false},"excerpt":{"rendered":"El nombramiento tuvo lugar en Par\u00eds el lunes 8 de noviembre. El n\u00famero de ciudades creativas italianas asciende a 13. Bortolamasi: \"Un reconocimiento que recompensa el gran trabajo en red del comit\u00e9\" M\u00f3dena es una ciudad creativa en...","protected":false},"author":1,"featured_media":953,"comment_status":"closed","ping_status":"closed","sticky":false,"template":"","format":"standard","meta":{"wpupg_custom_link":[],"wpupg_custom_link_behaviour":[],"wpupg_custom_link_nofollow":[],"wpupg_custom_image":[],"wpupg_custom_image_id":[],"footnotes":""},"categories":[475],"tags":[],"class_list":["post-952","post","type-post","status-publish","format-standard","has-post-thumbnail","category-news"],"_links":{"self":[{"href":"https:\/\/modenafuturacreativa.it\/es\/wp-json\/wp\/v2\/posts\/952","targetHints":{"allow":["GET"]}}],"collection":[{"href":"https:\/\/modenafuturacreativa.it\/es\/wp-json\/wp\/v2\/posts"}],"about":[{"href":"https:\/\/modenafuturacreativa.it\/es\/wp-json\/wp\/v2\/types\/post"}],"author":[{"embeddable":true,"href":"https:\/\/modenafuturacreativa.it\/es\/wp-json\/wp\/v2\/users\/1"}],"replies":[{"embeddable":true,"href":"https:\/\/modenafuturacreativa.it\/es\/wp-json\/wp\/v2\/comments?post=952"}],"version-history":[{"count":1,"href":"https:\/\/modenafuturacreativa.it\/es\/wp-json\/wp\/v2\/posts\/952\/revisions"}],"predecessor-version":[{"id":954,"href":"https:\/\/modenafuturacreativa.it\/es\/wp-json\/wp\/v2\/posts\/952\/revisions\/954"}],"wp:featuredmedia":[{"embeddable":true,"href":"https:\/\/modenafuturacreativa.it\/es\/wp-json\/wp\/v2\/media\/953"}],"wp:attachment":[{"href":"https:\/\/modenafuturacreativa.it\/es\/wp-json\/wp\/v2\/media?parent=952"}],"wp:term":[{"taxonomy":"category","embeddable":true,"href":"https:\/\/modenafuturacreativa.it\/es\/wp-json\/wp\/v2\/categories?post=952"},{"taxonomy":"post_tag","embeddable":true,"href":"https:\/\/modenafuturacreativa.it\/es\/wp-json\/wp\/v2\/tags?post=952"}],"curies":[{"name":"wp","href":"https:\/\/api.w.org\/{rel}","templated":true}]}}