{"id":856,"date":"2021-10-19T11:46:05","date_gmt":"2021-10-19T09:46:05","guid":{"rendered":"https:\/\/modenafuturacreativa.it\/?p=856"},"modified":"2025-03-21T14:18:27","modified_gmt":"2025-03-21T13:18:27","slug":"aigu-incontra-le-candidate-italiane-a-creative-cities","status":"publish","type":"post","link":"https:\/\/modenafuturacreativa.it\/es\/aigu-incontra-le-candidate-italiane-a-creative-cities\/","title":{"rendered":"AIGU SE RE\u00daNE CON LOS CANDIDATOS ITALIANOS A CIUDADES CREATIVAS"},"content":{"rendered":"<div id=\"fws_6a9b7b894901c\"  data-column-margin=\"60px\" data-midnight=\"dark\"  class=\"wpb_row vc_row-fluid vc_row\"  style=\"padding-top: 0px; padding-bottom: 0px; \"><div class=\"row-bg-wrap\" data-bg-animation=\"none\" data-bg-animation-delay=\"\" data-bg-overlay=\"false\"><div class=\"inner-wrap row-bg-layer\" ><div class=\"row-bg viewport-desktop\"  style=\"\"><\/div><\/div><\/div><div class=\"row_col_wrap_12 col span_12 dark left\">\n\t<div  class=\"vc_col-sm-12 wpb_column column_container vc_column_container col no-extra-padding inherit_tablet inherit_phone\"  data-padding-pos=\"all\" data-has-bg-color=\"false\" data-bg-color=\"\" data-bg-opacity=\"1\" data-animation=\"\" data-delay=\"0\" >\n\t\t<div class=\"vc_column-inner\" >\n\t\t\t<div class=\"wpb_wrapper\">\n\t\t\t\t\n<div class=\"wpb_text_column wpb_content_element\" >\n\t<div id=\"parent-fieldname-description\">\n<div id=\"parent-fieldname-description\">\n<div id=\"parent-fieldname-description\">\n<div id=\"parent-fieldname-description\">\n<div id=\"parent-fieldname-description\">\n<div id=\"parent-fieldname-description\">\n<div id=\"parent-fieldname-description\">\n<p><strong>Los Comit\u00e9s Regionales de Emilia-Roma\u00f1a y Lombard\u00eda, se re\u00fanen con los expertos que siguieron las candidaturas apoyadas por la Comisi\u00f3n Nacional Italiana de la UNESCO como ciudades creativas de Como y M\u00f3dena.<\/strong><\/p>\n<p>Por M\u00f3dena, intervendr\u00e1 el concejal de Cultura Andrea Bortolamasi.<br \/>\nA trav\u00e9s de este acto, se pretende explorar el proceso que condujo a las propuestas de estas candidaturas, y conocer y apoyar a las dos ciudades a lo largo del camino.<\/p>\n<p>Moderador:<br \/>\nAndrea Croci Representante Regional Comit\u00e9 Emilia-Roma\u00f1a<br \/>\nGiulio Del Giudice Representante Regional Comit\u00e9 de Lombard\u00eda<\/p>\n<\/div>\n<p>El acto se retransmitir\u00e1 en directo por Facebook en la p\u00e1gina de AIGU - Asociaci\u00f3n Italiana de J\u00f3venes para la UNESCO:<br \/>\n<a href=\"https:\/\/fb.me\/e\/Nc1LCpZk\" target=\"_blank\" rel=\"noopener\">https:\/\/fb.me\/e\/Nc1LCpZk<\/a><\/p>\n<\/div>\n<\/div>\n<\/div>\n<\/div>\n<\/div>\n<\/div>\n<\/div>\n\n\n\n\n\t\t\t<\/div> \n\t\t<\/div>\n\t<\/div> \n<\/div><\/div>","protected":false},"excerpt":{"rendered":"Los Comit\u00e9s Regionales de Emilia-Roma\u00f1a y Lombard\u00eda, se re\u00fanen con los expertos que siguieron las candidaturas apoyadas por la Comisi\u00f3n Nacional Italiana de la UNESCO como ciudades creativas de Como y M\u00f3dena. Para M\u00f3dena...","protected":false},"author":1,"featured_media":857,"comment_status":"closed","ping_status":"closed","sticky":false,"template":"","format":"standard","meta":{"wpupg_custom_link":[],"wpupg_custom_link_behaviour":[],"wpupg_custom_link_nofollow":[],"wpupg_custom_image":[],"wpupg_custom_image_id":[],"footnotes":""},"categories":[475],"tags":[],"class_list":["post-856","post","type-post","status-publish","format-standard","has-post-thumbnail","category-news"],"_links":{"self":[{"href":"https:\/\/modenafuturacreativa.it\/es\/wp-json\/wp\/v2\/posts\/856","targetHints":{"allow":["GET"]}}],"collection":[{"href":"https:\/\/modenafuturacreativa.it\/es\/wp-json\/wp\/v2\/posts"}],"about":[{"href":"https:\/\/modenafuturacreativa.it\/es\/wp-json\/wp\/v2\/types\/post"}],"author":[{"embeddable":true,"href":"https:\/\/modenafuturacreativa.it\/es\/wp-json\/wp\/v2\/users\/1"}],"replies":[{"embeddable":true,"href":"https:\/\/modenafuturacreativa.it\/es\/wp-json\/wp\/v2\/comments?post=856"}],"version-history":[{"count":2,"href":"https:\/\/modenafuturacreativa.it\/es\/wp-json\/wp\/v2\/posts\/856\/revisions"}],"predecessor-version":[{"id":859,"href":"https:\/\/modenafuturacreativa.it\/es\/wp-json\/wp\/v2\/posts\/856\/revisions\/859"}],"wp:featuredmedia":[{"embeddable":true,"href":"https:\/\/modenafuturacreativa.it\/es\/wp-json\/wp\/v2\/media\/857"}],"wp:attachment":[{"href":"https:\/\/modenafuturacreativa.it\/es\/wp-json\/wp\/v2\/media?parent=856"}],"wp:term":[{"taxonomy":"category","embeddable":true,"href":"https:\/\/modenafuturacreativa.it\/es\/wp-json\/wp\/v2\/categories?post=856"},{"taxonomy":"post_tag","embeddable":true,"href":"https:\/\/modenafuturacreativa.it\/es\/wp-json\/wp\/v2\/tags?post=856"}],"curies":[{"name":"wp","href":"https:\/\/api.w.org\/{rel}","templated":true}]}}