{"id":799,"date":"2021-10-04T14:26:09","date_gmt":"2021-10-04T12:26:09","guid":{"rendered":"https:\/\/modenafutura.com\/?p=799"},"modified":"2025-03-21T14:18:27","modified_gmt":"2025-03-21T13:18:27","slug":"citta-creativa-unesco-un-video-e-un-nuovo-sito-dedicato","status":"publish","type":"post","link":"https:\/\/modenafuturacreativa.it\/es\/citta-creativa-unesco-un-video-e-un-nuovo-sito-dedicato\/","title":{"rendered":"UNESCO CREATIVE CITY, UN V\u00cdDEO Y UN NUEVO SITIO WEB ESPEC\u00cdFICO"},"content":{"rendered":"<div id=\"fws_6a9b7b89700f7\"  data-column-margin=\"60px\" data-midnight=\"dark\"  class=\"wpb_row vc_row-fluid vc_row\"  style=\"padding-top: 0px; padding-bottom: 0px; \"><div class=\"row-bg-wrap\" data-bg-animation=\"none\" data-bg-animation-delay=\"\" data-bg-overlay=\"false\"><div class=\"inner-wrap row-bg-layer\" ><div class=\"row-bg viewport-desktop\"  style=\"\"><\/div><\/div><\/div><div class=\"row_col_wrap_12 col span_12 dark left\">\n\t<div  class=\"vc_col-sm-12 wpb_column column_container vc_column_container col no-extra-padding inherit_tablet inherit_phone\"  data-padding-pos=\"all\" data-has-bg-color=\"false\" data-bg-color=\"\" data-bg-opacity=\"1\" data-animation=\"\" data-delay=\"0\" >\n\t\t<div class=\"vc_column-inner\" >\n\t\t\t<div class=\"wpb_wrapper\">\n\t\t\t\t\n<div class=\"wpb_text_column wpb_content_element\" >\n\t<div id=\"parent-fieldname-description\">\n<div id=\"parent-fieldname-description\">\n<div id=\"parent-fieldname-description\">\n<div id=\"parent-fieldname-description\">\n<div id=\"parent-fieldname-description\">\n<div id=\"parent-fieldname-description\">\n<div id=\"parent-fieldname-description\"><strong>En l\u00ednea el recorrido y los contenidos de la candidatura en la final de Par\u00eds, junto con im\u00e1genes de \"Modena for media arts\". La presentaci\u00f3n tambi\u00e9n en la red de Biella<\/strong><\/div>\n<div id=\"viewlet-above-content-body\"><\/div>\n<div id=\"content-core\">\n<div id=\"parent-fieldname-text\">\n<p>Modena futura creativa\" es el evocador nombre del nuevo sitio web dedicado a la candidatura de M\u00f3dena como Ciudad Creativa de la Unesco para las Artes Audiovisuales (en l\u00ednea en\u00a0<a href=\"https:\/\/modenafuturacreativa.it\/es\/\">www.modenafuturacreativa.it<\/a>) que profundiza en los proyectos y el camino que ha llevado a M\u00f3dena hasta Par\u00eds, a la selecci\u00f3n final para entrar en la red de Ciudades Creativas de la Unesco que tendr\u00e1 lugar a finales de octubre. La p\u00e1gina de inicio se abre con el v\u00eddeo \"Modena for the media arts\", que resume en pocos minutos el sentimiento que anima la candidatura, vinculando las ra\u00edces de la ciudad, su patrimonio art\u00edstico y cultural, el ADN del saber hacer con un futuro, ya concreto, de innovaciones y cultura digital y generalizada aplicada al mundo de la cultura.<\/p>\n<p>El sitio y el v\u00eddeo centran el discurso, en conexi\u00f3n, que el concejal de Cultura del Ayuntamiento de M\u00f3dena Andrea Bortolamasi pronunciar\u00e1 en el Festival de la Sostenibilidad de Biella, el foro de las Ciudades Creativas de la Unesco, centrado en experiencias de desarrollo sostenible, que se celebra hasta el domingo 3 de octubre en la ciudad piamontesa. El v\u00eddeo \"Modena for the media arts\" hace hincapi\u00e9 en la realidad aumentada, la digitalizaci\u00f3n del patrimonio bibliogr\u00e1fico y la desmaterializaci\u00f3n, las artes visuales y las instalaciones art\u00edsticas, as\u00ed como en la inteligencia artificial, destacando el papel de la administraci\u00f3n que coordina y dirige la candidatura. Al igual que el v\u00eddeo, la web tambi\u00e9n se compone de diferentes idiomas, para ofrecer pistas y est\u00edmulos a quienes navegan por ella.<\/p>\n<p>Los proyectos que apoyan la candidatura de M\u00f3dena se caracterizan por la conexi\u00f3n entre las innovaciones y transformaciones digitales con las artes visuales y esc\u00e9nicas, por la intersecci\u00f3n entre las transformaciones urbanas de la ciudad y la creaci\u00f3n de nuevos contenedores digitales, y por el enfoque de la cultura digital como herramienta \u00fatil para un mayor disfrute de las actividades culturales.<\/p>\n<p>El proyecto propuesto por el Ayuntamiento de M\u00f3dena se desarroll\u00f3 en el marco de un proceso en el que tambi\u00e9n participaron y formaron parte del comit\u00e9 promotor la Fondazione di Modena, Fondazione Brodolini - Laboratorio Aperto, Fmav, Gallerie Estensi, Unimore, Fem, Ert, Fondazione Teatro Comunale, Art-ER, Fondazione Collegio S. Carlo.<\/p>\n<\/div>\n<\/div>\n<\/div>\n<\/div>\n<\/div>\n<\/div>\n<\/div>\n<\/div>\n<\/div>\n\n\n\n\n\t\t\t<\/div> \n\t\t<\/div>\n\t<\/div> \n<\/div><\/div>","protected":false},"excerpt":{"rendered":"En l\u00ednea el camino y el contenido de la candidatura en la final de Par\u00eds, junto con las im\u00e1genes de \"M\u00f3dena para las artes de los medios\". La presentaci\u00f3n tambi\u00e9n en la red de Biella \"Modena...","protected":false},"author":1,"featured_media":800,"comment_status":"closed","ping_status":"closed","sticky":false,"template":"","format":"standard","meta":{"wpupg_custom_link":[],"wpupg_custom_link_behaviour":[],"wpupg_custom_link_nofollow":[],"wpupg_custom_image":[],"wpupg_custom_image_id":[],"footnotes":""},"categories":[475],"tags":[],"class_list":["post-799","post","type-post","status-publish","format-standard","has-post-thumbnail","category-news"],"_links":{"self":[{"href":"https:\/\/modenafuturacreativa.it\/es\/wp-json\/wp\/v2\/posts\/799","targetHints":{"allow":["GET"]}}],"collection":[{"href":"https:\/\/modenafuturacreativa.it\/es\/wp-json\/wp\/v2\/posts"}],"about":[{"href":"https:\/\/modenafuturacreativa.it\/es\/wp-json\/wp\/v2\/types\/post"}],"author":[{"embeddable":true,"href":"https:\/\/modenafuturacreativa.it\/es\/wp-json\/wp\/v2\/users\/1"}],"replies":[{"embeddable":true,"href":"https:\/\/modenafuturacreativa.it\/es\/wp-json\/wp\/v2\/comments?post=799"}],"version-history":[{"count":1,"href":"https:\/\/modenafuturacreativa.it\/es\/wp-json\/wp\/v2\/posts\/799\/revisions"}],"predecessor-version":[{"id":801,"href":"https:\/\/modenafuturacreativa.it\/es\/wp-json\/wp\/v2\/posts\/799\/revisions\/801"}],"wp:featuredmedia":[{"embeddable":true,"href":"https:\/\/modenafuturacreativa.it\/es\/wp-json\/wp\/v2\/media\/800"}],"wp:attachment":[{"href":"https:\/\/modenafuturacreativa.it\/es\/wp-json\/wp\/v2\/media?parent=799"}],"wp:term":[{"taxonomy":"category","embeddable":true,"href":"https:\/\/modenafuturacreativa.it\/es\/wp-json\/wp\/v2\/categories?post=799"},{"taxonomy":"post_tag","embeddable":true,"href":"https:\/\/modenafuturacreativa.it\/es\/wp-json\/wp\/v2\/tags?post=799"}],"curies":[{"name":"wp","href":"https:\/\/api.w.org\/{rel}","templated":true}]}}