{"id":795,"date":"2021-10-04T13:29:26","date_gmt":"2021-10-04T11:29:26","guid":{"rendered":"https:\/\/modenafutura.com\/?p=795"},"modified":"2025-03-21T14:18:27","modified_gmt":"2025-03-21T13:18:27","slug":"citta-creative-unesco-modena-al-forum-di-carrara","status":"publish","type":"post","link":"https:\/\/modenafuturacreativa.it\/es\/citta-creative-unesco-modena-al-forum-di-carrara\/","title":{"rendered":"CIUDADES CREATIVAS DE LA UNESCO, MODENA EN EL FORO CARRARA"},"content":{"rendered":"<div id=\"fws_6a9b7beb8d7c5\"  data-column-margin=\"60px\" data-midnight=\"dark\"  class=\"wpb_row vc_row-fluid vc_row\"  style=\"padding-top: 0px; padding-bottom: 0px; \"><div class=\"row-bg-wrap\" data-bg-animation=\"none\" data-bg-animation-delay=\"\" data-bg-overlay=\"false\"><div class=\"inner-wrap row-bg-layer\" ><div class=\"row-bg viewport-desktop\"  style=\"\"><\/div><\/div><\/div><div class=\"row_col_wrap_12 col span_12 dark left\">\n\t<div  class=\"vc_col-sm-12 wpb_column column_container vc_column_container col no-extra-padding inherit_tablet inherit_phone\"  data-padding-pos=\"all\" data-has-bg-color=\"false\" data-bg-color=\"\" data-bg-opacity=\"1\" data-animation=\"\" data-delay=\"0\" >\n\t\t<div class=\"vc_column-inner\" >\n\t\t\t<div class=\"wpb_wrapper\">\n\t\t\t\t\n<div class=\"wpb_text_column wpb_content_element\" >\n\t<div id=\"parent-fieldname-description\">\n<div id=\"parent-fieldname-description\">\n<div id=\"parent-fieldname-description\">\n<div id=\"parent-fieldname-description\">\n<div id=\"parent-fieldname-description\">\n<div id=\"parent-fieldname-description\"><strong>La candidatura de M\u00f3dena a Media arts, con vistas a la final de Par\u00eds, se presentar\u00e1 en la Red de Ciudades Creativas que se celebra del viernes 24 al domingo 26 de septiembre.<\/strong><\/div>\n<div id=\"viewlet-above-content-body\"><\/div>\n<div id=\"content-core\">\n<div id=\"parent-fieldname-text\">\n<p>Los proyectos que apoyan la candidatura de M\u00f3dena como Ciudad Creativa de la Unesco para las Artes Audiovisuales se presentar\u00e1n en el Foro de Ciudades Creativas Italianas, que se celebrar\u00e1 en Carrara del viernes 24 al domingo 26 de septiembre.<\/p>\n<p>Tras haber superado la selecci\u00f3n nacional, junto con la ciudad de Como nominada en Artesan\u00eda y Arte Popular, M\u00f3dena representar\u00e1 de hecho a Italia en la selecci\u00f3n final para entrar en la red de Ciudades Creativas de la Unesco que se celebrar\u00e1 en Par\u00eds a finales de octubre.<\/p>\n<p>La primera edici\u00f3n del\u00a0<a href=\"https:\/\/www.visitacarrara.it\/index.php?id_sezione=2372&amp;id_doc=4414&amp;fbclid=IwAR1IGysNrU9TyFieLD12P5X-Cc3poxS7sBWci6TMLu-ZmmdCCGvDigSqDac\">\"<\/a>Creativity Forum Carrara for the Unesco Creative Cities\", se propone como una oportunidad para el di\u00e1logo y el debate entre las Ciudades Creativas italianas sobre las estrategias post-pand\u00e9micas para la regeneraci\u00f3n de los centros hist\u00f3ricos y los territorios, en l\u00ednea con la Agenda Global 2030 para el Desarrollo Sostenible, y sobre el papel del artista y el artesano como impulsores de la regeneraci\u00f3n urbana.<\/p>\n<p>En nombre del Ayuntamiento de M\u00f3dena, el Concejal de Cultura Andrea Bortolamasi hablar\u00e1 (a distancia) de los proyectos que apoyan la candidatura de M\u00f3dena, caracterizada por la conexi\u00f3n entre innovaciones y transformaciones digitales con las artes visuales y esc\u00e9nicas, la intersecci\u00f3n entre las transformaciones urbanas de la ciudad y la creaci\u00f3n de nuevos contenedores digitales, y el enfoque de la cultura digital como herramienta \u00fatil para un mayor disfrute de las actividades culturales.<\/p>\n<p>El proyecto propuesto por el Ayuntamiento de M\u00f3dena se desarroll\u00f3 en el marco de un proceso en el que tambi\u00e9n participaron y formaron parte del comit\u00e9 promotor la Fondazione di Modena, Fondazione Brodolini - Laboratorio Aperto, Fmav, Gallerie Estensi, Unimore, Fem, Ert, Fondazione Teatro Comunale, Art-ER, Fondazione Collegio S. Carlo.<\/p>\n<p>La pr\u00f3xima cita, antes de llegar a Par\u00eds, ser\u00e1 en Biella, los d\u00edas 1 y 2 de octubre.<\/p>\n<p>La Red de Ciudades Creativas consta actualmente de 246 ciudades en unos ochenta pa\u00edses de los cinco continentes. En Italia hay once ciudades creativas y M\u00f3dena es la \u00fanica seleccionada para las artes medi\u00e1ticas. El objetivo de la Red de Ciudades Creativas de la Unesco es promover el conocimiento, la cooperaci\u00f3n y los proyectos entre ciudades que han identificado la cultura y la creatividad como motores de su desarrollo. Las consignas son colaboraci\u00f3n, intercambio de conocimientos y buenas pr\u00e1cticas, confrontaci\u00f3n, planificaci\u00f3n, valorizaci\u00f3n del patrimonio cultural inmaterial.<\/p>\n<\/div>\n<\/div>\n<\/div>\n<\/div>\n<\/div>\n<\/div>\n<\/div>\n<\/div>\n\n\n\n\n\t\t\t<\/div> \n\t\t<\/div>\n\t<\/div> \n<\/div><\/div>","protected":false},"excerpt":{"rendered":"La candidatura de M\u00f3dena a Media arts, con vistas a la final de Par\u00eds, se presentar\u00e1 en la Red de Ciudades Creativas, que se celebra del viernes 24 al domingo 26 de septiembre...","protected":false},"author":1,"featured_media":798,"comment_status":"closed","ping_status":"closed","sticky":false,"template":"","format":"standard","meta":{"wpupg_custom_link":[],"wpupg_custom_link_behaviour":[],"wpupg_custom_link_nofollow":[],"wpupg_custom_image":[],"wpupg_custom_image_id":[],"footnotes":""},"categories":[475],"tags":[],"class_list":["post-795","post","type-post","status-publish","format-standard","has-post-thumbnail","category-news"],"_links":{"self":[{"href":"https:\/\/modenafuturacreativa.it\/es\/wp-json\/wp\/v2\/posts\/795","targetHints":{"allow":["GET"]}}],"collection":[{"href":"https:\/\/modenafuturacreativa.it\/es\/wp-json\/wp\/v2\/posts"}],"about":[{"href":"https:\/\/modenafuturacreativa.it\/es\/wp-json\/wp\/v2\/types\/post"}],"author":[{"embeddable":true,"href":"https:\/\/modenafuturacreativa.it\/es\/wp-json\/wp\/v2\/users\/1"}],"replies":[{"embeddable":true,"href":"https:\/\/modenafuturacreativa.it\/es\/wp-json\/wp\/v2\/comments?post=795"}],"version-history":[{"count":1,"href":"https:\/\/modenafuturacreativa.it\/es\/wp-json\/wp\/v2\/posts\/795\/revisions"}],"predecessor-version":[{"id":797,"href":"https:\/\/modenafuturacreativa.it\/es\/wp-json\/wp\/v2\/posts\/795\/revisions\/797"}],"wp:featuredmedia":[{"embeddable":true,"href":"https:\/\/modenafuturacreativa.it\/es\/wp-json\/wp\/v2\/media\/798"}],"wp:attachment":[{"href":"https:\/\/modenafuturacreativa.it\/es\/wp-json\/wp\/v2\/media?parent=795"}],"wp:term":[{"taxonomy":"category","embeddable":true,"href":"https:\/\/modenafuturacreativa.it\/es\/wp-json\/wp\/v2\/categories?post=795"},{"taxonomy":"post_tag","embeddable":true,"href":"https:\/\/modenafuturacreativa.it\/es\/wp-json\/wp\/v2\/tags?post=795"}],"curies":[{"name":"wp","href":"https:\/\/api.w.org\/{rel}","templated":true}]}}