{"id":6815,"date":"2026-04-07T15:53:36","date_gmt":"2026-04-07T13:53:36","guid":{"rendered":"https:\/\/modenafuturacreativa.it\/?p=6815"},"modified":"2026-04-07T15:53:36","modified_gmt":"2026-04-07T13:53:36","slug":"archeologia-e-digitale-sincontrano","status":"publish","type":"post","link":"https:\/\/modenafuturacreativa.it\/es\/archeologia-e-digitale-sincontrano\/","title":{"rendered":"El Parque de Terramara reabre al p\u00fablico, arqueolog\u00eda y digital se dan cita"},"content":{"rendered":"<div id=\"fws_6a9b7c72e631c\"  data-column-margin=\"default\" data-midnight=\"dark\"  class=\"wpb_row vc_row-fluid vc_row\"  style=\"padding-top: 0px; padding-bottom: 0px; \"><div class=\"row-bg-wrap\" data-bg-animation=\"none\" data-bg-animation-delay=\"\" data-bg-overlay=\"false\"><div class=\"inner-wrap row-bg-layer\" ><div class=\"row-bg viewport-desktop\"  style=\"\"><\/div><\/div><\/div><div class=\"row_col_wrap_12 col span_12 dark left\">\n\t<div  class=\"vc_col-sm-12 wpb_column column_container vc_column_container col no-extra-padding inherit_tablet inherit_phone\"  data-padding-pos=\"all\" data-has-bg-color=\"false\" data-bg-color=\"\" data-bg-opacity=\"1\" data-animation=\"\" data-delay=\"0\" >\n\t\t<div class=\"vc_column-inner\" >\n\t\t\t<div class=\"wpb_wrapper\">\n\t\t\t\t\n<div class=\"wpb_text_column wpb_content_element\" >\n\t<p><strong>Nuevas instalaciones multimedia abren la temporada: tecnolog\u00eda inmersiva e inclusi\u00f3n para contar la vida hace 3.500 a\u00f1os<\/strong><\/p>\n<p>El Parque Arqueol\u00f3gico de Terramara, en Montale, reabre sus puertas el s\u00e1bado 4 de abril, inaugurando una nueva temporada marcada por la innovaci\u00f3n: nuevas instalaciones multimedia acompa\u00f1an a los visitantes en una experiencia a\u00fan m\u00e1s inmersiva, inclusiva y atractiva. La reapertura, programada durante las vacaciones de Semana Santa -s\u00e1bado 4, domingo 5 y lunes 6 de abril- marca el inicio de un programa que contin\u00faa hasta el domingo 7 de junio, en d\u00edas festivos y en algunas aperturas extraordinarias, entre ellas la del s\u00e1bado 23 de mayo, con motivo de la Noche Europea de los Museos.<\/p>\n<p>M\u00e1s de veinte a\u00f1os despu\u00e9s de su inauguraci\u00f3n, el Parque sigue atrayendo a miles de visitantes -m\u00e1s de 300.000 hasta la fecha- gracias a una propuesta capaz de combinar divulgaci\u00f3n cient\u00edfica e implicaci\u00f3n directa, vinculando pasado y presente y confirmando su papel educativo, especialmente dirigido a los colegios, gracias a la labor de un personal altamente cualificado.<\/p>\n<p>Inaugurado en abril de 2004 como secci\u00f3n \"al aire libre\" del Museo Civico di Modena, el Parque est\u00e1 dedicado a los terramare, asentamientos de la Edad de Bronce que se desarrollaron entre 1650 y 1150 a.C. en el valle del Po, elemento identificativo de este territorio. Gracias tambi\u00e9n a la reconstrucci\u00f3n a tama\u00f1o real de una parte del poblado, basada en datos de excavaciones arqueol\u00f3gicas con fortificaciones, instalaciones de producci\u00f3n, viviendas, la experiencia de visitar el Parque se transforma en una inmersi\u00f3n profunda en el mundo de hace 3.500 a\u00f1os.<\/p>\n<p>Hoy se abre un nuevo cap\u00edtulo con el proyecto \"Open Air &amp; Open Use\". Promovido por el Ayuntamiento de M\u00f3dena y financiado con 315.000 euros por el PNRR, el Plan Nacional de Recuperaci\u00f3n y Resiliencia, y complementado con fondos europeos del PORFESR 2021-2027 de la Regi\u00f3n de Emilia-Roma\u00f1a (Programa Operativo Regional del Fondo Europeo de Desarrollo Regional), el proyecto afronta el reto de integrar la fuerte materialidad del yacimiento con la dimensi\u00f3n digital.<\/p>\n<p>Las instalaciones de v\u00eddeo y audio, las reconstrucciones virtuales, las proyecciones hologr\u00e1ficas y los entornos inmersivos hacen m\u00e1s inmediata la comprensi\u00f3n de los procesos y contextos arqueol\u00f3gicos, ampliando la accesibilidad y fomentando modos de disfrute m\u00e1s inclusivos y atractivos. Todo ello se complementa con herramientas dise\u00f1adas para todos los p\u00fablicos, como audiodescripciones, mapas t\u00e1ctiles, contenidos en lengua de signos y textos escritos.<\/p>\n<p>El nuevo proyecto del Parque y el programa de inauguraci\u00f3n de las instalaciones multimedia se han presentado esta ma\u00f1ana, 2 de abril, en Terramara durante una rueda de prensa a la que han asistido Andrea Bortolamasi, concejal de Cultura del Ayuntamiento de M\u00f3dena; Daniela Sirotti Mattioli, teniente de alcalde de Castelnuovo; Eugenia Valacchi, superintendente de Arqueolog\u00eda, Bellas Artes y Paisaje de las provincias de M\u00f3dena, Reggio Emilia y Ferrara; Andrea Cardarelli, presidente del Instituto Italiano de Prehistoria y Protohistoria y fundador del Parque; Valentina Galloni, directora, y Cristiana Zanasi, conservadora de la secci\u00f3n de Arqueolog\u00eda del Museo C\u00edvico de M\u00f3dena y del Parque de Terramara.<\/p>\n<p>\"El Parque Montale es una mina de informaci\u00f3n ya presente en los aparatos did\u00e1cticos y narrada por los operadores que gu\u00edan las visitas. El importante proyecto de renovaci\u00f3n que introduce nuevas instalaciones multimedia en la zona de excavaciones y en el sendero dedicado a la necr\u00f3polis, marcando un punto de inflexi\u00f3n en la fruici\u00f3n del yacimiento, forma parte de esa relaci\u00f3n entre cultura y lenguajes digitales que ha llevado a M\u00f3dena a convertirse en Ciudad Creativa de la Unesco a partir de 2021, con el objetivo de estimular la curiosidad y la reflexi\u00f3n a trav\u00e9s de un enfoque multisensorial que genere un v\u00ednculo m\u00e1s directo entre el visitante y los acontecimientos de hace 3500 a\u00f1os\".<\/p>\n<p>El parque se cre\u00f3 en una zona adyacente al yacimiento del asentamiento de la Edad de Bronce gracias a los recursos europeos y a los esfuerzos conjuntos de los municipios de M\u00f3dena y Castelnuovo Rangone.<\/p>\n<p>\"Desde hace veinte a\u00f1os\", comenta el teniente de alcalde Sirotti Mattioli, que es tambi\u00e9n concejal de Turismo de Castelnuovo, \"es para nosotros un honor acoger en el t\u00e9rmino municipal este parque, fruto de una gran colaboraci\u00f3n con el Museo C\u00edvico y el Ayuntamiento de M\u00f3dena. Las miles de visitas en estos a\u00f1os de actividad son, m\u00e1s que cualquier otra palabra, el testimonio de c\u00f3mo este lugar es un verdadero e inestimable patrimonio colectivo, no s\u00f3lo a nivel provincial sino tambi\u00e9n italiano y europeo\".<\/p>\n<p>La realizaci\u00f3n del proyecto lleva la firma de la empresa Santimone - Delumen srl, especializada en instalaciones multimedia para el patrimonio cultural, que ha trabajado en estrecho di\u00e1logo con la direcci\u00f3n cient\u00edfica del Parque. Las animaciones se basan en ilustraciones de Riccardo Merlo, redise\u00f1adas de forma din\u00e1mica con tecnolog\u00edas digitales avanzadas, incluida la inteligencia artificial.<\/p>\n<p>Con este proyecto, el Parque refuerza su papel de referencia nacional para la arqueolog\u00eda p\u00fablica y experimental, proyect\u00e1ndose hacia una nueva fase de valorizaci\u00f3n.<\/p>\n<\/div>\n\n\n\n\n\t<div class=\"wpb_gallery wpb_content_element clearfix\">\n\t\t<div class=\"wpb_wrapper\"><div class=\"wpb_gallery_slidesflickity_style\" data-onclick=\"link_image\" data-interval=\"5\"><div class=\"nectar-flickity not-initialized\" role=\"region\" aria-roledescription=\"carousel\" aria-label=\"Galer\u00eda de im\u00e1genes\"  data-touch-icon-color=\"default\" data-stagger=\"\" data-drag-scale=\"\" data-overflow=\"hidden\" data-wrap=\"wrap\" data-spacing=\"default\" data-shadow=\"large_depth\" data-autoplay=\"true\" data-autoplay-dur=\"\" data-free-scroll=\"\" data-controls=\"material_pagination\" data-desktop-columns=\"1\" data-small-desktop-columns=\"1\" data-tablet-columns=\"1\" data-phone-columns=\"1\"><div class=\"flickity-viewport\"> <div class=\"flickity-slider\"><div class=\"cell\" data-lazy=\"false\"><img decoding=\"async\" class=\"skip-lazy nectar-lazy\" src=\"https:\/\/modenafuturacreativa.it\/wp-content\/uploads\/2026\/04\/parco-montale-visita-immersiva-6-600x450.jpeg\" width=\"600\" height=\"450\" alt=\"parco-montale-visita-immersiva (6)\" title=\"parque-monta\u00f1a-visita (6)\" loading=\"lazy\" \/><a class=\"entire-slide-link\" aria-label=\"parque-monta\u00f1a-visita (6)\"  href=\"https:\/\/modenafuturacreativa.it\/wp-content\/uploads\/2026\/04\/parco-montale-visita-immersiva-6.jpeg\"><\/a><\/div><div class=\"cell\" data-lazy=\"false\"><img decoding=\"async\" class=\"skip-lazy nectar-lazy\" src=\"https:\/\/modenafuturacreativa.it\/wp-content\/uploads\/2026\/04\/parco-montale-visita-immersiva-1-600x450.jpeg\" width=\"600\" height=\"450\" alt=\"parco-montale-visita-immersiva (1)\" title=\"parque-monta\u00f1a-visita-inmersi\u00f3n (1)\" loading=\"lazy\" \/><a class=\"entire-slide-link\" aria-label=\"parque-monta\u00f1a-visita-inmersi\u00f3n (1)\"  href=\"https:\/\/modenafuturacreativa.it\/wp-content\/uploads\/2026\/04\/parco-montale-visita-immersiva-1.jpeg\"><\/a><\/div><div class=\"cell\" data-lazy=\"false\"><img decoding=\"async\" class=\"skip-lazy nectar-lazy\" src=\"https:\/\/modenafuturacreativa.it\/wp-content\/uploads\/2026\/04\/parco-montale-visita-immersiva-2-600x450.jpeg\" width=\"600\" height=\"450\" alt=\"parco-montale-visita-immersiva (2)\" title=\"parque-monta\u00f1a-visita-inmersi\u00f3n (2)\" loading=\"lazy\" \/><a class=\"entire-slide-link\" aria-label=\"parque-monta\u00f1a-visita-inmersi\u00f3n (2)\"  href=\"https:\/\/modenafuturacreativa.it\/wp-content\/uploads\/2026\/04\/parco-montale-visita-immersiva-2.jpeg\"><\/a><\/div><div class=\"cell\" data-lazy=\"false\"><img decoding=\"async\" class=\"skip-lazy nectar-lazy\" src=\"https:\/\/modenafuturacreativa.it\/wp-content\/uploads\/2026\/04\/parco-montale-visita-immersiva-3-600x450.jpeg\" width=\"600\" height=\"450\" alt=\"parco-montale-visita-immersiva (3)\" title=\"parque-monta\u00f1a-visita (3)\" loading=\"lazy\" \/><a class=\"entire-slide-link\" aria-label=\"parque-monta\u00f1a-visita (3)\"  href=\"https:\/\/modenafuturacreativa.it\/wp-content\/uploads\/2026\/04\/parco-montale-visita-immersiva-3.jpeg\"><\/a><\/div><div class=\"cell\" data-lazy=\"false\"><img decoding=\"async\" class=\"skip-lazy nectar-lazy\" src=\"https:\/\/modenafuturacreativa.it\/wp-content\/uploads\/2026\/04\/parco-montale-visita-immersiva-4-600x450.jpeg\" width=\"600\" height=\"450\" alt=\"parco-montale-visita-immersiva (4)\" title=\"parque-monta\u00f1a-visita (4)\" loading=\"lazy\" \/><a class=\"entire-slide-link\" aria-label=\"parque-monta\u00f1a-visita (4)\"  href=\"https:\/\/modenafuturacreativa.it\/wp-content\/uploads\/2026\/04\/parco-montale-visita-immersiva-4.jpeg\"><\/a><\/div><div class=\"cell\" data-lazy=\"false\"><img decoding=\"async\" class=\"skip-lazy nectar-lazy\" src=\"https:\/\/modenafuturacreativa.it\/wp-content\/uploads\/2026\/04\/parco-montale-visita-immersiva-7-600x450.jpeg\" width=\"600\" height=\"450\" alt=\"parco-montale-visita-immersiva (7)\" title=\"parque-monta\u00f1a-visita (7)\" loading=\"lazy\" \/><a class=\"entire-slide-link\" aria-label=\"parque-monta\u00f1a-visita (7)\"  href=\"https:\/\/modenafuturacreativa.it\/wp-content\/uploads\/2026\/04\/parco-montale-visita-immersiva-7.jpeg\"><\/a><\/div><div class=\"cell\" data-lazy=\"false\"><img decoding=\"async\" class=\"skip-lazy nectar-lazy\" src=\"https:\/\/modenafuturacreativa.it\/wp-content\/uploads\/2026\/04\/parco-montale-visita-immersiva-9-600x450.jpeg\" width=\"600\" height=\"450\" alt=\"parco-montale-visita-immersiva (9)\" title=\"parque-monta\u00f1a-visita (9)\" loading=\"lazy\" \/><a class=\"entire-slide-link\" aria-label=\"parque-monta\u00f1a-visita (9)\"  href=\"https:\/\/modenafuturacreativa.it\/wp-content\/uploads\/2026\/04\/parco-montale-visita-immersiva-9.jpeg\"><\/a><\/div><div class=\"cell\" data-lazy=\"false\"><img decoding=\"async\" class=\"skip-lazy nectar-lazy\" src=\"https:\/\/modenafuturacreativa.it\/wp-content\/uploads\/2026\/04\/parco-montale-visita-immersiva-10-600x450.jpeg\" width=\"600\" height=\"450\" alt=\"parco-montale-visita-immersiva (10)\" title=\"parque-monta\u00f1a-visita (10)\" loading=\"lazy\" \/><a class=\"entire-slide-link\" aria-label=\"parque-monta\u00f1a-visita (10)\"  href=\"https:\/\/modenafuturacreativa.it\/wp-content\/uploads\/2026\/04\/parco-montale-visita-immersiva-10.jpeg\"><\/a><\/div><div class=\"cell\" data-lazy=\"false\"><img decoding=\"async\" class=\"skip-lazy nectar-lazy\" src=\"https:\/\/modenafuturacreativa.it\/wp-content\/uploads\/2026\/04\/parco-montale-visita-immersiva-5-600x450.jpeg\" width=\"600\" height=\"450\" alt=\"parco-montale-visita-immersiva (5)\" title=\"parque-monta\u00f1a-visita (5)\" loading=\"lazy\" \/><a class=\"entire-slide-link\" aria-label=\"parque-monta\u00f1a-visita (5)\"  href=\"https:\/\/modenafuturacreativa.it\/wp-content\/uploads\/2026\/04\/parco-montale-visita-immersiva-5.jpeg\"><\/a><\/div><\/div><\/div><\/div><\/div>\n\t\t<\/div> \n\t<\/div> \n\t\t\t<\/div> \n\t\t<\/div>\n\t<\/div> \n<\/div><\/div>","protected":false},"excerpt":{"rendered":"Nuove installazioni multimediali inaugurano la stagione: tecnologie immersive e inclusione per raccontare la vita di 3.500 anni fa Il Parco archeologico della Terramara di Montale riapre sabato 4 aprile inaugurando...","protected":false},"author":1,"featured_media":6853,"comment_status":"closed","ping_status":"closed","sticky":false,"template":"","format":"standard","meta":{"wpupg_custom_link":[],"wpupg_custom_link_behaviour":["default"],"wpupg_custom_link_nofollow":["default"],"wpupg_custom_image":[],"wpupg_custom_image_id":[],"footnotes":""},"categories":[475],"tags":[],"class_list":["post-6815","post","type-post","status-publish","format-standard","has-post-thumbnail","category-news"],"_links":{"self":[{"href":"https:\/\/modenafuturacreativa.it\/es\/wp-json\/wp\/v2\/posts\/6815","targetHints":{"allow":["GET"]}}],"collection":[{"href":"https:\/\/modenafuturacreativa.it\/es\/wp-json\/wp\/v2\/posts"}],"about":[{"href":"https:\/\/modenafuturacreativa.it\/es\/wp-json\/wp\/v2\/types\/post"}],"author":[{"embeddable":true,"href":"https:\/\/modenafuturacreativa.it\/es\/wp-json\/wp\/v2\/users\/1"}],"replies":[{"embeddable":true,"href":"https:\/\/modenafuturacreativa.it\/es\/wp-json\/wp\/v2\/comments?post=6815"}],"version-history":[{"count":1,"href":"https:\/\/modenafuturacreativa.it\/es\/wp-json\/wp\/v2\/posts\/6815\/revisions"}],"predecessor-version":[{"id":6854,"href":"https:\/\/modenafuturacreativa.it\/es\/wp-json\/wp\/v2\/posts\/6815\/revisions\/6854"}],"wp:featuredmedia":[{"embeddable":true,"href":"https:\/\/modenafuturacreativa.it\/es\/wp-json\/wp\/v2\/media\/6853"}],"wp:attachment":[{"href":"https:\/\/modenafuturacreativa.it\/es\/wp-json\/wp\/v2\/media?parent=6815"}],"wp:term":[{"taxonomy":"category","embeddable":true,"href":"https:\/\/modenafuturacreativa.it\/es\/wp-json\/wp\/v2\/categories?post=6815"},{"taxonomy":"post_tag","embeddable":true,"href":"https:\/\/modenafuturacreativa.it\/es\/wp-json\/wp\/v2\/tags?post=6815"}],"curies":[{"name":"wp","href":"https:\/\/api.w.org\/{rel}","templated":true}]}}