{"id":6687,"date":"2026-02-18T11:40:12","date_gmt":"2026-02-18T10:40:12","guid":{"rendered":"https:\/\/modenafuturacreativa.it\/?p=6687"},"modified":"2026-02-18T11:40:12","modified_gmt":"2026-02-18T10:40:12","slug":"al-laboratorio-aperto-startup-digitali-e-imprese-a-confronto","status":"publish","type":"post","link":"https:\/\/modenafuturacreativa.it\/es\/al-laboratorio-aperto-startup-digitali-e-imprese-a-confronto\/","title":{"rendered":"Debate sobre empresas y nuevas empresas digitales en el Open Lab"},"content":{"rendered":"<div id=\"fws_6a9b7c7335452\"  data-column-margin=\"default\" data-midnight=\"dark\"  class=\"wpb_row vc_row-fluid vc_row\"  style=\"padding-top: 0px; padding-bottom: 0px; \"><div class=\"row-bg-wrap\" data-bg-animation=\"none\" data-bg-animation-delay=\"\" data-bg-overlay=\"false\"><div class=\"inner-wrap row-bg-layer\" ><div class=\"row-bg viewport-desktop\"  style=\"\"><\/div><\/div><\/div><div class=\"row_col_wrap_12 col span_12 dark left\">\n\t<div  class=\"vc_col-sm-12 wpb_column column_container vc_column_container col no-extra-padding inherit_tablet inherit_phone\"  data-padding-pos=\"all\" data-has-bg-color=\"false\" data-bg-color=\"\" data-bg-opacity=\"1\" data-animation=\"\" data-delay=\"0\" >\n\t\t<div class=\"vc_column-inner\" >\n\t\t\t<div class=\"wpb_wrapper\">\n\t\t\t\t\n<div class=\"wpb_text_column wpb_content_element\" >\n\t<p><strong>El s\u00e1bado 28 de febrero, jornada dedicada a las realidades locales entre innovaci\u00f3n y colaboraci\u00f3n. Inscripci\u00f3n abierta para desarrolladores independientes, equipos y empresas.<\/strong><\/p>\n<p>Micro-startups digitales y peque\u00f1as y medianas empresas se enfrentan en una jornada dedicada a la innovaci\u00f3n y la colaboraci\u00f3n. El s\u00e1bado 28 de febrero, el Laboratorio Aperto de M\u00f3dena promueve el 'Indie SaaS Day M\u00f3dena 2026', un evento dise\u00f1ado para reunir a grupos emprendedores y empresas de la zona, fomentando el crecimiento, el desarrollo de soluciones tecnol\u00f3gicas de alto potencial y nuevas oportunidades de networking cualificado.<\/p>\n<p>La jornada se celebra en el Laboratorio Aperto de M\u00f3dena, Viale Buon Pastore 43, y ofrece formaci\u00f3n intensiva y encuentros empresariales. El evento est\u00e1 abierto a desarrolladores y equipos independientes -tanto con software ya desarrollado como en fase de idea- y a empresas interesadas en conocer proyectos digitales innovadores. La inscripci\u00f3n est\u00e1 abierta en l\u00ednea en la plataforma Eventbrite.<\/p>\n<p>La ma\u00f1ana, de 9.00 a 13.00 horas, est\u00e1 dedicada a la formaci\u00f3n de fundadores y desarrolladores de microempresas SaaS autofinanciadas (bootstrapped). Tres ponencias ofrecen herramientas concretas para mejorar el posicionamiento de los proyectos y prepararlos para el mercado. Davide Muzzarelli, experto en desarrollo web y marketing digital, profundizar\u00e1 en el enfoque \"indie\" y las mejores pr\u00e1cticas para micro-startups autofinanciadas; Riccardo Carlesso, Developer Advocate de Google Cloud, ilustrar\u00e1 el m\u00e9todo Google para la puesta en marcha y el crecimiento de una startup y el papel de la cultura corporativa en el desarrollo de equipos.<\/p>\n<p>Por la tarde, tras una pausa para comer y una hora de trabajo aut\u00f3nomo para perfeccionar las presentaciones, los participantes expondr\u00e1n sus lanzamientos ante el p\u00fablico y las empresas presentes. A continuaci\u00f3n tendr\u00e1 lugar el business matching: un momento de confrontaci\u00f3n directa que no tiene fines de reclutamiento o inversi\u00f3n, sino que pretende estimular colaboraciones, experimentaciones y posibles primeros clientes.<\/p>\n<p>Los proyectos implicados abarcan diversos \u00e1mbitos de la transformaci\u00f3n digital: desde la simplificaci\u00f3n de los procesos empresariales a la valorizaci\u00f3n de los datos, desde la digitalizaci\u00f3n de los servicios a la creaci\u00f3n de nuevas herramientas para profesionales y organizaciones. La iniciativa forma parte de las actividades del proyecto Atuss, la Agenda de Transformaci\u00f3n Urbana para el Desarrollo Sostenible del Ayuntamiento de M\u00f3dena, uno de cuyos objetivos generales es apoyar la transici\u00f3n digital, con el fin de contribuir a la creaci\u00f3n de comunidades digitales a nivel local, aumentando las competencias de los ciudadanos y las empresas y fomentando su desarrollo y expansi\u00f3n.<\/p>\n<p>M\u00e1s informaci\u00f3n en <a href=\"http:\/\/indiesaashub.com\" target=\"_blank\" rel=\"noopener\">indiesaashub.com<\/a> e <a href=\"http:\/\/laboratorioapertomodena.it\" target=\"_blank\" rel=\"noopener\">laboratorioapertomodena.it<\/a>.<\/p>\n<\/div>\n\n\n\n\n\t<div class=\"wpb_gallery wpb_content_element clearfix\">\n\t\t<div class=\"wpb_wrapper\"><div class=\"wpb_gallery_slidesflickity_style\" data-onclick=\"link_image\" data-interval=\"5\"><div class=\"nectar-flickity not-initialized\" role=\"region\" aria-roledescription=\"carousel\" aria-label=\"Galer\u00eda de im\u00e1genes\"  data-touch-icon-color=\"default\" data-stagger=\"\" data-drag-scale=\"\" data-overflow=\"hidden\" data-wrap=\"wrap\" data-spacing=\"default\" data-shadow=\"large_depth\" data-autoplay=\"true\" data-autoplay-dur=\"\" data-free-scroll=\"\" data-controls=\"material_pagination\" data-desktop-columns=\"1\" data-small-desktop-columns=\"1\" data-tablet-columns=\"1\" data-phone-columns=\"1\"><div class=\"flickity-viewport\"> <div class=\"flickity-slider\"><div class=\"cell\" data-lazy=\"false\"><img decoding=\"async\" class=\"skip-lazy nectar-lazy\" src=\"https:\/\/modenafuturacreativa.it\/wp-content\/uploads\/2026\/02\/indie-saas-day-modena-600x450.jpg\" width=\"600\" height=\"450\" alt=\"indie-saas-day-modena\" title=\"indie-saas-day-modena\" loading=\"lazy\" \/><a class=\"entire-slide-link\" aria-label=\"indie-saas-day-modena\"  href=\"https:\/\/modenafuturacreativa.it\/wp-content\/uploads\/2026\/02\/indie-saas-day-modena.jpg\"><\/a><\/div><\/div><\/div><\/div><\/div>\n\t\t<\/div> \n\t<\/div> \n\t\t\t<\/div> \n\t\t<\/div>\n\t<\/div> \n<\/div><\/div>","protected":false},"excerpt":{"rendered":"Sabato 28 febbraio una giornata dedicata alle realt\u00e0 del territorio tra innovazione e collaborazione. Iscrizioni aperte per sviluppatori indipendenti, team e aziende Micro-startup digitali e piccole e medie imprese a...","protected":false},"author":1,"featured_media":6757,"comment_status":"closed","ping_status":"closed","sticky":false,"template":"","format":"standard","meta":{"wpupg_custom_link":[],"wpupg_custom_link_behaviour":["default"],"wpupg_custom_link_nofollow":["default"],"wpupg_custom_image":[],"wpupg_custom_image_id":[],"footnotes":""},"categories":[475],"tags":[],"class_list":["post-6687","post","type-post","status-publish","format-standard","has-post-thumbnail","category-news"],"_links":{"self":[{"href":"https:\/\/modenafuturacreativa.it\/es\/wp-json\/wp\/v2\/posts\/6687","targetHints":{"allow":["GET"]}}],"collection":[{"href":"https:\/\/modenafuturacreativa.it\/es\/wp-json\/wp\/v2\/posts"}],"about":[{"href":"https:\/\/modenafuturacreativa.it\/es\/wp-json\/wp\/v2\/types\/post"}],"author":[{"embeddable":true,"href":"https:\/\/modenafuturacreativa.it\/es\/wp-json\/wp\/v2\/users\/1"}],"replies":[{"embeddable":true,"href":"https:\/\/modenafuturacreativa.it\/es\/wp-json\/wp\/v2\/comments?post=6687"}],"version-history":[{"count":1,"href":"https:\/\/modenafuturacreativa.it\/es\/wp-json\/wp\/v2\/posts\/6687\/revisions"}],"predecessor-version":[{"id":6758,"href":"https:\/\/modenafuturacreativa.it\/es\/wp-json\/wp\/v2\/posts\/6687\/revisions\/6758"}],"wp:featuredmedia":[{"embeddable":true,"href":"https:\/\/modenafuturacreativa.it\/es\/wp-json\/wp\/v2\/media\/6757"}],"wp:attachment":[{"href":"https:\/\/modenafuturacreativa.it\/es\/wp-json\/wp\/v2\/media?parent=6687"}],"wp:term":[{"taxonomy":"category","embeddable":true,"href":"https:\/\/modenafuturacreativa.it\/es\/wp-json\/wp\/v2\/categories?post=6687"},{"taxonomy":"post_tag","embeddable":true,"href":"https:\/\/modenafuturacreativa.it\/es\/wp-json\/wp\/v2\/tags?post=6687"}],"curies":[{"name":"wp","href":"https:\/\/api.w.org\/{rel}","templated":true}]}}