{"id":6616,"date":"2026-02-18T11:35:26","date_gmt":"2026-02-18T10:35:26","guid":{"rendered":"https:\/\/modenafuturacreativa.it\/?p=6616"},"modified":"2026-02-18T11:35:26","modified_gmt":"2026-02-18T10:35:26","slug":"alberi-festival-lab","status":"publish","type":"post","link":"https:\/\/modenafuturacreativa.it\/es\/alberi-festival-lab\/","title":{"rendered":"Alberi Festival Lab, del 17 al 19 de abril M\u00f3dena vuelve a ser la ciudad de los \u00e1rboles"},"content":{"rendered":"<div id=\"fws_6a9b7c739371f\"  data-column-margin=\"default\" data-midnight=\"dark\"  class=\"wpb_row vc_row-fluid vc_row\"  style=\"padding-top: 0px; padding-bottom: 0px; \"><div class=\"row-bg-wrap\" data-bg-animation=\"none\" data-bg-animation-delay=\"\" data-bg-overlay=\"false\"><div class=\"inner-wrap row-bg-layer\" ><div class=\"row-bg viewport-desktop\"  style=\"\"><\/div><\/div><\/div><div class=\"row_col_wrap_12 col span_12 dark left\">\n\t<div  class=\"vc_col-sm-12 wpb_column column_container vc_column_container col no-extra-padding inherit_tablet inherit_phone\"  data-padding-pos=\"all\" data-has-bg-color=\"false\" data-bg-color=\"\" data-bg-opacity=\"1\" data-animation=\"\" data-delay=\"0\" >\n\t\t<div class=\"vc_column-inner\" >\n\t\t\t<div class=\"wpb_wrapper\">\n\t\t\t\t\n<div class=\"wpb_text_column wpb_content_element\" >\n\t<p><strong>Durante tres d\u00edas, el Pueblo de los Artesanos se convierte en una obra abierta con debates, talleres, exposiciones e instalaciones.<\/strong><\/p>\n<p>Del viernes 17 al domingo 19 de abril, tras el \u00e9xito de la primera edici\u00f3n del a\u00f1o pasado, el Festival Alberi vuelve a M\u00f3dena, transformando de nuevo el Villaggio Artigiano M\u00f3dena Ovest (Pueblo Artesano M\u00f3dena Oeste) en una gran obra abierta: un espacio de investigaci\u00f3n y experimentaci\u00f3n que anticipa la edici\u00f3n de 2027 del Festival Alberi y plantea una pregunta sencilla y radical: \u00bfqu\u00e9 ocurre si empezamos a dise\u00f1ar la ciudad a partir de los \u00e1rboles?<\/p>\n<p>El festival naci\u00f3 de una fuerte intuici\u00f3n, cultivada por el Departamento de Cultura del Ayuntamiento de M\u00f3dena junto con la Fondazione Archivio Leonardi: los \u00e1rboles no son muebles, no son m\u00e1rgenes, no son complementos est\u00e9ticos. Son un modelo y una herramienta para repensar el espacio urbano. La inspiraci\u00f3n hunde sus ra\u00edces en los famosos dibujos de Cesare Leonardi y Franca Stagi, conservados en la casa-estudio situada en la esquina de Viale Emilio Po y Via Nicol\u00f2 Biondo, fruto de una investigaci\u00f3n pionera que culmin\u00f3 en el volumen \"L'Architettura degli Alberi\" de 1982, que sigue siendo una referencia internacional para el dise\u00f1o ecol\u00f3gico. En esa obra, se realiza una inversi\u00f3n de perspectiva: los \u00e1rboles no se insertan dentro de la ciudad, sino que \u00e9sta se imagina a partir de los \u00e1rboles.<\/p>\n<p>El programa del Alberi Festival Lab ha sido presentado esta ma\u00f1ana en la casa-estudio Leonardi por los concejales de Cultura y Urbanismo y Parques del Ayuntamiento de M\u00f3dena, Andrea Bortolamasi y Carla Ferrari, por Andrea Cavani por la Fundaci\u00f3n Archivo Leonardi, en representaci\u00f3n de los comisarios del Festival, y por Beppe Cottafavi, director editorial de Il Dondolo y creador del taller literario \"Escribir la Naturaleza\".<\/p>\n<p>La espina dorsal del programa la forman los cuatro paneles de debate que jalonan las jornadas del 18 y 19 de abril, en los que participan acad\u00e9micos, dise\u00f1adores, artistas, administradores, partes interesadas y ciudadanos en un debate abierto. \"Saber ver los \u00e1rboles\" se centra en el conocimiento como condici\u00f3n para una coexistencia f\u00e9rtil entre el hombre y la naturaleza. Fitopat\u00f3logos, agr\u00f3nomos, arboricultores y paleobot\u00e1nicos reflexionan sobre c\u00f3mo la observaci\u00f3n atenta y consciente de la vida vegetal puede generar una nueva visi\u00f3n del espacio urbano. Entre los invitados figuran Giovanni Morelli, Francesco Ferrini y Giovanna Bosi. \"La metamorfosis de los \u00e1rboles\" explora el tema del proceso, del cambio continuo que caracteriza la vida vegetal y se convierte en inspiraci\u00f3n para pr\u00e1cticas art\u00edsticas y experimentaci\u00f3n visual, en un di\u00e1logo entre disciplinas creativas e investigaci\u00f3n cient\u00edfica. Los artistas participantes son Giacomo Cossio, Chiara Lecca, Luca Boffi, Francesco Bocchini y Guido Scarabottolo. \"La ciudad de los \u00e1rboles\" aborda el tema de la participaci\u00f3n, mostrando c\u00f3mo la construcci\u00f3n y el cuidado del espacio p\u00fablico pueden convertirse en una oportunidad para la comunidad y la corresponsabilidad. Sabina Lenoci, Carla Tedesco y Giulio Focardi debaten sobre ello, poniendo sobre la mesa experiencias concretas de parques construidos y gestionados de forma participativa. \"Progettare con gli alberi\" aborda finalmente la dimensi\u00f3n constructiva, considerando los \u00e1rboles como verdaderas infraestructuras vivas, capaces de generar calidad urbana y sostenibilidad, con aportaciones de Annalisa Metta, Carlo Masera y Cesare Mazzocchi, entre otros.<\/p>\n<p>Junto a las mesas se desarrolla un sistema difuso de exposiciones, instalaciones y talleres. El eje es la Officina Botanica, un proyecto experimental de regeneraci\u00f3n verde instalado en una antigua nave industrial de la Villa y conectado directamente con la casa-estudio Leonardi. Aqu\u00ed naturaleza y arquitectura entran en una relaci\u00f3n concreta, dando forma a un espacio que entre plantas y \u00e1rboles alberga obras de arte, fotograf\u00edas, mapas, dibujos y materiales de archivo. Entre los artistas participantes figuran Marina Caneve, Giacomo Cossio, Giulio Costa, Francesco Fantoni, Alessandro Lupi, Marino Neri, Beatrice Pucci, Guido Scarabottolo y Francesca Zoboli.<\/p>\n<p>Entre las exposiciones especialmente producidas para el festival figuran \"Podr\u00edan ser gigantes (en la ciudad)\", dedicada a los \u00e1rboles monumentales, la muestra de fotograf\u00edas hist\u00f3ricas de parques modeneses procedentes de los archivos municipales, la videoinstalaci\u00f3n \"Un paseo entre los \u00e1rboles\", nacida de una convocatoria p\u00fablica, \"Dibujando \u00e1rboles\", con trabajos de escuelas, la instalaci\u00f3n arquitect\u00f3nica \"El bar\u00f3n rampante\" y la instalaci\u00f3n sonora \"Nosotros, \u00e1rboles\".<\/p>\n<p>La participaci\u00f3n p\u00fablica es parte integrante del proyecto. Dos convocatorias abiertas invitan a la gente a contribuir activamente: \"Un paseo entre los \u00e1rboles\", a trav\u00e9s de la cual todo el mundo puede enviar hasta el 21 de marzo v\u00eddeos cortos de paseos por parques y zonas verdes rodados en M\u00f3dena u otras ciudades, que se convertir\u00e1n en una instalaci\u00f3n inmersiva durante el Festival, mientras que \"Trae tu planta al Festival Alberi\" implica a los ciudadanos en la instalaci\u00f3n colectiva de la Officina Botanica, pidi\u00e9ndoles que traigan una planta en maceta.<\/p>\n<p>El Festival tambi\u00e9n se arraiga f\u00edsicamente en el Pueblo de los Artesanos mediante la plantaci\u00f3n de nuevos \u00e1rboles a lo largo de las calles, consolidando la experimentaci\u00f3n iniciada en 2025 y verificando concretamente las limitaciones y criticidades de una ciudad que aspira a ser a la vez humana y arbor\u00edcola.<\/p>\n<p>El s\u00e1bado 18 de abril, los pabellones permanecen abiertos hasta medianoche y una cena bot\u00e1nica en un lugar especial ampl\u00eda la experiencia a una dimensi\u00f3n de convivencia.<\/p>\n<p>Tambi\u00e9n vuelve la querida librer\u00eda-biblioteca de \u00e1rboles, creada en colaboraci\u00f3n con las bibliotecas municipales, la editorial LazyDog y Feltrinelli, y que este a\u00f1o contar\u00e1 con un montaje de madera amarilla que no hay que perderse, donde se podr\u00e1 leer u hojear una rica selecci\u00f3n de libros sobre \u00e1rboles y naturaleza.<\/p>\n<p>Alberi Festival Lab est\u00e1 realizado por el Ayuntamiento de M\u00f3dena y la Fundaci\u00f3n Leonardi, con el apoyo de la Regi\u00f3n de Emilia-Romagna, la C\u00e1mara de Comercio de M\u00f3dena y el estudio Bunker de identidad visual, gr\u00e1ficos y web. Los socios del proyecto son los institutos culturales de la ciudad, Amigdala, la Universidad de M\u00f3dena y Reggio Emilia, la Fundaci\u00f3n AGO, el Ayuntamiento de Pavullo, el Ayuntamiento de Vignola y el Ayuntamiento de Nonantola.<\/p>\n<p>Toda la informaci\u00f3n sobre el Festival, actualizaciones del programa, talleres, invitados y convocatorias abiertas est\u00e1n disponibles en la web <a href=\"https:\/\/www.alberifestival.it\/\" target=\"_blank\" rel=\"noopener\">www.alberifestival.it<\/a><\/p>\n<\/div>\n\n\n\n\n\t<div class=\"wpb_gallery wpb_content_element clearfix\">\n\t\t<div class=\"wpb_wrapper\"><div class=\"wpb_gallery_slidesflickity_style\" data-onclick=\"link_image\" data-interval=\"5\"><div class=\"nectar-flickity not-initialized\" role=\"region\" aria-roledescription=\"carousel\" aria-label=\"Galer\u00eda de im\u00e1genes\"  data-touch-icon-color=\"default\" data-stagger=\"\" data-drag-scale=\"\" data-overflow=\"hidden\" data-wrap=\"wrap\" data-spacing=\"default\" data-shadow=\"large_depth\" data-autoplay=\"true\" data-autoplay-dur=\"\" data-free-scroll=\"\" data-controls=\"material_pagination\" data-desktop-columns=\"1\" data-small-desktop-columns=\"1\" data-tablet-columns=\"1\" data-phone-columns=\"1\"><div class=\"flickity-viewport\"> <div class=\"flickity-slider\"><div class=\"cell\" data-lazy=\"false\"><img decoding=\"async\" class=\"skip-lazy nectar-lazy\" src=\"https:\/\/modenafuturacreativa.it\/wp-content\/uploads\/2026\/02\/1-1-600x450.jpg\" width=\"600\" height=\"450\" alt=\"1\" title=\"1\" loading=\"lazy\" \/><a class=\"entire-slide-link\" aria-label=\"1\"  href=\"https:\/\/modenafuturacreativa.it\/wp-content\/uploads\/2026\/02\/1-1.jpg\"><\/a><\/div><div class=\"cell\" data-lazy=\"false\"><img decoding=\"async\" class=\"skip-lazy nectar-lazy\" src=\"https:\/\/modenafuturacreativa.it\/wp-content\/uploads\/2026\/02\/2-1-600x450.jpg\" width=\"600\" height=\"450\" alt=\"2\" title=\"2\" loading=\"lazy\" \/><a class=\"entire-slide-link\" aria-label=\"2\"  href=\"https:\/\/modenafuturacreativa.it\/wp-content\/uploads\/2026\/02\/2-1.jpg\"><\/a><\/div><div class=\"cell\" data-lazy=\"false\"><img decoding=\"async\" class=\"skip-lazy nectar-lazy\" src=\"https:\/\/modenafuturacreativa.it\/wp-content\/uploads\/2026\/02\/3-1-600x450.jpg\" width=\"600\" height=\"450\" alt=\"3\" title=\"3\" loading=\"lazy\" \/><a class=\"entire-slide-link\" aria-label=\"3\"  href=\"https:\/\/modenafuturacreativa.it\/wp-content\/uploads\/2026\/02\/3-1.jpg\"><\/a><\/div><div class=\"cell\" data-lazy=\"false\"><img decoding=\"async\" class=\"skip-lazy nectar-lazy\" src=\"https:\/\/modenafuturacreativa.it\/wp-content\/uploads\/2026\/02\/4-600x450.jpg\" width=\"600\" height=\"450\" alt=\"4\" title=\"4\" loading=\"lazy\" \/><a class=\"entire-slide-link\" aria-label=\"4\"  href=\"https:\/\/modenafuturacreativa.it\/wp-content\/uploads\/2026\/02\/4.jpg\"><\/a><\/div><\/div><\/div><\/div><\/div>\n\t\t<\/div> \n\t<\/div> \n\t\t\t<\/div> \n\t\t<\/div>\n\t<\/div> \n<\/div><\/div>","protected":false},"excerpt":{"rendered":"Durante tres d\u00edas, el Villaggio Artigiano se convierte en una obra en marcha, con debates, talleres, exposiciones e instalaciones. Del viernes 17 al domingo 19 de abril, tras el \u00e9xito de la primera edici\u00f3n celebrada el pasado...","protected":false},"author":1,"featured_media":6682,"comment_status":"closed","ping_status":"closed","sticky":false,"template":"","format":"standard","meta":{"wpupg_custom_link":[],"wpupg_custom_link_behaviour":["default"],"wpupg_custom_link_nofollow":["default"],"wpupg_custom_image":[],"wpupg_custom_image_id":[],"footnotes":""},"categories":[475],"tags":[],"class_list":["post-6616","post","type-post","status-publish","format-standard","has-post-thumbnail","category-news"],"_links":{"self":[{"href":"https:\/\/modenafuturacreativa.it\/es\/wp-json\/wp\/v2\/posts\/6616","targetHints":{"allow":["GET"]}}],"collection":[{"href":"https:\/\/modenafuturacreativa.it\/es\/wp-json\/wp\/v2\/posts"}],"about":[{"href":"https:\/\/modenafuturacreativa.it\/es\/wp-json\/wp\/v2\/types\/post"}],"author":[{"embeddable":true,"href":"https:\/\/modenafuturacreativa.it\/es\/wp-json\/wp\/v2\/users\/1"}],"replies":[{"embeddable":true,"href":"https:\/\/modenafuturacreativa.it\/es\/wp-json\/wp\/v2\/comments?post=6616"}],"version-history":[{"count":1,"href":"https:\/\/modenafuturacreativa.it\/es\/wp-json\/wp\/v2\/posts\/6616\/revisions"}],"predecessor-version":[{"id":6686,"href":"https:\/\/modenafuturacreativa.it\/es\/wp-json\/wp\/v2\/posts\/6616\/revisions\/6686"}],"wp:featuredmedia":[{"embeddable":true,"href":"https:\/\/modenafuturacreativa.it\/es\/wp-json\/wp\/v2\/media\/6682"}],"wp:attachment":[{"href":"https:\/\/modenafuturacreativa.it\/es\/wp-json\/wp\/v2\/media?parent=6616"}],"wp:term":[{"taxonomy":"category","embeddable":true,"href":"https:\/\/modenafuturacreativa.it\/es\/wp-json\/wp\/v2\/categories?post=6616"},{"taxonomy":"post_tag","embeddable":true,"href":"https:\/\/modenafuturacreativa.it\/es\/wp-json\/wp\/v2\/tags?post=6616"}],"curies":[{"name":"wp","href":"https:\/\/api.w.org\/{rel}","templated":true}]}}