{"id":6231,"date":"2025-12-15T12:08:58","date_gmt":"2025-12-15T11:08:58","guid":{"rendered":"https:\/\/modenafuturacreativa.it\/?p=6231"},"modified":"2025-12-15T12:08:58","modified_gmt":"2025-12-15T11:08:58","slug":"un-solo-biglietto-per-scoprire-lanima-culturale-di-modena","status":"publish","type":"post","link":"https:\/\/modenafuturacreativa.it\/es\/un-solo-biglietto-per-scoprire-lanima-culturale-di-modena\/","title":{"rendered":"Un billete \u00fanico para descubrir el alma cultural de M\u00f3dena"},"content":{"rendered":"<div id=\"fws_6a9b7bedcce6e\"  data-column-margin=\"default\" data-midnight=\"dark\"  class=\"wpb_row vc_row-fluid vc_row\"  style=\"padding-top: 0px; padding-bottom: 0px; \"><div class=\"row-bg-wrap\" data-bg-animation=\"none\" data-bg-animation-delay=\"\" data-bg-overlay=\"false\"><div class=\"inner-wrap row-bg-layer\" ><div class=\"row-bg viewport-desktop\"  style=\"\"><\/div><\/div><\/div><div class=\"row_col_wrap_12 col span_12 dark left\">\n\t<div  class=\"vc_col-sm-12 wpb_column column_container vc_column_container col no-extra-padding inherit_tablet inherit_phone\"  data-padding-pos=\"all\" data-has-bg-color=\"false\" data-bg-color=\"\" data-bg-opacity=\"1\" data-animation=\"\" data-delay=\"0\" >\n\t\t<div class=\"vc_column-inner\" >\n\t\t\t<div class=\"wpb_wrapper\">\n\t\t\t\t\n<div class=\"wpb_text_column wpb_content_element\" >\n\t<p><strong>Museo C\u00edvico, Galleria Estense, Gipsoteca Graziosi y Avia Pervia juntos en un proyecto que refuerza la identidad del Palazzo dei Musei y simplifica el acceso<\/strong><\/p>\n<p>Una forma innovadora de narrar M\u00f3dena a trav\u00e9s de sus museos toma forma con la introducci\u00f3n del billete integrado que permite visitar conjuntamente el Museo C\u00edvico y la Galleria Estense. Es un paso que trasciende la simple facilitaci\u00f3n del acceso y se presenta como una inversi\u00f3n cultural: un gesto concreto de colaboraci\u00f3n entre diferentes instituciones, Ayuntamiento y Estado, que deciden compartir lenguajes, visiones y responsabilidades en torno a un patrimonio com\u00fan. Trabajar codo con codo, superando obst\u00e1culos administrativos y fronteras institucionales, significa devolver a ciudadanos y visitantes un Palazzo dei Musei cada vez m\u00e1s reconocible como un lugar precioso, vivo y estratificado, donde la historia de M\u00f3dena ha encontrado un hogar desde finales del siglo XIX.<\/p>\n<p>Presentada esta ma\u00f1ana por el alcalde Massimo Mezzetti, el concejal de Cultura Andrea Bortolamasi, la directora de las Galer\u00edas Estenses Alessandra Necci y la directora del Museo C\u00edvico Valentina Galloni, la entrada integrada forma parte de un proceso m\u00e1s amplio de redefinici\u00f3n de la identidad del Palacio de los Museos, complejo que alberga -junto al Museo C\u00edvico y la Galer\u00eda Estense- la Biblioteca Universitaria Estense, la Biblioteca de Arte Poletti y el Archivo Hist\u00f3rico Municipal. Todas realidades unidas por una idea de la cultura como servicio, investigaci\u00f3n, conservaci\u00f3n y puesta en com\u00fan, ahora inmersas en un proyecto global de remodelaci\u00f3n que permitir\u00e1 ampliar los espacios y renovar las modalidades de uso. La introducci\u00f3n de la entrada \u00fanica se convierte as\u00ed en un primer paso hacia un verdadero sistema muse\u00edstico moden\u00e9s que incluir\u00e1 tambi\u00e9n, en el futuro, el complejo Ago, el antiguo hospital de Sant'Agostino a\u00fan en transformaci\u00f3n.<\/p>\n<p>La campa\u00f1a de comunicaci\u00f3n que acompa\u00f1a al nuevo billete hace hincapi\u00e9 precisamente en este di\u00e1logo entre instituciones: un di\u00e1logo visual, conceptual y narrativo, que enlaza patrimonios diferentes pero complementarios, sugiriendo al visitante un viaje continuo a trav\u00e9s del arte, la historia, la arqueolog\u00eda, la artesan\u00eda y la identidad de la ciudad. Para el lanzamiento de la iniciativa tambi\u00e9n se ha dise\u00f1ado un kit dedicado a las familias, una invitaci\u00f3n concreta a explorar los museos como lugares para vivir experiencias juntos, donde cada colecci\u00f3n puede enriquecer a la siguiente en un juego de referencias cruzadas y descubrimientos.<\/p>\n<p>El billete integrado permite la entrada a la Galer\u00eda Estense, al Museo C\u00edvico con la Gipsoteca Graziosi y a la sala inmersiva Avia Pervia, durante un periodo de 365 d\u00edas. El coste es de 10 euros para la entrada completa y de 5 euros para la reducida, reservada a visitantes de entre 18 y 25 a\u00f1os y otras categor\u00edas espec\u00edficas; sigue siendo gratuita hasta los 18 a\u00f1os. Puede adquirirse en las taquillas de la Galer\u00eda Estense y el Museo C\u00edvico, o en l\u00ednea en la plataforma Midaticket.<\/p>\n<p>La Galleria Estense, creada en 1854 por Francesco V de Austria-Este, alberga la extraordinaria colecci\u00f3n de los duques de Este: pinturas de los siglos XIV al XVIII, esculturas, objetos de artes aplicadas, bronces, may\u00f3licas, medallas e instrumentos musicales, as\u00ed como la preciosa colecci\u00f3n de antig\u00fcedades de las principales culturas del mundo antiguo. Un compendio art\u00edstico e hist\u00f3rico que sigue definiendo la identidad cultural de la ciudad.<\/p>\n<p>Por su parte, el Museo Civico di Modena, fundado en 1871, ofrece un itinerario por la historia de la ciudad y sus territorios desde la prehistoria hasta la actualidad, gracias a colecciones que entrelazan arqueolog\u00eda, etnolog\u00eda y artes aplicadas. El museo incluye la Colecci\u00f3n de Yeso Giuseppe Graziosi, el Lapidario Romano y la sala inmersiva Avia Pervia, que integra tecnolog\u00edas digitales y narraciones hist\u00f3ricas para contar la historia de M\u00f3dena de formas nuevas y envolventes.<\/p>\n<\/div>\n\n\n\n\n\t<div class=\"wpb_gallery wpb_content_element clearfix\">\n\t\t<div class=\"wpb_wrapper\"><div class=\"wpb_gallery_slidesflickity_style\" data-onclick=\"link_image\" data-interval=\"5\"><div class=\"nectar-flickity not-initialized\" role=\"region\" aria-roledescription=\"carousel\" aria-label=\"Galer\u00eda de im\u00e1genes\"  data-touch-icon-color=\"default\" data-stagger=\"\" data-drag-scale=\"\" data-overflow=\"hidden\" data-wrap=\"wrap\" data-spacing=\"default\" data-shadow=\"large_depth\" data-autoplay=\"true\" data-autoplay-dur=\"\" data-free-scroll=\"\" data-controls=\"material_pagination\" data-desktop-columns=\"1\" data-small-desktop-columns=\"1\" data-tablet-columns=\"1\" data-phone-columns=\"1\"><div class=\"flickity-viewport\"> <div class=\"flickity-slider\"><div class=\"cell\" data-lazy=\"false\"><img decoding=\"async\" class=\"skip-lazy nectar-lazy\" src=\"https:\/\/modenafuturacreativa.it\/wp-content\/uploads\/2025\/12\/1-3-600x450.jpg\" width=\"600\" height=\"450\" alt=\"1\" title=\"1\" loading=\"lazy\" \/><a class=\"entire-slide-link\" aria-label=\"1\"  href=\"https:\/\/modenafuturacreativa.it\/wp-content\/uploads\/2025\/12\/1-3.jpg\"><\/a><\/div><div class=\"cell\" data-lazy=\"false\"><img decoding=\"async\" class=\"skip-lazy nectar-lazy\" src=\"https:\/\/modenafuturacreativa.it\/wp-content\/uploads\/2025\/12\/4-2-scaled-600x450.jpg\" width=\"600\" height=\"450\" alt=\"4\" title=\"4\" loading=\"lazy\" \/><a class=\"entire-slide-link\" aria-label=\"4\"  href=\"https:\/\/modenafuturacreativa.it\/wp-content\/uploads\/2025\/12\/4-2-scaled.jpg\"><\/a><\/div><div class=\"cell\" data-lazy=\"false\"><img decoding=\"async\" class=\"skip-lazy nectar-lazy\" src=\"https:\/\/modenafuturacreativa.it\/wp-content\/uploads\/2025\/12\/3-2-600x450.jpg\" width=\"600\" height=\"450\" alt=\"3\" title=\"3\" loading=\"lazy\" \/><a class=\"entire-slide-link\" aria-label=\"3\"  href=\"https:\/\/modenafuturacreativa.it\/wp-content\/uploads\/2025\/12\/3-2.jpg\"><\/a><\/div><div class=\"cell\" data-lazy=\"false\"><img decoding=\"async\" class=\"skip-lazy nectar-lazy\" src=\"https:\/\/modenafuturacreativa.it\/wp-content\/uploads\/2025\/12\/2-2-scaled-600x450.jpg\" width=\"600\" height=\"450\" alt=\"2\" title=\"2\" loading=\"lazy\" \/><a class=\"entire-slide-link\" aria-label=\"2\"  href=\"https:\/\/modenafuturacreativa.it\/wp-content\/uploads\/2025\/12\/2-2-scaled.jpg\"><\/a><\/div><div class=\"cell\" data-lazy=\"false\"><img decoding=\"async\" class=\"skip-lazy nectar-lazy\" src=\"https:\/\/modenafuturacreativa.it\/wp-content\/uploads\/2025\/12\/5-2-600x450.jpg\" width=\"600\" height=\"450\" alt=\"5\" title=\"5\" loading=\"lazy\" \/><a class=\"entire-slide-link\" aria-label=\"5\"  href=\"https:\/\/modenafuturacreativa.it\/wp-content\/uploads\/2025\/12\/5-2.jpg\"><\/a><\/div><\/div><\/div><\/div><\/div>\n\t\t<\/div> \n\t<\/div> \n\t\t\t<\/div> \n\t\t<\/div>\n\t<\/div> \n<\/div><\/div>","protected":false},"excerpt":{"rendered":"Museo C\u00edvico, Galleria Estense, Gipsoteca Graziosi y Avia Pervia juntos en un proyecto que refuerza la identidad del Palazzo dei Musei y simplifica el acceso Una forma innovadora de contar la historia de M\u00f3dena...","protected":false},"author":1,"featured_media":6292,"comment_status":"closed","ping_status":"closed","sticky":false,"template":"","format":"standard","meta":{"wpupg_custom_link":[],"wpupg_custom_link_behaviour":["default"],"wpupg_custom_link_nofollow":["default"],"wpupg_custom_image":[],"wpupg_custom_image_id":[],"footnotes":""},"categories":[475],"tags":[],"class_list":["post-6231","post","type-post","status-publish","format-standard","has-post-thumbnail","category-news"],"_links":{"self":[{"href":"https:\/\/modenafuturacreativa.it\/es\/wp-json\/wp\/v2\/posts\/6231","targetHints":{"allow":["GET"]}}],"collection":[{"href":"https:\/\/modenafuturacreativa.it\/es\/wp-json\/wp\/v2\/posts"}],"about":[{"href":"https:\/\/modenafuturacreativa.it\/es\/wp-json\/wp\/v2\/types\/post"}],"author":[{"embeddable":true,"href":"https:\/\/modenafuturacreativa.it\/es\/wp-json\/wp\/v2\/users\/1"}],"replies":[{"embeddable":true,"href":"https:\/\/modenafuturacreativa.it\/es\/wp-json\/wp\/v2\/comments?post=6231"}],"version-history":[{"count":1,"href":"https:\/\/modenafuturacreativa.it\/es\/wp-json\/wp\/v2\/posts\/6231\/revisions"}],"predecessor-version":[{"id":6293,"href":"https:\/\/modenafuturacreativa.it\/es\/wp-json\/wp\/v2\/posts\/6231\/revisions\/6293"}],"wp:featuredmedia":[{"embeddable":true,"href":"https:\/\/modenafuturacreativa.it\/es\/wp-json\/wp\/v2\/media\/6292"}],"wp:attachment":[{"href":"https:\/\/modenafuturacreativa.it\/es\/wp-json\/wp\/v2\/media?parent=6231"}],"wp:term":[{"taxonomy":"category","embeddable":true,"href":"https:\/\/modenafuturacreativa.it\/es\/wp-json\/wp\/v2\/categories?post=6231"},{"taxonomy":"post_tag","embeddable":true,"href":"https:\/\/modenafuturacreativa.it\/es\/wp-json\/wp\/v2\/tags?post=6231"}],"curies":[{"name":"wp","href":"https:\/\/api.w.org\/{rel}","templated":true}]}}