{"id":6134,"date":"2025-12-05T12:59:57","date_gmt":"2025-12-05T11:59:57","guid":{"rendered":"https:\/\/modenafuturacreativa.it\/?p=6134"},"modified":"2025-12-05T12:59:57","modified_gmt":"2025-12-05T11:59:57","slug":"rita-cucchiara-ha-inaugurato-lanno-accademico-di-unimore-innovare-per-tramandare","status":"publish","type":"post","link":"https:\/\/modenafuturacreativa.it\/es\/rita-cucchiara-ha-inaugurato-lanno-accademico-di-unimore-innovare-per-tramandare\/","title":{"rendered":"Rita Cucchiara inaugura el curso acad\u00e9mico de Unimore: \"Innovar para transmitir"},"content":{"rendered":"<div id=\"fws_6a9b7bf725b2b\"  data-column-margin=\"default\" data-midnight=\"dark\"  class=\"wpb_row vc_row-fluid vc_row\"  style=\"padding-top: 0px; padding-bottom: 0px; \"><div class=\"row-bg-wrap\" data-bg-animation=\"none\" data-bg-animation-delay=\"\" data-bg-overlay=\"false\"><div class=\"inner-wrap row-bg-layer\" ><div class=\"row-bg viewport-desktop\"  style=\"\"><\/div><\/div><\/div><div class=\"row_col_wrap_12 col span_12 dark left\">\n\t<div  class=\"vc_col-sm-12 wpb_column column_container vc_column_container col no-extra-padding inherit_tablet inherit_phone\"  data-padding-pos=\"all\" data-has-bg-color=\"false\" data-bg-color=\"\" data-bg-opacity=\"1\" data-animation=\"\" data-delay=\"0\" >\n\t\t<div class=\"vc_column-inner\" >\n\t\t\t<div class=\"wpb_wrapper\">\n\t\t\t\t\n<div class=\"wpb_text_column wpb_content_element\" >\n\t<p><strong>La nueva Rectora present\u00f3 las l\u00edneas maestras de su mandato, con la innovaci\u00f3n cultural y el apoyo al desarrollo del complejo Ago entre las prioridades<\/strong><\/p>\n<p>Innovar para transmitir\". \u00c9ste es el t\u00edtulo elegido para las l\u00edneas maestras del sexenio de la rectora Rita Cucchiara, presentadas el jueves 4 de diciembre en la iglesia de San Carlo de M\u00f3dena con motivo de la inauguraci\u00f3n del 850\u00ba a\u00f1o acad\u00e9mico de Unimore, socio fundador de la Fundaci\u00f3n Ago junto con el Ayuntamiento de M\u00f3dena y la Fundaci\u00f3n M\u00f3dena. La ceremonia se abri\u00f3 con un cortejo acad\u00e9mico de catedr\u00e1ticos y profesores que recorrieron Via Universit\u00e0, saludados por ciudadanos y estudiantes, hasta llegar a la Iglesia, que dio la bienvenida a la comunidad acad\u00e9mica y a las autoridades presentes.<\/p>\n<p>La apertura del evento, acompa\u00f1ada por el Coro Unimore, fue el discurso de la Rectora de Unimore, Rita Cucchiara, en el que ilustr\u00f3 el Plan de Mandato 2025-2031 (disponible aqu\u00ed), que incluye la innovaci\u00f3n social entre las prioridades de la llamada Tercera Misi\u00f3n, la innovaci\u00f3n cultural y muse\u00edstica con \"la promoci\u00f3n de proyectos que integren ciencia, arte, cultura e inclusi\u00f3n, valorizando los museos, archivos y patrimonio material e inmaterial de la Universidad, apoyando el desarrollo del Complejo Ago como polo cultural y cient\u00edfico interdisciplinar\".<\/p>\n<p>En las directrices, el complejo Ago se define como \"una nueva plataforma estrat\u00e9gica para el encuentro entre la ciencia, el arte y la tecnolog\u00eda: un lugar para la investigaci\u00f3n, la exposici\u00f3n y la formaci\u00f3n que combina el patrimonio hist\u00f3rico y la experimentaci\u00f3n contempor\u00e1nea, fomentando la colaboraci\u00f3n entre universidades, instituciones culturales, organismos c\u00edvicos y ciudadanos. Ago ser\u00e1 el centro neur\u00e1lgico de un ecosistema cultural y cient\u00edfico abierto, dedicado a la difusi\u00f3n del conocimiento y la participaci\u00f3n ciudadana, con especial atenci\u00f3n a la sostenibilidad y la cultura digital\".<\/p>\n<p>En su discurso, la Rectora subray\u00f3 que \"en un contexto global incierto y en r\u00e1pida evoluci\u00f3n, la universidad debe seguir siendo una instituci\u00f3n s\u00f3lida, arraigada en sus tradiciones, pero capaz de anticipar y orientar el futuro. La universidad debe formar personas capaces de comprender la complejidad, adaptarse al cambio y afrontar sus dificultades\".<\/p>\n<p>Para Cucchiara, por tanto, Unimore \"debe representar el lugar donde se construye cada d\u00eda el futuro, con pensamiento cr\u00edtico, conocimiento y responsabilidad. En todas sus misiones, en la investigaci\u00f3n, en la educaci\u00f3n de las nuevas generaciones y en la colaboraci\u00f3n con la sociedad y el mundo de la producci\u00f3n, la Universidad est\u00e1 llamada a operar como motor de progreso y guardiana de los valores, preservando la herencia del pasado y generando la cultura y el conocimiento del ma\u00f1ana. Como Rector de la Universidad de M\u00f3dena y Reggio Emilia, \u00e9ste es el reto que quiero asumir junto con toda la comunidad acad\u00e9mica. He titulado mi Plan de Mandato \"innovar para transmitir\", es decir, llevar la transformaci\u00f3n digital a los procesos organizativos, definir modelos de ense\u00f1anza modernos, flexibles y atractivos, y cuidar la investigaci\u00f3n b\u00e1sica y aplicada para transmitir nuestro patrimonio de conocimientos en los pr\u00f3ximos a\u00f1os. El Plan se dirige a la comunidad acad\u00e9mica y estudiantil, a la ciudad y al territorio, con la esperanza de trabajar juntos en los pr\u00f3ximos seis a\u00f1os para consolidar y relanzar la Universidad, planificando juntos, en un contexto geopol\u00edtico complejo, el papel de la instituci\u00f3n p\u00fablica m\u00e1s antigua del territorio\".<\/p>\n<p>En la foto, la rectora Rita Cucchiara durante la ceremonia de apertura<\/p>\n<\/div>\n\n\n\n\n\t<div class=\"wpb_gallery wpb_content_element clearfix\">\n\t\t<div class=\"wpb_wrapper\"><div class=\"wpb_gallery_slidesflickity_style\" data-onclick=\"link_image\" data-interval=\"5\"><div class=\"nectar-flickity not-initialized\" role=\"region\" aria-roledescription=\"carousel\" aria-label=\"Galer\u00eda de im\u00e1genes\"  data-touch-icon-color=\"default\" data-stagger=\"\" data-drag-scale=\"\" data-overflow=\"hidden\" data-wrap=\"wrap\" data-spacing=\"default\" data-shadow=\"large_depth\" data-autoplay=\"true\" data-autoplay-dur=\"\" data-free-scroll=\"\" data-controls=\"material_pagination\" data-desktop-columns=\"1\" data-small-desktop-columns=\"1\" data-tablet-columns=\"1\" data-phone-columns=\"1\"><div class=\"flickity-viewport\"> <div class=\"flickity-slider\"><div class=\"cell\" data-lazy=\"false\"><img decoding=\"async\" class=\"skip-lazy nectar-lazy\" src=\"https:\/\/modenafuturacreativa.it\/wp-content\/uploads\/2025\/12\/Inaugurazione-850-Unimore-f__FillWzE0NDAsNTAwXQ-600x450.jpeg\" width=\"600\" height=\"450\" alt=\"Inaugurazione-850-Unimore-f__FillWzE0NDAsNTAwXQ\" title=\"Inauguraci\u00f3n-850-Unimore-f__FillWzE0NDAsNTAwXQ\" loading=\"lazy\" \/><a class=\"entire-slide-link\" aria-label=\"Inauguraci\u00f3n-850-Unimore-f__FillWzE0NDAsNTAwXQ\"  href=\"https:\/\/modenafuturacreativa.it\/wp-content\/uploads\/2025\/12\/Inaugurazione-850-Unimore-f__FillWzE0NDAsNTAwXQ.jpeg\"><\/a><\/div><\/div><\/div><\/div><\/div>\n\t\t<\/div> \n\t<\/div> \n\t\t\t<\/div> \n\t\t<\/div>\n\t<\/div> \n<\/div><\/div>","protected":false},"excerpt":{"rendered":"La nueva Rectora present\u00f3 las l\u00edneas maestras de su mandato, con la innovaci\u00f3n cultural y el apoyo al desarrollo del complejo Ago entre las prioridades \"Innovar para transmitir\". Este es el t\u00edtulo elegido...","protected":false},"author":1,"featured_media":6190,"comment_status":"closed","ping_status":"closed","sticky":false,"template":"","format":"standard","meta":{"wpupg_custom_link":[],"wpupg_custom_link_behaviour":["default"],"wpupg_custom_link_nofollow":["default"],"wpupg_custom_image":[],"wpupg_custom_image_id":[],"footnotes":""},"categories":[475],"tags":[],"class_list":["post-6134","post","type-post","status-publish","format-standard","has-post-thumbnail","category-news"],"_links":{"self":[{"href":"https:\/\/modenafuturacreativa.it\/es\/wp-json\/wp\/v2\/posts\/6134","targetHints":{"allow":["GET"]}}],"collection":[{"href":"https:\/\/modenafuturacreativa.it\/es\/wp-json\/wp\/v2\/posts"}],"about":[{"href":"https:\/\/modenafuturacreativa.it\/es\/wp-json\/wp\/v2\/types\/post"}],"author":[{"embeddable":true,"href":"https:\/\/modenafuturacreativa.it\/es\/wp-json\/wp\/v2\/users\/1"}],"replies":[{"embeddable":true,"href":"https:\/\/modenafuturacreativa.it\/es\/wp-json\/wp\/v2\/comments?post=6134"}],"version-history":[{"count":1,"href":"https:\/\/modenafuturacreativa.it\/es\/wp-json\/wp\/v2\/posts\/6134\/revisions"}],"predecessor-version":[{"id":6191,"href":"https:\/\/modenafuturacreativa.it\/es\/wp-json\/wp\/v2\/posts\/6134\/revisions\/6191"}],"wp:featuredmedia":[{"embeddable":true,"href":"https:\/\/modenafuturacreativa.it\/es\/wp-json\/wp\/v2\/media\/6190"}],"wp:attachment":[{"href":"https:\/\/modenafuturacreativa.it\/es\/wp-json\/wp\/v2\/media?parent=6134"}],"wp:term":[{"taxonomy":"category","embeddable":true,"href":"https:\/\/modenafuturacreativa.it\/es\/wp-json\/wp\/v2\/categories?post=6134"},{"taxonomy":"post_tag","embeddable":true,"href":"https:\/\/modenafuturacreativa.it\/es\/wp-json\/wp\/v2\/tags?post=6134"}],"curies":[{"name":"wp","href":"https:\/\/api.w.org\/{rel}","templated":true}]}}