{"id":6066,"date":"2025-12-04T15:50:13","date_gmt":"2025-12-04T14:50:13","guid":{"rendered":"https:\/\/modenafuturacreativa.it\/?p=6066"},"modified":"2025-12-04T15:51:23","modified_gmt":"2025-12-04T14:51:23","slug":"a-modena-un-capodanno-sospeso-nel-cielo-con-il-circo-aereo-galileo","status":"publish","type":"post","link":"https:\/\/modenafuturacreativa.it\/es\/a-modena-un-capodanno-sospeso-nel-cielo-con-il-circo-aereo-galileo\/","title":{"rendered":"En M\u00f3dena, una Nochevieja suspendida en el cielo con el circo a\u00e9reo \"Galileo"},"content":{"rendered":"<div id=\"fws_6a9b7bf654987\"  data-column-margin=\"default\" data-midnight=\"dark\"  class=\"wpb_row vc_row-fluid vc_row\"  style=\"padding-top: 0px; padding-bottom: 0px; \"><div class=\"row-bg-wrap\" data-bg-animation=\"none\" data-bg-animation-delay=\"\" data-bg-overlay=\"false\"><div class=\"inner-wrap row-bg-layer\" ><div class=\"row-bg viewport-desktop\"  style=\"\"><\/div><\/div><\/div><div class=\"row_col_wrap_12 col span_12 dark left\">\n\t<div  class=\"vc_col-sm-12 wpb_column column_container vc_column_container col no-extra-padding inherit_tablet inherit_phone\"  data-padding-pos=\"all\" data-has-bg-color=\"false\" data-bg-color=\"\" data-bg-opacity=\"1\" data-animation=\"\" data-delay=\"0\" >\n\t\t<div class=\"vc_column-inner\" >\n\t\t\t<div class=\"wpb_wrapper\">\n\t\t\t\t\n<div class=\"wpb_text_column wpb_content_element\" >\n\t<p>M\u00f3dena da la bienvenida al A\u00f1o Nuevo con el espect\u00e1culo que inaugur\u00f3 el a\u00f1o ol\u00edmpico en Par\u00eds, ante un Arco del Triunfo envuelto por una inmensa multitud. El pr\u00f3ximo 31 de diciembre, \"Galileo\", la fantasmag\u00f3rica creaci\u00f3n a\u00e9rea de la compa\u00f1\u00eda francesa Deus ex Machina, llegar\u00e1 a la Piazza Roma, a partir de las 23 horas, para transformar el paso a 2026 en una noche de puro asombro. La entrada ser\u00e1 gratuita hasta agotar las plazas y el ambiente festivo se ver\u00e1 amplificado por los DJ sets de Radio Bruno con Enzo Ferrari y Giordano Vaccari, antes y despu\u00e9s del espect\u00e1culo.<\/p>\n<p>La iniciativa se ha presentado en el Palazzo Comunale esta ma\u00f1ana, mi\u00e9rcoles 3 de diciembre, con una rueda de prensa a la que han asistido el alcalde Massimo Mezzetti, el concejal de Cultura Andrea Bortolamasi, Massimiliano Morini por la Fundaci\u00f3n M\u00f3dena, Claudio Borgianni de la Fundaci\u00f3n Entreterre, y Roberto De Lellis, comisario del evento.<\/p>\n<p>En esta edici\u00f3n modenesa, \"Galileo\" mantendr\u00e1 intacta la fuerza po\u00e9tica y visual que la hizo famosa: una gran esfera suspendida a 50 metros de altura, que se convierte en el centro de una coreograf\u00eda a\u00e9rea en la que cuerdas, telas, trapecios oscilantes, correas, un poste chino y danza vertical se entrelazan para narrar el m\u00e1s revolucionario de los cambios de perspectiva, el paso del geocentrismo al heliocentrismo. La figura de Galileo, un director de circo vestido de blanco, gu\u00eda al p\u00fablico con ligereza a trav\u00e9s de antiguas leyendas, atrevidas teor\u00edas y revelaciones cient\u00edficas, desde un mundo que imagina la Tierra descansando sobre el caparaz\u00f3n de una tortuga gigante hasta la audacia de la ley de la gravedad.<\/p>\n<p>Toda la historia se desarrolla suspendida de una gr\u00faa a cincuenta metros del suelo, mientras monumentales proyecciones de nebulosas y constelaciones se iluminan alrededor de los int\u00e9rpretes, animando los perfiles del siglo XVII de los edificios de Piazza Roma. La ciudad se convierte as\u00ed en un teatro natural que respira con la escena, un escenario urbano que se abre al cielo y es atravesado por luces, danzas y figuras que parecen desafiar la gravedad. La gran esfera de acero, verdadero coraz\u00f3n del espect\u00e1culo, gira sobre las cabezas de los espectadores como un planeta vivo, generando un flujo continuo de acrobacias, apariciones luminosas y gestos suspendidos.<\/p>\n<p>El final es una visi\u00f3n de pura gracia: la esfera, transformada en una especie de carrusel de estrellas, hace girar a los int\u00e9rpretes como peque\u00f1os personajes animados que dibujan dulces trayectorias en Nochevieja. Es un momento que conmueve a todas las edades, desde los ni\u00f1os hasta los abuelos, desde el p\u00fablico m\u00e1s curioso hasta el que busca otro tipo de emoci\u00f3n: Galileo est\u00e1 pensado para todos, \"de 3 a 90 a\u00f1os\", y aporta esa rara capacidad de combinar asombro, poes\u00eda y fiesta en una sola imagen compartida.<\/p>\n<p>Fundada en 2009 por profesionales que han participado en grandes eventos esc\u00e9nicos internacionales, la compa\u00f1\u00eda Deus ex Machina es hoy uno de los grupos m\u00e1s reconocidos en el \u00e1mbito de los espect\u00e1culos a\u00e9reos. \"Cuando sue\u00f1as solo, es solo un sue\u00f1o, pero cuando sue\u00f1as juntos, ya es realidad\": esta frase de Helder Pessoa Camara est\u00e1 en la base de su po\u00e9tica, hecha de cuerpos que desaf\u00edan las leyes f\u00edsicas, ingeniosas estructuras que se convierten en escenograf\u00edas y un enfoque que fusiona danza, teatro, artes visuales y pirotecnia.<\/p>\n<p>Su trayectoria art\u00edstica est\u00e1 salpicada de festivales de luz, giras y colaboraciones por todo el mundo, desde Taiw\u00e1n hasta los Emiratos \u00c1rabes Unidos. Traducida a ocho idiomas, \"Galileo\" es una de sus creaciones m\u00e1s populares, que cautiva a p\u00fablicos de distintas sensibilidades y tradiciones.<\/p>\n<p>Al igual que en las pasadas Nocheviejas de 2024 y 2025, la que marca el comienzo de 2026 tambi\u00e9n fusiona los lenguajes del arte con la tecnolog\u00eda y la creatividad en el contexto de M\u00f3dena como Ciudad Creativa de la Unesco para las Artes Medi\u00e1ticas. El espect\u00e1culo est\u00e1 promovido por el Ayuntamiento de M\u00f3dena, con el apoyo de la Fondazione di Modena, y organizado por la Fondazione Entroterre.<\/p>\n<\/div>\n\n\n\n\n\t<div class=\"wpb_gallery wpb_content_element clearfix\">\n\t\t<div class=\"wpb_wrapper\"><div class=\"wpb_gallery_slidesflickity_style\" data-onclick=\"link_image\" data-interval=\"5\"><div class=\"nectar-flickity not-initialized\" role=\"region\" aria-roledescription=\"carousel\" aria-label=\"Galer\u00eda de im\u00e1genes\"  data-touch-icon-color=\"default\" data-stagger=\"\" data-drag-scale=\"\" data-overflow=\"hidden\" data-wrap=\"wrap\" data-spacing=\"default\" data-shadow=\"large_depth\" data-autoplay=\"true\" data-autoplay-dur=\"\" data-free-scroll=\"\" data-controls=\"material_pagination\" data-desktop-columns=\"1\" data-small-desktop-columns=\"1\" data-tablet-columns=\"1\" data-phone-columns=\"1\"><div class=\"flickity-viewport\"> <div class=\"flickity-slider\"><div class=\"cell\" data-lazy=\"false\"><img decoding=\"async\" class=\"skip-lazy nectar-lazy\" src=\"https:\/\/modenafuturacreativa.it\/wp-content\/uploads\/2025\/12\/2-600x450.jpeg\" width=\"600\" height=\"450\" alt=\"2\" title=\"2\" loading=\"lazy\" \/><a class=\"entire-slide-link\" aria-label=\"2\"  href=\"https:\/\/modenafuturacreativa.it\/wp-content\/uploads\/2025\/12\/2.jpeg\"><\/a><\/div><div class=\"cell\" data-lazy=\"false\"><img decoding=\"async\" class=\"skip-lazy nectar-lazy\" src=\"https:\/\/modenafuturacreativa.it\/wp-content\/uploads\/2025\/12\/1-600x450.jpg\" width=\"600\" height=\"450\" alt=\"1\" title=\"1\" loading=\"lazy\" \/><a class=\"entire-slide-link\" aria-label=\"1\"  href=\"https:\/\/modenafuturacreativa.it\/wp-content\/uploads\/2025\/12\/1.jpg\"><\/a><\/div><div class=\"cell\" data-lazy=\"false\"><img decoding=\"async\" class=\"skip-lazy nectar-lazy\" src=\"https:\/\/modenafuturacreativa.it\/wp-content\/uploads\/2025\/12\/063-IFTS-ForModena-1-scaled-1-1-1-600x450.jpg\" width=\"600\" height=\"450\" alt=\"063-IFTS-ForModena-1-scaled\" title=\"063-IFTS-ForModena-1-scaled\" loading=\"lazy\" \/><a class=\"entire-slide-link\" aria-label=\"063-IFTS-ForModena-1-scaled\"  href=\"https:\/\/modenafuturacreativa.it\/wp-content\/uploads\/2025\/12\/063-IFTS-ForModena-1-scaled-1-1-1.jpg\"><\/a><\/div><div class=\"cell\" data-lazy=\"false\"><img decoding=\"async\" class=\"skip-lazy nectar-lazy\" src=\"https:\/\/modenafuturacreativa.it\/wp-content\/uploads\/2025\/12\/5-600x450.jpeg\" width=\"600\" height=\"450\" alt=\"5\" title=\"5\" loading=\"lazy\" \/><a class=\"entire-slide-link\" aria-label=\"5\"  href=\"https:\/\/modenafuturacreativa.it\/wp-content\/uploads\/2025\/12\/5.jpeg\"><\/a><\/div><div class=\"cell\" data-lazy=\"false\"><img decoding=\"async\" class=\"skip-lazy nectar-lazy\" src=\"https:\/\/modenafuturacreativa.it\/wp-content\/uploads\/2025\/12\/6-600x450.jpeg\" width=\"600\" height=\"450\" alt=\"6\" title=\"6\" loading=\"lazy\" \/><a class=\"entire-slide-link\" aria-label=\"6\"  href=\"https:\/\/modenafuturacreativa.it\/wp-content\/uploads\/2025\/12\/6.jpeg\"><\/a><\/div><div class=\"cell\" data-lazy=\"false\"><img decoding=\"async\" class=\"skip-lazy nectar-lazy\" src=\"https:\/\/modenafuturacreativa.it\/wp-content\/uploads\/2025\/12\/4-600x450.jpeg\" width=\"600\" height=\"450\" alt=\"4\" title=\"4\" loading=\"lazy\" \/><a class=\"entire-slide-link\" aria-label=\"4\"  href=\"https:\/\/modenafuturacreativa.it\/wp-content\/uploads\/2025\/12\/4.jpeg\"><\/a><\/div><div class=\"cell\" data-lazy=\"false\"><img decoding=\"async\" class=\"skip-lazy nectar-lazy\" src=\"https:\/\/modenafuturacreativa.it\/wp-content\/uploads\/2025\/12\/3-480x450.jpeg\" width=\"480\" height=\"450\" alt=\"3\" title=\"3\" loading=\"lazy\" \/><a class=\"entire-slide-link\" aria-label=\"3\"  href=\"https:\/\/modenafuturacreativa.it\/wp-content\/uploads\/2025\/12\/3.jpeg\"><\/a><\/div><\/div><\/div><\/div><\/div>\n\t\t<\/div> \n\t<\/div> \n\t\t\t<\/div> \n\t\t<\/div>\n\t<\/div> \n<\/div><\/div>","protected":false},"excerpt":{"rendered":"M\u00f3dena da la bienvenida al A\u00f1o Nuevo con el espect\u00e1culo que inaugur\u00f3 el a\u00f1o ol\u00edmpico en Par\u00eds, ante un Arco del Triunfo envuelto por una inmensa multitud. El pr\u00f3ximo 31 de diciembre \"Galileo\",...","protected":false},"author":1,"featured_media":6121,"comment_status":"closed","ping_status":"closed","sticky":false,"template":"","format":"standard","meta":{"wpupg_custom_link":[],"wpupg_custom_link_behaviour":["default"],"wpupg_custom_link_nofollow":["default"],"wpupg_custom_image":[],"wpupg_custom_image_id":[],"footnotes":""},"categories":[475],"tags":[],"class_list":["post-6066","post","type-post","status-publish","format-standard","has-post-thumbnail","category-news"],"_links":{"self":[{"href":"https:\/\/modenafuturacreativa.it\/es\/wp-json\/wp\/v2\/posts\/6066","targetHints":{"allow":["GET"]}}],"collection":[{"href":"https:\/\/modenafuturacreativa.it\/es\/wp-json\/wp\/v2\/posts"}],"about":[{"href":"https:\/\/modenafuturacreativa.it\/es\/wp-json\/wp\/v2\/types\/post"}],"author":[{"embeddable":true,"href":"https:\/\/modenafuturacreativa.it\/es\/wp-json\/wp\/v2\/users\/1"}],"replies":[{"embeddable":true,"href":"https:\/\/modenafuturacreativa.it\/es\/wp-json\/wp\/v2\/comments?post=6066"}],"version-history":[{"count":1,"href":"https:\/\/modenafuturacreativa.it\/es\/wp-json\/wp\/v2\/posts\/6066\/revisions"}],"predecessor-version":[{"id":6122,"href":"https:\/\/modenafuturacreativa.it\/es\/wp-json\/wp\/v2\/posts\/6066\/revisions\/6122"}],"wp:featuredmedia":[{"embeddable":true,"href":"https:\/\/modenafuturacreativa.it\/es\/wp-json\/wp\/v2\/media\/6121"}],"wp:attachment":[{"href":"https:\/\/modenafuturacreativa.it\/es\/wp-json\/wp\/v2\/media?parent=6066"}],"wp:term":[{"taxonomy":"category","embeddable":true,"href":"https:\/\/modenafuturacreativa.it\/es\/wp-json\/wp\/v2\/categories?post=6066"},{"taxonomy":"post_tag","embeddable":true,"href":"https:\/\/modenafuturacreativa.it\/es\/wp-json\/wp\/v2\/tags?post=6066"}],"curies":[{"name":"wp","href":"https:\/\/api.w.org\/{rel}","templated":true}]}}