{"id":5972,"date":"2025-11-28T13:59:08","date_gmt":"2025-11-28T12:59:08","guid":{"rendered":"https:\/\/modenafuturacreativa.it\/?p=5972"},"modified":"2025-11-28T13:59:08","modified_gmt":"2025-11-28T12:59:08","slug":"due-percorsi-cittadini-il-risultato-finale-di-cult","status":"publish","type":"post","link":"https:\/\/modenafuturacreativa.it\/es\/due-percorsi-cittadini-il-risultato-finale-di-cult\/","title":{"rendered":"Dos rutas urbanas: el resultado final de CULT"},"content":{"rendered":"<div id=\"fws_6a9b7bed5cb6f\"  data-column-margin=\"default\" data-midnight=\"dark\"  class=\"wpb_row vc_row-fluid vc_row\"  style=\"padding-top: 0px; padding-bottom: 0px; \"><div class=\"row-bg-wrap\" data-bg-animation=\"none\" data-bg-animation-delay=\"\" data-bg-overlay=\"false\"><div class=\"inner-wrap row-bg-layer\" ><div class=\"row-bg viewport-desktop\"  style=\"\"><\/div><\/div><\/div><div class=\"row_col_wrap_12 col span_12 dark left\">\n\t<div  class=\"vc_col-sm-12 wpb_column column_container vc_column_container col no-extra-padding inherit_tablet inherit_phone\"  data-padding-pos=\"all\" data-has-bg-color=\"false\" data-bg-color=\"\" data-bg-opacity=\"1\" data-animation=\"\" data-delay=\"0\" >\n\t\t<div class=\"vc_column-inner\" >\n\t\t\t<div class=\"wpb_wrapper\">\n\t\t\t\t\n<div class=\"wpb_text_column wpb_content_element\" >\n\t<p><strong>El proyecto europeo CULT (Di\u00e1logo e intercambio entre ciudadanos sobre el patrimonio cultural y las artes medi\u00e1ticas como herramienta para crear una identidad europea m\u00e1s fuerte), financiado por el programa \"Ciudadanos, Igualdad, Derechos y Valores (CERV)\" y desarrollado entre M\u00f3dena (Italia) y Karlsruhe (Alemania), ambas ciudades de la Red de Ciudades Creativas de la UNESCO, cl\u00faster de Artes Medi\u00e1ticas, se clausura con la presentaci\u00f3n de dos nuevos itinerarios culturales y tur\u00edsticos.<\/strong><\/p>\n<p>De octubre de 2024 a octubre de 2025, artistas, estudiantes, profesionales de la cultura y representantes de las instituciones de las dos ciudades trabajaron juntos, compartiendo pr\u00e1cticas, visiones y conocimientos para reflexionar sobre el papel de las artes medi\u00e1ticas en sus respectivas ciudades.<\/p>\n<p>El proceso participativo dio lugar a la creaci\u00f3n de dos itinerarios que ponen en valor lugares y espacios dedicados a la experimentaci\u00f3n digital, el arte multimedia y la creatividad contempor\u00e1nea.<\/p>\n<p><strong><a href=\"https:\/\/modenafuturacreativa.it\/es\/unesco\/cult-modena-karlsruhe\/\">Los itinerarios est\u00e1n disponibles en la secci\u00f3n de proyectos del sitio web<\/a><\/strong><\/p>\n<\/div>\n\n\n\n\n\t<div class=\"wpb_gallery wpb_content_element clearfix\">\n\t\t<div class=\"wpb_wrapper\"><div class=\"wpb_gallery_slidesflickity_style\" data-onclick=\"link_image\" data-interval=\"5\"><div class=\"nectar-flickity not-initialized\" role=\"region\" aria-roledescription=\"carousel\" aria-label=\"Galer\u00eda de im\u00e1genes\"  data-touch-icon-color=\"default\" data-stagger=\"\" data-drag-scale=\"\" data-overflow=\"hidden\" data-wrap=\"wrap\" data-spacing=\"default\" data-shadow=\"large_depth\" data-autoplay=\"true\" data-autoplay-dur=\"\" data-free-scroll=\"\" data-controls=\"material_pagination\" data-desktop-columns=\"1\" data-small-desktop-columns=\"1\" data-tablet-columns=\"1\" data-phone-columns=\"1\"><div class=\"flickity-viewport\"> <div class=\"flickity-slider\"><div class=\"cell\" data-lazy=\"false\"><img decoding=\"async\" class=\"skip-lazy nectar-lazy\" src=\"https:\/\/modenafuturacreativa.it\/wp-content\/uploads\/2024\/07\/map-modena-1-600x450.png\" width=\"600\" height=\"450\" alt=\"map-modena\" title=\"mapa-modena\" loading=\"lazy\" \/><a class=\"entire-slide-link\" aria-label=\"mapa-modena\"  href=\"https:\/\/modenafuturacreativa.it\/wp-content\/uploads\/2024\/07\/map-modena-1.png\"><\/a><\/div><div class=\"cell\" data-lazy=\"false\"><img decoding=\"async\" class=\"skip-lazy nectar-lazy\" src=\"https:\/\/modenafuturacreativa.it\/wp-content\/uploads\/2024\/07\/map-karlsruhe-1-600x450.png\" width=\"600\" height=\"450\" alt=\"map-karlsruhe\" title=\"mapa-karlsruhe\" loading=\"lazy\" \/><a class=\"entire-slide-link\" aria-label=\"mapa-karlsruhe\"  href=\"https:\/\/modenafuturacreativa.it\/wp-content\/uploads\/2024\/07\/map-karlsruhe-1.png\"><\/a><\/div><\/div><\/div><\/div><\/div>\n\t\t<\/div> \n\t<\/div> \n\t\t\t<\/div> \n\t\t<\/div>\n\t<\/div> \n<\/div><\/div>","protected":false},"excerpt":{"rendered":"El proyecto europeo CULT (Di\u00e1logo e intercambio entre ciudadanos sobre el patrimonio cultural y las artes medi\u00e1ticas como herramienta de...","protected":false},"author":1,"featured_media":5971,"comment_status":"closed","ping_status":"closed","sticky":false,"template":"","format":"standard","meta":{"wpupg_custom_link":[],"wpupg_custom_link_behaviour":["default"],"wpupg_custom_link_nofollow":["default"],"wpupg_custom_image":[],"wpupg_custom_image_id":[],"footnotes":""},"categories":[475],"tags":[],"class_list":["post-5972","post","type-post","status-publish","format-standard","has-post-thumbnail","category-news"],"_links":{"self":[{"href":"https:\/\/modenafuturacreativa.it\/es\/wp-json\/wp\/v2\/posts\/5972","targetHints":{"allow":["GET"]}}],"collection":[{"href":"https:\/\/modenafuturacreativa.it\/es\/wp-json\/wp\/v2\/posts"}],"about":[{"href":"https:\/\/modenafuturacreativa.it\/es\/wp-json\/wp\/v2\/types\/post"}],"author":[{"embeddable":true,"href":"https:\/\/modenafuturacreativa.it\/es\/wp-json\/wp\/v2\/users\/1"}],"replies":[{"embeddable":true,"href":"https:\/\/modenafuturacreativa.it\/es\/wp-json\/wp\/v2\/comments?post=5972"}],"version-history":[{"count":1,"href":"https:\/\/modenafuturacreativa.it\/es\/wp-json\/wp\/v2\/posts\/5972\/revisions"}],"predecessor-version":[{"id":6022,"href":"https:\/\/modenafuturacreativa.it\/es\/wp-json\/wp\/v2\/posts\/5972\/revisions\/6022"}],"wp:featuredmedia":[{"embeddable":true,"href":"https:\/\/modenafuturacreativa.it\/es\/wp-json\/wp\/v2\/media\/5971"}],"wp:attachment":[{"href":"https:\/\/modenafuturacreativa.it\/es\/wp-json\/wp\/v2\/media?parent=5972"}],"wp:term":[{"taxonomy":"category","embeddable":true,"href":"https:\/\/modenafuturacreativa.it\/es\/wp-json\/wp\/v2\/categories?post=5972"},{"taxonomy":"post_tag","embeddable":true,"href":"https:\/\/modenafuturacreativa.it\/es\/wp-json\/wp\/v2\/tags?post=5972"}],"curies":[{"name":"wp","href":"https:\/\/api.w.org\/{rel}","templated":true}]}}