{"id":5888,"date":"2025-11-17T11:26:45","date_gmt":"2025-11-17T10:26:45","guid":{"rendered":"https:\/\/modenafuturacreativa.it\/?p=5888"},"modified":"2025-11-17T11:26:45","modified_gmt":"2025-11-17T10:26:45","slug":"urban-video-il-corso-gratuito-che-forma-i-videomaker-del-futuro","status":"publish","type":"post","link":"https:\/\/modenafuturacreativa.it\/es\/urban-video-il-corso-gratuito-che-forma-i-videomaker-del-futuro\/","title":{"rendered":"Urban Video, el curso gratuito que forma a los videomakers del futuro"},"content":{"rendered":"<div id=\"fws_6a9b7b9cd6fb3\"  data-column-margin=\"default\" data-midnight=\"dark\"  class=\"wpb_row vc_row-fluid vc_row\"  style=\"padding-top: 0px; padding-bottom: 0px; \"><div class=\"row-bg-wrap\" data-bg-animation=\"none\" data-bg-animation-delay=\"\" data-bg-overlay=\"false\"><div class=\"inner-wrap row-bg-layer\" ><div class=\"row-bg viewport-desktop\"  style=\"\"><\/div><\/div><\/div><div class=\"row_col_wrap_12 col span_12 dark left\">\n\t<div  class=\"vc_col-sm-12 wpb_column column_container vc_column_container col no-extra-padding inherit_tablet inherit_phone\"  data-padding-pos=\"all\" data-has-bg-color=\"false\" data-bg-color=\"\" data-bg-opacity=\"1\" data-animation=\"\" data-delay=\"0\" >\n\t\t<div class=\"vc_column-inner\" >\n\t\t\t<div class=\"wpb_wrapper\">\n\t\t\t\t\n<div class=\"wpb_text_column wpb_content_element\" >\n\t<p><strong>Inscripciones abiertas hasta el 9 de diciembre para el curso gratuito de realizaci\u00f3n de v\u00eddeos promovido por el Centro de M\u00fasica y el Ayuntamiento de M\u00f3dena<\/strong><\/p>\n<p>Este a\u00f1o vuelve Urban Video, el curso gratuito de realizaci\u00f3n de v\u00eddeos promovido por el Centro Musica y el Departamento de Cultura del Ayuntamiento de M\u00f3dena, dentro de las actividades del Centro Musica_71MusicHub. Coordinado por Francesca Cappi y Federico Sigillo, el proyecto llega a su novena edici\u00f3n, confirm\u00e1ndose como punto de referencia para quienes deseen explorar las nuevas fronteras de la producci\u00f3n audiovisual y multimedia.<\/p>\n<p>Destinado a j\u00f3venes de entre 16 y 29 a\u00f1os, residentes o domiciliados en la provincia de M\u00f3dena, V\u00eddeo Urbano es un curso de formaci\u00f3n que acompa\u00f1a a los participantes en el descubrimiento del mundo laboral a trav\u00e9s del aprendizaje pr\u00e1ctico de t\u00e9cnicas de direcci\u00f3n, filmaci\u00f3n, edici\u00f3n y dise\u00f1o multimedia. Una oportunidad para los que sue\u00f1an con trabajar con im\u00e1genes, pero tambi\u00e9n para los que quieren entender c\u00f3mo construir un lenguaje visual eficaz y contempor\u00e1neo.<\/p>\n<p>El curso, totalmente gratuito, consta de un programa amplio y estructurado que pone a los alumnos en contacto con profesionales y operadores del sector. Las 76 horas totales de formaci\u00f3n incluyen clases frontales, reuniones en profundidad con expertos, unas breves pr\u00e1cticas y la creaci\u00f3n de contenidos para un evento final, de modo que se combinan teor\u00eda, pr\u00e1ctica y confrontaci\u00f3n directa con quienes trabajan a diario en el \u00e1mbito de la producci\u00f3n audiovisual.<\/p>\n<p>Las clases frontales -18 horas en total- est\u00e1n programadas los lunes de 18 a 21 horas, mientras que los m\u00f3dulos de profundizaci\u00f3n, con un total de 32 horas, se imparten los s\u00e1bados de 9 a 13 horas y de 14 a 18 horas. Las actividades tienen lugar en el Centro Musica_71MusicHub, en via Morandi 71. El curso comienza el 12 de enero de 2026 y finaliza el 30 de marzo.<\/p>\n<p>Cada edici\u00f3n de Urban Video supone tambi\u00e9n una puesta al d\u00eda de las tendencias del sector, y este a\u00f1o no faltan las novedades: entre los m\u00f3dulos del programa se incluye un nuevo curso dedicado al uso de la Inteligencia Artificial en la creaci\u00f3n de contenidos visuales y audiovisuales. El curso es, por tanto, una oportunidad para descubrir c\u00f3mo las herramientas digitales m\u00e1s innovadoras pueden apoyar la creatividad, desde la automatizaci\u00f3n de la edici\u00f3n de v\u00eddeo hasta la generaci\u00f3n de im\u00e1genes.<\/p>\n<p>Hay un total de ocho plazas disponibles, asignadas sobre la base de una lista de clasificaci\u00f3n elaborada por un comit\u00e9 de expertos. La selecci\u00f3n incluye una entrevista en l\u00ednea, prevista para los d\u00edas 11 y 15 de diciembre de 2025, con convocatoria por correo electr\u00f3nico y hora y enlace para la misma.<\/p>\n<p>La inscripci\u00f3n est\u00e1 abierta hasta las 13.00 horas del 9 de diciembre de 2025. Para inscribirse, rellene el formulario de solicitud disponible en <a href=\"http:\/\/www.musicplus.it\" target=\"_blank\" rel=\"noopener\">www.musicplus.it<\/a><\/p>\n<\/div>\n\n\n\n\n\t<div class=\"wpb_gallery wpb_content_element clearfix\">\n\t\t<div class=\"wpb_wrapper\"><div class=\"wpb_gallery_slidesflickity_style\" data-onclick=\"link_image\" data-interval=\"5\"><div class=\"nectar-flickity not-initialized\" role=\"region\" aria-roledescription=\"carousel\" aria-label=\"Galer\u00eda de im\u00e1genes\"  data-touch-icon-color=\"default\" data-stagger=\"\" data-drag-scale=\"\" data-overflow=\"hidden\" data-wrap=\"wrap\" data-spacing=\"default\" data-shadow=\"large_depth\" data-autoplay=\"true\" data-autoplay-dur=\"\" data-free-scroll=\"\" data-controls=\"material_pagination\" data-desktop-columns=\"1\" data-small-desktop-columns=\"1\" data-tablet-columns=\"1\" data-phone-columns=\"1\"><div class=\"flickity-viewport\"> <div class=\"flickity-slider\"><div class=\"cell\" data-lazy=\"false\"><img decoding=\"async\" class=\"skip-lazy nectar-lazy\" src=\"https:\/\/modenafuturacreativa.it\/wp-content\/uploads\/2025\/11\/image-526x450.jpeg\" width=\"526\" height=\"450\" alt=\"image\" title=\"imagen\" loading=\"lazy\" \/><a class=\"entire-slide-link\" aria-label=\"imagen\"  href=\"https:\/\/modenafuturacreativa.it\/wp-content\/uploads\/2025\/11\/image.jpeg\"><\/a><\/div><\/div><\/div><\/div><\/div>\n\t\t<\/div> \n\t<\/div> \n\t\t\t<\/div> \n\t\t<\/div>\n\t<\/div> \n<\/div><\/div>","protected":false},"excerpt":{"rendered":"Inscripciones abiertas hasta el 9 de diciembre para el curso gratuito de realizaci\u00f3n de v\u00eddeos promovido por el Centro de M\u00fasica y el Ayuntamiento de M\u00f3dena Este a\u00f1o Urban Video, el curso gratuito de realizaci\u00f3n de...","protected":false},"author":1,"featured_media":5936,"comment_status":"closed","ping_status":"closed","sticky":false,"template":"","format":"standard","meta":{"wpupg_custom_link":[],"wpupg_custom_link_behaviour":["default"],"wpupg_custom_link_nofollow":["default"],"wpupg_custom_image":[],"wpupg_custom_image_id":[],"footnotes":""},"categories":[475],"tags":[],"class_list":["post-5888","post","type-post","status-publish","format-standard","has-post-thumbnail","category-news"],"_links":{"self":[{"href":"https:\/\/modenafuturacreativa.it\/es\/wp-json\/wp\/v2\/posts\/5888","targetHints":{"allow":["GET"]}}],"collection":[{"href":"https:\/\/modenafuturacreativa.it\/es\/wp-json\/wp\/v2\/posts"}],"about":[{"href":"https:\/\/modenafuturacreativa.it\/es\/wp-json\/wp\/v2\/types\/post"}],"author":[{"embeddable":true,"href":"https:\/\/modenafuturacreativa.it\/es\/wp-json\/wp\/v2\/users\/1"}],"replies":[{"embeddable":true,"href":"https:\/\/modenafuturacreativa.it\/es\/wp-json\/wp\/v2\/comments?post=5888"}],"version-history":[{"count":1,"href":"https:\/\/modenafuturacreativa.it\/es\/wp-json\/wp\/v2\/posts\/5888\/revisions"}],"predecessor-version":[{"id":5937,"href":"https:\/\/modenafuturacreativa.it\/es\/wp-json\/wp\/v2\/posts\/5888\/revisions\/5937"}],"wp:featuredmedia":[{"embeddable":true,"href":"https:\/\/modenafuturacreativa.it\/es\/wp-json\/wp\/v2\/media\/5936"}],"wp:attachment":[{"href":"https:\/\/modenafuturacreativa.it\/es\/wp-json\/wp\/v2\/media?parent=5888"}],"wp:term":[{"taxonomy":"category","embeddable":true,"href":"https:\/\/modenafuturacreativa.it\/es\/wp-json\/wp\/v2\/categories?post=5888"},{"taxonomy":"post_tag","embeddable":true,"href":"https:\/\/modenafuturacreativa.it\/es\/wp-json\/wp\/v2\/tags?post=5888"}],"curies":[{"name":"wp","href":"https:\/\/api.w.org\/{rel}","templated":true}]}}