{"id":5678,"date":"2025-10-14T12:02:43","date_gmt":"2025-10-14T10:02:43","guid":{"rendered":"https:\/\/modenafuturacreativa.it\/?p=5678"},"modified":"2025-10-14T12:02:43","modified_gmt":"2025-10-14T10:02:43","slug":"tra-filosofia-romanzo-e-natura-ecco-le-nuove-uscite-editoriali-del-dondolo","status":"publish","type":"post","link":"https:\/\/modenafuturacreativa.it\/es\/tra-filosofia-romanzo-e-natura-ecco-le-nuove-uscite-editoriali-del-dondolo\/","title":{"rendered":"Entre filosof\u00eda, novelas y naturaleza, he aqu\u00ed las nuevas publicaciones de Swing"},"content":{"rendered":"<div id=\"fws_6a9b7b9bab301\"  data-column-margin=\"default\" data-midnight=\"dark\"  class=\"wpb_row vc_row-fluid vc_row\"  style=\"padding-top: 0px; padding-bottom: 0px; \"><div class=\"row-bg-wrap\" data-bg-animation=\"none\" data-bg-animation-delay=\"\" data-bg-overlay=\"false\"><div class=\"inner-wrap row-bg-layer\" ><div class=\"row-bg viewport-desktop\"  style=\"\"><\/div><\/div><\/div><div class=\"row_col_wrap_12 col span_12 dark left\">\n\t<div  class=\"vc_col-sm-12 wpb_column column_container vc_column_container col no-extra-padding inherit_tablet inherit_phone\"  data-padding-pos=\"all\" data-has-bg-color=\"false\" data-bg-color=\"\" data-bg-opacity=\"1\" data-animation=\"\" data-delay=\"0\" >\n\t\t<div class=\"vc_column-inner\" >\n\t\t\t<div class=\"wpb_wrapper\">\n\t\t\t\t\n<div class=\"wpb_text_column wpb_content_element\" >\n\t<p><strong>Nuevas voces de autores, de Michelina Borsari a Valeria Parrella, pasando por Paolo Giordano. El escritor turin\u00e9s ser\u00e1 el protagonista el martes 14 de octubre de un encuentro vespertino en el patio del Leccio<\/strong><\/p>\n<p>Il Dondolo es ahora una biblioteca digital que pertenece a la ciudad y refleja su vitalidad cultural. La editorial digital de la ciudad de M\u00f3dena, lanzada en 2017 y dirigida por Beppe Cottafavi, sigue construyendo -t\u00edtulo tras t\u00edtulo- un archivo de novelas cortas, cuentos, reflexiones y belleza accesible a todos, gratuito, vivo. Con m\u00e1s de noventa publicaciones disponibles en www.ildondolo.it, la temporada de oto\u00f1o se abre tambi\u00e9n con nuevas voces y nuevas historias, entre literatura, filosof\u00eda y memoria, ofreciendo a la ciudad un di\u00e1logo constante entre escritura y paisaje.<\/p>\n<p>Las nuevas publicaciones del Dondolo han sido presentadas hoy por la ma\u00f1ana, en el patio del Leccio (encina) del complejo San Paolo, via Selmi 67, por el Consejero de Cultura Andrea Bortolamasi, el director de la editorial Beppe Cottafavi y Caterina Zanfi, investigadora de filosof\u00eda y sobrina de Michelina Borsari.<\/p>\n<p>\"Il Dondolo\", explica el concejal Bortolamasi, \"se confirma como uno de los proyectos editoriales m\u00e1s innovadores del panorama nacional; un proyecto nacido en M\u00f3dena, que ve al Ayuntamiento de M\u00f3dena como editor y que cuenta, a trav\u00e9s de voces, rostros, personajes, la historia y las historias de nuestra ciudad. Una obra coral, en red con diferentes temas culturales, que representa uno de los elementos m\u00e1s importantes de M\u00f3dena como ciudad creativa de la Unesco para las artes medi\u00e1ticas y una herramienta formidable para promover la lectura, para todos y para todas, sin barreras de entrada, utilizando la omnipresencia de los medios digitales, el sistema de bibliotecas y la capacidad de reinventarse con cada publicaci\u00f3n.\"<\/p>\n<p>Ser\u00e1 el patio del Leccio, uno de los \u00e1rboles monumentales m\u00e1s bellos de Italia, el que acoja a Paolo Giordano ma\u00f1ana martes 14 de octubre a las 17.00 horas en un encuentro dedicado a su nuevo libro electr\u00f3nico \"Scrivere la natura\". El escritor turin\u00e9s -ganador del premio Strega con \"La solitudine dei numeri primi\" y autor de la notable \"Tasmania\"- conversar\u00e1 con Beppe Cottafavi y Andrea Cavani, conservador del Archivo Leonardi.<\/p>\n<p>En el texto, extra\u00eddo de su charla en el reciente Festival del Alberi, Giordano reflexiona sobre c\u00f3mo la escritura puede devolver la voz a la naturaleza, al tiempo que cuenta muchas cosas sobre s\u00ed mismo, en una especie de divertida autobiograf\u00eda intelectual. Fue en esa ocasi\u00f3n cuando el autor descubri\u00f3 la obra de Cesare Leonardi, se enamor\u00f3 de ella y quiso para s\u00ed una de sus famosas sillas PR4, que le ser\u00e1 presentada oficialmente durante el encuentro.<\/p>\n<p>El encuentro se abrir\u00e1 con una breve performance: ser\u00e1 la propia encina, a trav\u00e9s de la voz del proyecto \"Nosotros, \u00e1rboles\", la que cuente su propia historia, en una narraci\u00f3n de quince minutos comisariada por el director Giulio Costa en el marco del Festival Alberi. Un preludio po\u00e9tico a un encuentro que promete ser un di\u00e1logo entre literatura y paisaje, entre palabras y ra\u00edces. El tema \"Escribir la naturaleza\" se convertir\u00e1 tambi\u00e9n en el leitmotiv del taller de escritura organizado por Il Dondolo y el Rotary Club de M\u00f3dena para la pr\u00f3xima edici\u00f3n del Festival Alberi en 2026.<\/p>\n<p>Entre sus nuevas publicaciones, Il Dondolo dedica un homenaje a Michelina Borsari, creadora y alma de la festivalfilosofia, fallecida el pasado 21 de agosto. Con el t\u00edtulo \"Eccoci\" (Aqu\u00ed estamos), la colecci\u00f3n p\u00f3stuma de los veinte art\u00edculos que la intelectual modenesa escribi\u00f3 entre 2019 y 2024 para el Manifesto: un peque\u00f1o tesoro de pensamiento que restituye su voz en toda su energ\u00eda, curiosidad y gracia. 'Aqu\u00ed estamos' era su palabra favorita, con la que abr\u00eda y cerraba sus discursos, como una invitaci\u00f3n a la presencia, un gesto de confianza hacia el mundo. La portada, firmada por Wainer Vaccari, lleva al lector a un viaje a la vez intelectual y emocional.<\/p>\n<p>Para completar el tr\u00edptico oto\u00f1al, Il Dondolo presenta tambi\u00e9n el primer episodio del nuevo feuilleton de Valeria Parrella, \"Canalgrande. \u00bfD\u00f3nde est\u00e1 el agua?\". Reci\u00e9n mudada de N\u00e1poles a M\u00f3dena, la escritora -autora de novelas como \"Lo spazio bianco\" (adaptada al cine por Francesca Comencini, protagonizada por Margherita Buy) y \"Almarina\", y de colecciones de relatos como \"Mosca pi\u00f9 balena\" (2003), \"Troppa importanza all'amore\" (2015) y, m\u00e1s recientemente, \"Piccoli miracoli e altri tradimenti\" (2024)- inaugura un relato por entregas que mezcla iron\u00eda, perspicacia y encanto, observando la ciudad con ojos nuevos. Entre Canalgrande, Canalchiaro y Canalino, Parrella construye una geograf\u00eda po\u00e9tica de calles y ausencias, donde incluso el gesto de tomar un caf\u00e9 se convierte en ocasi\u00f3n de revelaci\u00f3n. La medida de la narraci\u00f3n es un peque\u00f1o milagro\", dice la escritora, y su nuevo texto para Il Dondolo es una prueba luminosa de ello.<\/p>\n<p>El cat\u00e1logo de oto\u00f1o presenta tambi\u00e9n \"Una notte sono morta e altre voci dei morti del cimitero San Cataldo\" (Una noche mor\u00ed y otras voces de los muertos del cementerio de San Cataldo), de la escritora mirandesa Elena Bosi, e \"Il farmacista\" (El farmac\u00e9utico), de Franco Guandalini, marido de la soprano Rajna Kabaivanska, fallecida el 23 de agosto a los 96 a\u00f1os, vivo retrato de una vida transcurrida entre arte, teatro y amistades ilustres, narrado por su sobrino Carlo Bordone. La portada presenta una fotograf\u00eda de Cesare Leonardi.<\/p>\n<p>Todos los libros electr\u00f3nicos de Il Dondolo est\u00e1n disponibles no s\u00f3lo en el sitio web www.ildondolo.it, sino tambi\u00e9n en el cat\u00e1logo de EmiLib, la biblioteca digital de Emilia-Roma\u00f1a: una plataforma que tambi\u00e9n es bastante popular entre los italianos que viven en el extranjero, que a trav\u00e9s de las p\u00e1ginas de Il Dondolo pueden encontrar un v\u00ednculo con una literatura que es \"local\" s\u00f3lo en t\u00e9rminos de origen, nunca en t\u00e9rminos de horizonte. Gracias a la tecnolog\u00eda digital, de hecho, las historias nacidas en M\u00f3dena viajan ahora m\u00e1s all\u00e1 de las fronteras regionales y nacionales, llegando a un p\u00fablico cada vez m\u00e1s vasto y curioso.<\/p>\n<\/div>\n\n\n\n\n\t<div class=\"wpb_gallery wpb_content_element clearfix\">\n\t\t<div class=\"wpb_wrapper\"><div class=\"wpb_gallery_slidesflickity_style\" data-onclick=\"link_image\" data-interval=\"5\"><div class=\"nectar-flickity not-initialized\" role=\"region\" aria-roledescription=\"carousel\" aria-label=\"Galer\u00eda de im\u00e1genes\"  data-touch-icon-color=\"default\" data-stagger=\"\" data-drag-scale=\"\" data-overflow=\"hidden\" data-wrap=\"wrap\" data-spacing=\"default\" data-shadow=\"large_depth\" data-autoplay=\"true\" data-autoplay-dur=\"\" data-free-scroll=\"\" data-controls=\"material_pagination\" data-desktop-columns=\"1\" data-small-desktop-columns=\"1\" data-tablet-columns=\"1\" data-phone-columns=\"1\"><div class=\"flickity-viewport\"> <div class=\"flickity-slider\"><div class=\"cell\" data-lazy=\"false\"><img decoding=\"async\" class=\"skip-lazy nectar-lazy\" src=\"https:\/\/modenafuturacreativa.it\/wp-content\/uploads\/2025\/10\/image-1600-b57f914b289588c258f9923077bf2888-600x450.jpeg\" width=\"600\" height=\"450\" alt=\"image-1600-b57f914b289588c258f9923077bf2888\" title=\"image-1600-b57f914b289588c258f9923077bf2888\" loading=\"lazy\" \/><a class=\"entire-slide-link\" aria-label=\"image-1600-b57f914b289588c258f9923077bf2888\"  href=\"https:\/\/modenafuturacreativa.it\/wp-content\/uploads\/2025\/10\/image-1600-b57f914b289588c258f9923077bf2888.jpeg\"><\/a><\/div><div class=\"cell\" data-lazy=\"false\"><img decoding=\"async\" class=\"skip-lazy nectar-lazy\" src=\"https:\/\/modenafuturacreativa.it\/wp-content\/uploads\/2025\/10\/image-400-750a87d5514679f64a8c099bc16ea68e.jpeg\" width=\"400\" height=\"360\" alt=\"image-400-750a87d5514679f64a8c099bc16ea68e\" title=\"image-400-750a87d5514679f64a8c099bc16ea68e\" loading=\"lazy\" \/><a class=\"entire-slide-link\" aria-label=\"image-400-750a87d5514679f64a8c099bc16ea68e\"  href=\"https:\/\/modenafuturacreativa.it\/wp-content\/uploads\/2025\/10\/image-400-750a87d5514679f64a8c099bc16ea68e.jpeg\"><\/a><\/div><div class=\"cell\" data-lazy=\"false\"><img decoding=\"async\" class=\"skip-lazy nectar-lazy\" src=\"https:\/\/modenafuturacreativa.it\/wp-content\/uploads\/2025\/10\/image-scaled-600x450.jpeg\" width=\"600\" height=\"450\" alt=\"image\" title=\"imagen\" loading=\"lazy\" \/><a class=\"entire-slide-link\" aria-label=\"imagen\"  href=\"https:\/\/modenafuturacreativa.it\/wp-content\/uploads\/2025\/10\/image-scaled.jpeg\"><\/a><\/div><\/div><\/div><\/div><\/div>\n\t\t<\/div> \n\t<\/div> \n\t\t\t<\/div> \n\t\t<\/div>\n\t<\/div> \n<\/div><\/div>","protected":false},"excerpt":{"rendered":"Nuevas voces de autores, de Michelina Borsari a Valeria Parrella y Paolo Giordano. La escritora turinesa ser\u00e1 la protagonista el martes 14 de octubre de una tarde de encuentro en el patio del Leccio Il Dondolo....","protected":false},"author":1,"featured_media":5767,"comment_status":"closed","ping_status":"closed","sticky":false,"template":"","format":"standard","meta":{"wpupg_custom_link":[],"wpupg_custom_link_behaviour":["default"],"wpupg_custom_link_nofollow":["default"],"wpupg_custom_image":[],"wpupg_custom_image_id":[],"footnotes":""},"categories":[475],"tags":[],"class_list":["post-5678","post","type-post","status-publish","format-standard","has-post-thumbnail","category-news"],"_links":{"self":[{"href":"https:\/\/modenafuturacreativa.it\/es\/wp-json\/wp\/v2\/posts\/5678","targetHints":{"allow":["GET"]}}],"collection":[{"href":"https:\/\/modenafuturacreativa.it\/es\/wp-json\/wp\/v2\/posts"}],"about":[{"href":"https:\/\/modenafuturacreativa.it\/es\/wp-json\/wp\/v2\/types\/post"}],"author":[{"embeddable":true,"href":"https:\/\/modenafuturacreativa.it\/es\/wp-json\/wp\/v2\/users\/1"}],"replies":[{"embeddable":true,"href":"https:\/\/modenafuturacreativa.it\/es\/wp-json\/wp\/v2\/comments?post=5678"}],"version-history":[{"count":1,"href":"https:\/\/modenafuturacreativa.it\/es\/wp-json\/wp\/v2\/posts\/5678\/revisions"}],"predecessor-version":[{"id":5770,"href":"https:\/\/modenafuturacreativa.it\/es\/wp-json\/wp\/v2\/posts\/5678\/revisions\/5770"}],"wp:featuredmedia":[{"embeddable":true,"href":"https:\/\/modenafuturacreativa.it\/es\/wp-json\/wp\/v2\/media\/5767"}],"wp:attachment":[{"href":"https:\/\/modenafuturacreativa.it\/es\/wp-json\/wp\/v2\/media?parent=5678"}],"wp:term":[{"taxonomy":"category","embeddable":true,"href":"https:\/\/modenafuturacreativa.it\/es\/wp-json\/wp\/v2\/categories?post=5678"},{"taxonomy":"post_tag","embeddable":true,"href":"https:\/\/modenafuturacreativa.it\/es\/wp-json\/wp\/v2\/tags?post=5678"}],"curies":[{"name":"wp","href":"https:\/\/api.w.org\/{rel}","templated":true}]}}