{"id":5550,"date":"2025-10-14T10:25:15","date_gmt":"2025-10-14T08:25:15","guid":{"rendered":"https:\/\/modenafuturacreativa.it\/?p=5550"},"modified":"2025-10-14T11:47:25","modified_gmt":"2025-10-14T09:47:25","slug":"corso-gratuito-per-diventare-professionisti-digitali-per-la-cultura","status":"publish","type":"post","link":"https:\/\/modenafuturacreativa.it\/es\/corso-gratuito-per-diventare-professionisti-digitali-per-la-cultura\/","title":{"rendered":"Curso gratuito para convertirse en profesionales digitales de la cultura"},"content":{"rendered":"<div id=\"fws_6a9b7bf6e3ce0\"  data-column-margin=\"default\" data-midnight=\"dark\"  class=\"wpb_row vc_row-fluid vc_row\"  style=\"padding-top: 0px; padding-bottom: 0px; \"><div class=\"row-bg-wrap\" data-bg-animation=\"none\" data-bg-animation-delay=\"\" data-bg-overlay=\"false\"><div class=\"inner-wrap row-bg-layer\" ><div class=\"row-bg viewport-desktop\"  style=\"\"><\/div><\/div><\/div><div class=\"row_col_wrap_12 col span_12 dark left\">\n\t<div  class=\"vc_col-sm-12 wpb_column column_container vc_column_container col no-extra-padding inherit_tablet inherit_phone\"  data-padding-pos=\"all\" data-has-bg-color=\"false\" data-bg-color=\"\" data-bg-opacity=\"1\" data-animation=\"\" data-delay=\"0\" >\n\t\t<div class=\"vc_column-inner\" >\n\t\t\t<div class=\"wpb_wrapper\">\n\t\t\t\t\n<div class=\"wpb_text_column wpb_content_element\" >\n\t<p><strong>Cuarta edici\u00f3n del proyecto promovido por ForModena en el marco de Modena Unesco Creative City for Media Arts. Lunes 13 de octubre, jornada de puertas abiertas en el Laboratorio Aperto<\/strong><\/p>\n<p>Formar nuevas figuras profesionales capaces de combinar competencias digitales y creatividad para valorizar el patrimonio art\u00edstico y cultural.<\/p>\n<p>Este es el objetivo del curso Ifts \"Tecnico delle produzioni multimediali per la valorizzazione del patrimonio artistico e culturale\", promovido por ForModena, que comenzar\u00e1 en noviembre como parte de las actividades de Modena Citt\u00e0 Creativa Unesco per le Media Arts. El lunes 13 de octubre, de 15.00 a 17.00 horas, est\u00e1 prevista una jornada de puertas abiertas para presentar la iniciativa en el Laboratorio Aperto di Modena (socio del proyecto), en Viale Buon Pastore 43. A la reuni\u00f3n asistir\u00e1n las empresas asociadas, que colaboran en el proyecto de formaci\u00f3n y acogen las pr\u00e1cticas, y algunos antiguos alumnos, que compartir\u00e1n su experiencia.<\/p>\n<p>En concreto, la cuarta edici\u00f3n del curso prev\u00e9 un total de 800 horas, entre clases presenciales (con una peque\u00f1a parte en l\u00ednea) y 360 horas de pr\u00e1cticas en empresas del sector cultural y creativo. El curso es totalmente gratuito gracias a los fondos europeos de la Regi\u00f3n de Emilia-Roma\u00f1a.<\/p>\n<p>Las figuras formadas ser\u00e1n profesionales digitales con competencias transversales en dise\u00f1o multimedia, comunicaci\u00f3n, programaci\u00f3n y an\u00e1lisis de datos. Estas competencias son prescindibles en instituciones, empresas culturales y creativas y sistemas tur\u00edsticos, siempre a la b\u00fasqueda de profesionales capaces de dise\u00f1ar productos multimedia innovadores destinados a valorizar el patrimonio cultural, muse\u00edstico, p\u00fablico, natural y art\u00edstico.<\/p>\n<p>Hay 15 plazas disponibles para j\u00f3venes y adultos: para ser admitido, es necesario residir o estar domiciliado en la regi\u00f3n de Emilia-Roma\u00f1a, tener un diploma de ense\u00f1anza secundaria superior o haber sido admitido en la quinta clase de los cursos de bachillerato, tener conocimientos inform\u00e1ticos intermedios sobre los principales programas y aplicaciones, tener un buen dominio de la web y de las redes sociales y conocimientos b\u00e1sicos de ingl\u00e9s. La selecci\u00f3n se realizar\u00e1 mediante una prueba escrita y una entrevista motivadora. La inscripci\u00f3n est\u00e1 abierta hasta el 6 de noviembre de 2025. Al finalizar el curso se expedir\u00e1 un certificado de Especializaci\u00f3n T\u00e9cnica Superior (Ifts) reconocido a nivel nacional. Informaci\u00f3n disponible en <strong><a href=\"https:\/\/www.formodena.it\/\" target=\"_blank\" rel=\"noopener\">www.formodena.it.<\/a><\/strong><\/p>\n<\/div>\n\n\n\n\n\t<div class=\"wpb_gallery wpb_content_element clearfix\">\n\t\t<div class=\"wpb_wrapper\"><div class=\"wpb_gallery_slidesflickity_style\" data-onclick=\"link_image\" data-interval=\"5\"><div class=\"nectar-flickity not-initialized\" role=\"region\" aria-roledescription=\"carousel\" aria-label=\"Galer\u00eda de im\u00e1genes\"  data-touch-icon-color=\"default\" data-stagger=\"\" data-drag-scale=\"\" data-overflow=\"hidden\" data-wrap=\"wrap\" data-spacing=\"default\" data-shadow=\"large_depth\" data-autoplay=\"true\" data-autoplay-dur=\"\" data-free-scroll=\"\" data-controls=\"material_pagination\" data-desktop-columns=\"1\" data-small-desktop-columns=\"1\" data-tablet-columns=\"1\" data-phone-columns=\"1\"><div class=\"flickity-viewport\"> <div class=\"flickity-slider\"><div class=\"cell\" data-lazy=\"false\"><img decoding=\"async\" class=\"skip-lazy nectar-lazy\" src=\"https:\/\/modenafuturacreativa.it\/wp-content\/uploads\/2025\/10\/558477691_788329110714116_9057153072991727364_n-600x450.jpg\" width=\"600\" height=\"450\" alt=\"558477691_788329110714116_9057153072991727364_n\" title=\"558477691_788329110714116_9057153072991727364_n\" loading=\"lazy\" \/><a class=\"entire-slide-link\" aria-label=\"558477691_788329110714116_9057153072991727364_n\"  href=\"https:\/\/modenafuturacreativa.it\/wp-content\/uploads\/2025\/10\/558477691_788329110714116_9057153072991727364_n.jpg\"><\/a><\/div><div class=\"cell\" data-lazy=\"false\"><img decoding=\"async\" class=\"skip-lazy nectar-lazy\" src=\"https:\/\/modenafuturacreativa.it\/wp-content\/uploads\/2025\/10\/063-IFTS-ForModena-1-scaled-1-600x450.jpg\" width=\"600\" height=\"450\" alt=\"063-IFTS-ForModena-1-scaled\" title=\"063-IFTS-ForModena-1-scaled\" loading=\"lazy\" \/><a class=\"entire-slide-link\" aria-label=\"063-IFTS-ForModena-1-scaled\"  href=\"https:\/\/modenafuturacreativa.it\/wp-content\/uploads\/2025\/10\/063-IFTS-ForModena-1-scaled-1.jpg\"><\/a><\/div><div class=\"cell\" data-lazy=\"false\"><img decoding=\"async\" class=\"skip-lazy nectar-lazy\" src=\"https:\/\/modenafuturacreativa.it\/wp-content\/uploads\/2025\/10\/RRS_2910-scaled-1-600x450.jpg\" width=\"600\" height=\"450\" alt=\"RRS_2910-scaled\" title=\"RRS_2910-escala\" loading=\"lazy\" \/><a class=\"entire-slide-link\" aria-label=\"RRS_2910-escala\"  href=\"https:\/\/modenafuturacreativa.it\/wp-content\/uploads\/2025\/10\/RRS_2910-scaled-1.jpg\"><\/a><\/div><\/div><\/div><\/div><\/div>\n\t\t<\/div> \n\t<\/div> \n\t\t\t<\/div> \n\t\t<\/div>\n\t<\/div> \n<\/div><\/div>","protected":false},"excerpt":{"rendered":"Cuarta edici\u00f3n del proyecto promovido por ForModena en el marco de Modena Unesco Creative City for Media Arts. Lunes 13 de octubre jornada de puertas abiertas en el Laboratorio Abierto Formaci\u00f3n de nuevas figuras profesionales del...","protected":false},"author":1,"featured_media":5673,"comment_status":"closed","ping_status":"closed","sticky":false,"template":"","format":"standard","meta":{"wpupg_custom_link":[],"wpupg_custom_link_behaviour":["default"],"wpupg_custom_link_nofollow":["default"],"wpupg_custom_image":[],"wpupg_custom_image_id":[],"footnotes":""},"categories":[475],"tags":[],"class_list":["post-5550","post","type-post","status-publish","format-standard","has-post-thumbnail","category-news"],"_links":{"self":[{"href":"https:\/\/modenafuturacreativa.it\/es\/wp-json\/wp\/v2\/posts\/5550","targetHints":{"allow":["GET"]}}],"collection":[{"href":"https:\/\/modenafuturacreativa.it\/es\/wp-json\/wp\/v2\/posts"}],"about":[{"href":"https:\/\/modenafuturacreativa.it\/es\/wp-json\/wp\/v2\/types\/post"}],"author":[{"embeddable":true,"href":"https:\/\/modenafuturacreativa.it\/es\/wp-json\/wp\/v2\/users\/1"}],"replies":[{"embeddable":true,"href":"https:\/\/modenafuturacreativa.it\/es\/wp-json\/wp\/v2\/comments?post=5550"}],"version-history":[{"count":2,"href":"https:\/\/modenafuturacreativa.it\/es\/wp-json\/wp\/v2\/posts\/5550\/revisions"}],"predecessor-version":[{"id":5677,"href":"https:\/\/modenafuturacreativa.it\/es\/wp-json\/wp\/v2\/posts\/5550\/revisions\/5677"}],"wp:featuredmedia":[{"embeddable":true,"href":"https:\/\/modenafuturacreativa.it\/es\/wp-json\/wp\/v2\/media\/5673"}],"wp:attachment":[{"href":"https:\/\/modenafuturacreativa.it\/es\/wp-json\/wp\/v2\/media?parent=5550"}],"wp:term":[{"taxonomy":"category","embeddable":true,"href":"https:\/\/modenafuturacreativa.it\/es\/wp-json\/wp\/v2\/categories?post=5550"},{"taxonomy":"post_tag","embeddable":true,"href":"https:\/\/modenafuturacreativa.it\/es\/wp-json\/wp\/v2\/tags?post=5550"}],"curies":[{"name":"wp","href":"https:\/\/api.w.org\/{rel}","templated":true}]}}