{"id":5445,"date":"2025-10-01T15:15:55","date_gmt":"2025-10-01T13:15:55","guid":{"rendered":"https:\/\/modenafuturacreativa.it\/?p=5445"},"modified":"2025-10-01T15:15:55","modified_gmt":"2025-10-01T13:15:55","slug":"modena-patrimonio-mondiale-in-festa-3-ghirlandina-luce-e-memoria","status":"publish","type":"post","link":"https:\/\/modenafuturacreativa.it\/es\/modena-patrimonio-mondiale-in-festa-3-ghirlandina-luce-e-memoria\/","title":{"rendered":"MODENA PATRIMONIO MUNDIAL EN FIESTA' \/ 3 - GHIRLANDINA. LUZ Y MEMORIA"},"content":{"rendered":"<div id=\"fws_6a9b7bee3a534\"  data-column-margin=\"default\" data-midnight=\"dark\"  class=\"wpb_row vc_row-fluid vc_row\"  style=\"padding-top: 0px; padding-bottom: 0px; \"><div class=\"row-bg-wrap\" data-bg-animation=\"none\" data-bg-animation-delay=\"\" data-bg-overlay=\"false\"><div class=\"inner-wrap row-bg-layer\" ><div class=\"row-bg viewport-desktop\"  style=\"\"><\/div><\/div><\/div><div class=\"row_col_wrap_12 col span_12 dark left\">\n\t<div  class=\"vc_col-sm-12 wpb_column column_container vc_column_container col no-extra-padding inherit_tablet inherit_phone\"  data-padding-pos=\"all\" data-has-bg-color=\"false\" data-bg-color=\"\" data-bg-opacity=\"1\" data-animation=\"\" data-delay=\"0\" >\n\t\t<div class=\"vc_column-inner\" >\n\t\t\t<div class=\"wpb_wrapper\">\n\t\t\t\t\n<div class=\"wpb_text_column wpb_content_element\" >\n\t<p><strong>Del 9 al 12 de octubre en la Piazza Torre un espectacular videomapping arquitect\u00f3nico, en una doble proyecci\u00f3n nocturna<\/strong><\/p>\n<p>La inauguraci\u00f3n del festival, el jueves 9 de octubre a las 21.30 y 22.00 horas en la Piazza Torre, ser\u00e1 el preestreno del espect\u00e1culo \"Ghirlandina. Luz y memoria\", un espectacular videomapping sobre la superficie de la propia torre que transformar\u00e1 la emblem\u00e1tica torre de la ciudad en un lienzo de luz y sonido. La obra audiovisual podr\u00e1 verse todas las noches hasta el domingo 12, con proyecciones dobles (22.30 y 23.00 el viernes y el s\u00e1bado, 21.30 y 22.00 el domingo) todas las noches con entrada gratuita.<\/p>\n<p>La proyecci\u00f3n de v\u00eddeo narrar\u00e1 la historia de la construcci\u00f3n de la Ghirlandina, que tuvo lugar a lo largo de m\u00e1s de dos siglos, a trav\u00e9s de un espect\u00e1culo inmersivo. Las im\u00e1genes, combinadas con m\u00fasica evocadora y escenograf\u00eda tridimensional, proporcionar\u00e1n a ciudadanos y visitantes un momento de puro asombro, uniendo pasado y futuro en un extraordinario entretejido visual.<\/p>\n<p>Una gran obra audiovisual que conecta los dos reconocimientos UNESCO de M\u00f3dena, Patrimonio de la Humanidad y artes medi\u00e1ticas, en un di\u00e1logo entre el monumento de valor universal excepcional y las artes medi\u00e1ticas que est\u00e1 en el coraz\u00f3n de todo el proyecto. De hecho, desde 2021 M\u00f3dena forma parte de la red de ciudades creativas de la UNESCO, siendo la primera ciudad de Italia en recibir este reconocimiento para las artes medi\u00e1ticas, en nombre de un camino colectivo de innovaci\u00f3n en el \u00e1mbito cultural, desarrollo de la creatividad y di\u00e1logo entre saberes y lenguajes.<\/p>\n<p>Producida por Delumen y comisariada por Santimone srl, la videoproyecci\u00f3n es el resultado de un largo trabajo colectivo. Los contenidos editados por Francesca Piccinini, con adaptaci\u00f3n narrativa de los textos por Elena Grazia F\u00e8, de la Oficina del Patrimonio Mundial del Museo C\u00edvico de M\u00f3dena, dan cuenta de los estudios m\u00e1s actualizados sobre la historia de la Torre, gracias a la colaboraci\u00f3n del profesor Stefano Lugli (UniMoRe - Departamento de Ciencias Qu\u00edmicas y Geol\u00f3gicas) y de la arquitecta Rossella Cadignani, responsable de la \u00faltima restauraci\u00f3n de la torre.<\/p>\n<p>El modelado arquitect\u00f3nico se basa en el levantamiento en 3D de la torre facilitado al ayuntamiento por el ingeniero Federico Benatti, mientras que la proyecci\u00f3n ha sido posible gracias a la disponibilidad de los museos del Duomo y de la Bas\u00edlica Metropolitana y de ciudadanos particulares.<\/p>\n<\/div>\n\n\n\n\n\t<div class=\"wpb_gallery wpb_content_element clearfix\">\n\t\t<div class=\"wpb_wrapper\"><div class=\"wpb_gallery_slidesflickity_style\" data-onclick=\"link_image\" data-interval=\"5\"><div class=\"nectar-flickity not-initialized\" role=\"region\" aria-roledescription=\"carousel\" aria-label=\"Galer\u00eda de im\u00e1genes\"  data-touch-icon-color=\"default\" data-stagger=\"\" data-drag-scale=\"\" data-overflow=\"hidden\" data-wrap=\"wrap\" data-spacing=\"default\" data-shadow=\"large_depth\" data-autoplay=\"true\" data-autoplay-dur=\"\" data-free-scroll=\"\" data-controls=\"material_pagination\" data-desktop-columns=\"1\" data-small-desktop-columns=\"1\" data-tablet-columns=\"1\" data-phone-columns=\"1\"><div class=\"flickity-viewport\"> <div class=\"flickity-slider\"><div class=\"cell\" data-lazy=\"false\"><img decoding=\"async\" class=\"skip-lazy nectar-lazy\" src=\"https:\/\/modenafuturacreativa.it\/wp-content\/uploads\/2025\/10\/image-2-600x450.jpg\" width=\"600\" height=\"450\" alt=\"image\" title=\"imagen\" loading=\"lazy\" \/><a class=\"entire-slide-link\" aria-label=\"imagen\"  href=\"https:\/\/modenafuturacreativa.it\/wp-content\/uploads\/2025\/10\/image-2.jpg\"><\/a><\/div><div class=\"cell\" data-lazy=\"false\"><img decoding=\"async\" class=\"skip-lazy nectar-lazy\" src=\"https:\/\/modenafuturacreativa.it\/wp-content\/uploads\/2025\/10\/image-1-600x450.jpg\" width=\"600\" height=\"450\" alt=\"image (1)\" title=\"imagen (1)\" loading=\"lazy\" \/><a class=\"entire-slide-link\" aria-label=\"imagen (1)\"  href=\"https:\/\/modenafuturacreativa.it\/wp-content\/uploads\/2025\/10\/image-1.jpg\"><\/a><\/div><\/div><\/div><\/div><\/div>\n\t\t<\/div> \n\t<\/div> \n\t\t\t<\/div> \n\t\t<\/div>\n\t<\/div> \n<\/div><\/div>","protected":false},"excerpt":{"rendered":"Del 9 al 12 de octubre en la Piazza Torre un espectacular videomapping arquitect\u00f3nico, en una doble proyecci\u00f3n nocturna Para inaugurar el festival, el jueves 9 de octubre a las 21.30 y a las 22.00 horas en la Piazza...","protected":false},"author":1,"featured_media":5482,"comment_status":"closed","ping_status":"closed","sticky":false,"template":"","format":"standard","meta":{"wpupg_custom_link":[],"wpupg_custom_link_behaviour":["default"],"wpupg_custom_link_nofollow":["default"],"wpupg_custom_image":[],"wpupg_custom_image_id":[],"footnotes":""},"categories":[475,1],"tags":[],"class_list":["post-5445","post","type-post","status-publish","format-standard","has-post-thumbnail","category-news","category-senza-categoria"],"_links":{"self":[{"href":"https:\/\/modenafuturacreativa.it\/es\/wp-json\/wp\/v2\/posts\/5445","targetHints":{"allow":["GET"]}}],"collection":[{"href":"https:\/\/modenafuturacreativa.it\/es\/wp-json\/wp\/v2\/posts"}],"about":[{"href":"https:\/\/modenafuturacreativa.it\/es\/wp-json\/wp\/v2\/types\/post"}],"author":[{"embeddable":true,"href":"https:\/\/modenafuturacreativa.it\/es\/wp-json\/wp\/v2\/users\/1"}],"replies":[{"embeddable":true,"href":"https:\/\/modenafuturacreativa.it\/es\/wp-json\/wp\/v2\/comments?post=5445"}],"version-history":[{"count":1,"href":"https:\/\/modenafuturacreativa.it\/es\/wp-json\/wp\/v2\/posts\/5445\/revisions"}],"predecessor-version":[{"id":5484,"href":"https:\/\/modenafuturacreativa.it\/es\/wp-json\/wp\/v2\/posts\/5445\/revisions\/5484"}],"wp:featuredmedia":[{"embeddable":true,"href":"https:\/\/modenafuturacreativa.it\/es\/wp-json\/wp\/v2\/media\/5482"}],"wp:attachment":[{"href":"https:\/\/modenafuturacreativa.it\/es\/wp-json\/wp\/v2\/media?parent=5445"}],"wp:term":[{"taxonomy":"category","embeddable":true,"href":"https:\/\/modenafuturacreativa.it\/es\/wp-json\/wp\/v2\/categories?post=5445"},{"taxonomy":"post_tag","embeddable":true,"href":"https:\/\/modenafuturacreativa.it\/es\/wp-json\/wp\/v2\/tags?post=5445"}],"curies":[{"name":"wp","href":"https:\/\/api.w.org\/{rel}","templated":true}]}}