{"id":5276,"date":"2025-09-11T15:40:49","date_gmt":"2025-09-11T13:40:49","guid":{"rendered":"https:\/\/modenafuturacreativa.it\/?p=5276"},"modified":"2025-09-11T15:43:28","modified_gmt":"2025-09-11T13:43:28","slug":"ago-off-mancuso-e-niessen-tra-arte-e-tecnoscienze","status":"publish","type":"post","link":"https:\/\/modenafuturacreativa.it\/es\/ago-off-mancuso-e-niessen-tra-arte-e-tecnoscienze\/","title":{"rendered":"EN NEEDLE OFF MANCUSO Y NIESSEN ENTRE ARTE Y TECNOCIENCIA"},"content":{"rendered":"<div id=\"fws_6a9b7b9b0d887\"  data-column-margin=\"default\" data-midnight=\"dark\"  class=\"wpb_row vc_row-fluid vc_row\"  style=\"padding-top: 0px; padding-bottom: 0px; \"><div class=\"row-bg-wrap\" data-bg-animation=\"none\" data-bg-animation-delay=\"\" data-bg-overlay=\"false\"><div class=\"inner-wrap row-bg-layer\" ><div class=\"row-bg viewport-desktop\"  style=\"\"><\/div><\/div><\/div><div class=\"row_col_wrap_12 col span_12 dark left\">\n\t<div  class=\"vc_col-sm-12 wpb_column column_container vc_column_container col no-extra-padding inherit_tablet inherit_phone\"  data-padding-pos=\"all\" data-has-bg-color=\"false\" data-bg-color=\"\" data-bg-opacity=\"1\" data-animation=\"\" data-delay=\"0\" >\n\t\t<div class=\"vc_column-inner\" >\n\t\t\t<div class=\"wpb_wrapper\">\n\t\t\t\t\n<div class=\"wpb_text_column wpb_content_element\" >\n\t<p><strong>S\u00e1bado 13 de septiembre en el escenario del Sant'Agostino con la Fondazione di Modena y el FEM un di\u00e1logo sobre \"Intrecci\" entre autores humanos y no humanos entre cr\u00edtico y soci\u00f3logo<\/strong><\/p>\n<p>Entretejidos. Autores humanos y no humanos entre arte, cultura y tecnociencia\". Este es el tema del acto del s\u00e1bado 13 de septiembre, a las 21.00 horas, cuando se escenificar\u00e1 en el escenario de la plaza Sant'Agostino de M\u00f3dena un di\u00e1logo entre el cr\u00edtico de arte contempor\u00e1neo y comisario Marco Mancuso y el soci\u00f3logo y director cient\u00edfico de la plataforma de innovaci\u00f3n cultural \"cheFare\" Bertram Niessen.<\/p>\n<p>La iniciativa, promovida por la Fondazione di Modena y FEM, Future Education Modena, forma parte de Ago Off, los di\u00e1logos en torno al arte que, coordinados por la Fondazione Ago, tuvieron lugar en el marco del Verano de M\u00f3dena organizado por el Ayuntamiento y la Fundaci\u00f3n.<\/p>\n<p>El di\u00e1logo entre ambos estudiosos se desarrolla en torno a la idea de un nuevo pensamiento ecol\u00f3gico del que surgen varias preguntas. Por ejemplo, \u00bfc\u00f3mo pensar en reconocer un papel, tanto social como pol\u00edtico, a los actores naturales y artificiales que habitan un mundo en el que los seres humanos nos encontramos en una creciente relaci\u00f3n de interdependencia con el medio que nos rodea? O, \u00bfqu\u00e9 retos se plantean en el plano cultural y cu\u00e1les en el est\u00e9tico?<\/p>\n<p>El a\u00f1o pasado, Marco Mancuso comisari\u00f3 la exposici\u00f3n \"Umwelt\" para la Fundaci\u00f3n Ago, dedicada precisamente a reflexionar, a trav\u00e9s de las obras de varios artistas internacionales, sobre c\u00f3mo los artefactos del arte y la tecnociencia pueden acercarnos a una comprensi\u00f3n m\u00e1s profunda de las expresiones no humanas de la inteligencia, entrar en relaci\u00f3n con ellas, integrarlas en un nuevo entorno colectivo y difundir una renovada \u00e9tica ecol\u00f3gica desencadenando nuevos modos de di\u00e1logo y relaci\u00f3n entre los seres humanos y el contexto, natural y artificial.<\/p>\n<p>La rese\u00f1a Ago Off concluye el lunes 15 de septiembre, a las 21.00 horas, con el encuentro, promovido por la Fondazione di Modena junto con Ago, con el experto en humanidades digitales Jeffrey Schnapp, italianista e historiador, profesor en Harvard, autor del libro \"Storia rapida della velocit\u00e0\" (ediciones Saggiatore). Schnapp debatir\u00e1 con el antrop\u00f3logo Adriano Favole y Antonello Coletta, CEO de Ferrari WEC. El encuentro estar\u00e1 moderado por la periodista del motor Maria Grazia Lechleitner.<\/p>\n<p>Pueden descargarse las fotograf\u00edas de Bertram Niessen y Marco Mancuso que forman parte de la exposici\u00f3n \"Umwelt\", as\u00ed como im\u00e1genes de la plaza<\/p>\n<p>Oficina de prensa: <a title=\"press@fondazioneago.it\" href=\"mailto:press@fondazioneago.it\">press@fondazioneago.it<\/a><\/p>\n<\/div>\n\n\n\n\n\t<div class=\"wpb_gallery wpb_content_element clearfix\">\n\t\t<div class=\"wpb_wrapper\"><div class=\"wpb_gallery_slidesflickity_style\" data-onclick=\"link_image\" data-interval=\"5\"><div class=\"nectar-flickity not-initialized\" role=\"region\" aria-roledescription=\"carousel\" aria-label=\"Galer\u00eda de im\u00e1genes\"  data-touch-icon-color=\"default\" data-stagger=\"\" data-drag-scale=\"\" data-overflow=\"hidden\" data-wrap=\"wrap\" data-spacing=\"default\" data-shadow=\"large_depth\" data-autoplay=\"true\" data-autoplay-dur=\"\" data-free-scroll=\"\" data-controls=\"material_pagination\" data-desktop-columns=\"1\" data-small-desktop-columns=\"1\" data-tablet-columns=\"1\" data-phone-columns=\"1\"><div class=\"flickity-viewport\"> <div class=\"flickity-slider\"><div class=\"cell\" data-lazy=\"false\"><img decoding=\"async\" class=\"skip-lazy nectar-lazy\" src=\"https:\/\/modenafuturacreativa.it\/wp-content\/uploads\/2025\/09\/Marco-Mancuso-mostra-Unwelt-600x450.jpeg\" width=\"600\" height=\"450\" alt=\"Marco Mancuso - mostra Unwelt\" title=\"Marco Mancuso - Exposici\u00f3n Unwelt\" loading=\"lazy\" \/><a class=\"entire-slide-link\" aria-label=\"Marco Mancuso - Exposici\u00f3n Unwelt\"  href=\"https:\/\/modenafuturacreativa.it\/wp-content\/uploads\/2025\/09\/Marco-Mancuso-mostra-Unwelt.jpeg\"><\/a><\/div><div class=\"cell\" data-lazy=\"false\"><img decoding=\"async\" class=\"skip-lazy nectar-lazy\" src=\"https:\/\/modenafuturacreativa.it\/wp-content\/uploads\/2025\/09\/Bertram-Niessen-2-600x450.jpeg\" width=\"600\" height=\"450\" alt=\"Bertram-Niessen 2\" title=\"Bertram-Niessen 2\" loading=\"lazy\" \/><a class=\"entire-slide-link\" aria-label=\"Bertram-Niessen 2\"  href=\"https:\/\/modenafuturacreativa.it\/wp-content\/uploads\/2025\/09\/Bertram-Niessen-2.jpeg\"><\/a><\/div><div class=\"cell\" data-lazy=\"false\"><img decoding=\"async\" class=\"skip-lazy nectar-lazy\" src=\"https:\/\/modenafuturacreativa.it\/wp-content\/uploads\/2025\/09\/Ago-Off-piazza-600x450.jpg\" width=\"600\" height=\"450\" alt=\"Ago Off - piazza\" title=\"Ago Off - cuadrado\" loading=\"lazy\" \/><a class=\"entire-slide-link\" aria-label=\"Ago Off - cuadrado\"  href=\"https:\/\/modenafuturacreativa.it\/wp-content\/uploads\/2025\/09\/Ago-Off-piazza.jpg\"><\/a><\/div><div class=\"cell\" data-lazy=\"false\"><img decoding=\"async\" class=\"skip-lazy nectar-lazy\" src=\"https:\/\/modenafuturacreativa.it\/wp-content\/uploads\/2025\/09\/Ago-Off-piazza-2-600x450.jpg\" width=\"600\" height=\"450\" alt=\"Ago Off - piazza 2\" title=\"Ago Off - plaza 2\" loading=\"lazy\" \/><a class=\"entire-slide-link\" aria-label=\"Ago Off - plaza 2\"  href=\"https:\/\/modenafuturacreativa.it\/wp-content\/uploads\/2025\/09\/Ago-Off-piazza-2.jpg\"><\/a><\/div><\/div><\/div><\/div><\/div>\n\t\t<\/div> \n\t<\/div> \n\t\t\t<\/div> \n\t\t<\/div>\n\t<\/div> \n<\/div><\/div>","protected":false},"excerpt":{"rendered":"S\u00e1bado 13 de septiembre en el escenario Sant'Agostino con la Fondazione di Modena y FEM un di\u00e1logo sobre \"Intrecci\" entre autores humanos y no humanos entre cr\u00edtico y soci\u00f3logo \"Intrecci....","protected":false},"author":1,"featured_media":5308,"comment_status":"closed","ping_status":"closed","sticky":false,"template":"","format":"standard","meta":{"wpupg_custom_link":[],"wpupg_custom_link_behaviour":["default"],"wpupg_custom_link_nofollow":["default"],"wpupg_custom_image":[],"wpupg_custom_image_id":[],"footnotes":""},"categories":[475],"tags":[],"class_list":["post-5276","post","type-post","status-publish","format-standard","has-post-thumbnail","category-news"],"_links":{"self":[{"href":"https:\/\/modenafuturacreativa.it\/es\/wp-json\/wp\/v2\/posts\/5276","targetHints":{"allow":["GET"]}}],"collection":[{"href":"https:\/\/modenafuturacreativa.it\/es\/wp-json\/wp\/v2\/posts"}],"about":[{"href":"https:\/\/modenafuturacreativa.it\/es\/wp-json\/wp\/v2\/types\/post"}],"author":[{"embeddable":true,"href":"https:\/\/modenafuturacreativa.it\/es\/wp-json\/wp\/v2\/users\/1"}],"replies":[{"embeddable":true,"href":"https:\/\/modenafuturacreativa.it\/es\/wp-json\/wp\/v2\/comments?post=5276"}],"version-history":[{"count":1,"href":"https:\/\/modenafuturacreativa.it\/es\/wp-json\/wp\/v2\/posts\/5276\/revisions"}],"predecessor-version":[{"id":5311,"href":"https:\/\/modenafuturacreativa.it\/es\/wp-json\/wp\/v2\/posts\/5276\/revisions\/5311"}],"wp:featuredmedia":[{"embeddable":true,"href":"https:\/\/modenafuturacreativa.it\/es\/wp-json\/wp\/v2\/media\/5308"}],"wp:attachment":[{"href":"https:\/\/modenafuturacreativa.it\/es\/wp-json\/wp\/v2\/media?parent=5276"}],"wp:term":[{"taxonomy":"category","embeddable":true,"href":"https:\/\/modenafuturacreativa.it\/es\/wp-json\/wp\/v2\/categories?post=5276"},{"taxonomy":"post_tag","embeddable":true,"href":"https:\/\/modenafuturacreativa.it\/es\/wp-json\/wp\/v2\/tags?post=5276"}],"curies":[{"name":"wp","href":"https:\/\/api.w.org\/{rel}","templated":true}]}}