{"id":5123,"date":"2025-08-21T11:59:43","date_gmt":"2025-08-21T09:59:43","guid":{"rendered":"https:\/\/modenafuturacreativa.it\/?p=5123"},"modified":"2025-08-21T12:01:11","modified_gmt":"2025-08-21T10:01:11","slug":"quayola-festivalfilosofia","status":"publish","type":"post","link":"https:\/\/modenafuturacreativa.it\/es\/quayola-festivalfilosofia\/","title":{"rendered":"QUAYOLA VUELVE A MODENA PARA FESTIVALFILOSOPHY"},"content":{"rendered":"<div id=\"fws_6a9b7c734484b\"  data-column-margin=\"default\" data-midnight=\"dark\"  class=\"wpb_row vc_row-fluid vc_row\"  style=\"padding-top: 0px; padding-bottom: 0px; \"><div class=\"row-bg-wrap\" data-bg-animation=\"none\" data-bg-animation-delay=\"\" data-bg-overlay=\"false\"><div class=\"inner-wrap row-bg-layer\" ><div class=\"row-bg viewport-desktop\"  style=\"\"><\/div><\/div><\/div><div class=\"row_col_wrap_12 col span_12 dark left\">\n\t<div  class=\"vc_col-sm-12 wpb_column column_container vc_column_container col no-extra-padding inherit_tablet inherit_phone\"  data-padding-pos=\"all\" data-has-bg-color=\"false\" data-bg-color=\"\" data-bg-opacity=\"1\" data-animation=\"\" data-delay=\"0\" >\n\t\t<div class=\"vc_column-inner\" >\n\t\t\t<div class=\"wpb_wrapper\">\n\t\t\t\t\n<div class=\"wpb_text_column wpb_content_element\" >\n\t<p><strong>A partir del 19 de septiembre con Fondazione Ago una selecci\u00f3n de obras del artista digital que explora la relaci\u00f3n entre el arte y las nuevas tecnolog\u00edas tambi\u00e9n se desarroll\u00f3 en la exposici\u00f3n en Qatar con la Embajada<\/strong><\/p>\n<p>Los artistas de hoy pueden ense\u00f1ar a las m\u00e1quinas a generar im\u00e1genes, transfiri\u00e9ndoles conocimientos y t\u00e9cnicas, y recibir de ellas la oportunidad de explorar nuevos horizontes est\u00e9ticos y perceptivos. Se trata de una reflexi\u00f3n sobre la relaci\u00f3n entre el arte y los nuevos gestos algor\u00edtmicos que el artista digital Quayola propondr\u00e1 en M\u00f3dena, con la Fondazione Ago, a partir del viernes 19 de septiembre durante el Festivalfilosofia dedicado a la Paideia, es decir, la transmisi\u00f3n de conocimientos.<\/p>\n<p>Despu\u00e9s de la exposici\u00f3n 'Nuovo Paesaggio' en los \u00faltimos meses en Doha, Qatar, promovida por la Embajada de Italia con los Museos de Qatar y apoyada por la Direcci\u00f3n General para la Creatividad Contempor\u00e1nea del Ministerio de Cultura, con la colaboraci\u00f3n de la Fondazione Ago Modena Fabbriche Culturali y comisariada por Claudio Composti, Quayola vuelve as\u00ed a M\u00f3dena, donde en 2020 hab\u00eda realizado su primera exposici\u00f3n individual en una instituci\u00f3n p\u00fablica italiana, la entonces Fondazione Modena arti visive: 'Ultima perfezione', comisariada por Daniele De Luigi.<\/p>\n<p>Precisamente De Luigi es el comisario de la nueva exposici\u00f3n que, con la colaboraci\u00f3n de Quayola Studio y bas\u00e1ndose tambi\u00e9n en la experiencia desarrollada en Qatar junto con la Embajada y el Ministerio, propone una peque\u00f1a selecci\u00f3n de obras en el Palazzo Santa Margherita hasta el 5 de octubre: una de la serie \"Tormentas\", la misma presentada en Qatar, y dos de la serie \"Judith y Holofernes\" (\"Iconograf\u00edas #21-80: Judith y Holofernes\"), ya presentes en las colecciones de la Fondazione Ago. Acompa\u00f1a a la exposici\u00f3n una entrevista en v\u00eddeo con el artista sobre su experiencia de \"trabajar\" con m\u00e1quinas y su relaci\u00f3n con la tecnolog\u00eda: \"Es una oportunidad para descubrir nuevas formas de ver el mundo\", dice Quayola, \"es una extensi\u00f3n de nuestros sentidos, que nos permite percibir la realidad de una manera radicalmente nueva y diferente\".<\/p>\n<p>En su pr\u00e1ctica, Quayola desarrolla software a medida para investigar la nueva est\u00e9tica algor\u00edtmica que surge de su colaboraci\u00f3n con las m\u00e1quinas: \"Me fascinan el c\u00f3digo y la tecnolog\u00eda, no como medios para reproducir un tema, sino como los propios temas de investigaci\u00f3n.<\/p>\n<p>\"Quayola\", dice Daniele De Luigi, \"utiliza la tecnolog\u00eda como lente para explorar las tensiones y equilibrios entre fuerzas aparentemente opuestas: lo real y lo artificial, lo figurativo y lo abstracto, lo antiguo y lo nuevo. Mediante instalaciones inmersivas, reinterpreta la imaginer\u00eda tradicional de la historia del arte. Su variada pr\u00e1ctica, enteramente derivada de programas inform\u00e1ticos personalizados, incluye tambi\u00e9n performances audiovisuales, videoinstalaciones inmersivas, esculturas y obras sobre papel\".<\/p>\n<p>Sus obras se encuentran en numerosas instituciones culturales de prestigio de todo el mundo: del V&amp;A de Londres al Park Avenue Armory de Nueva York, del National Art Center de Tokio a la UCCA de Pek\u00edn, pasando por el How Art Museum de Shangh\u00e1i, el Palais de Tokyo de Par\u00eds, el Festival S\u00f3nar de Barcelona y el Ars Electronica de Linz, donde recibi\u00f3 el Golden Nica Award en 2013. Sus colaboraciones en proyectos musicales tambi\u00e9n son numerosas.<\/p>\n<p>Durante Festivalfilosofia, la exposici\u00f3n permanecer\u00e1 abierta de 9.00 a 23.00 horas el viernes 19 y el s\u00e1bado 20 de septiembre, y de 9.00 a 21.00 horas el domingo 21 de septiembre. A partir de la semana siguiente, la exposici\u00f3n permanecer\u00e1 abierta, tambi\u00e9n con entrada gratuita, de mi\u00e9rcoles a viernes de 11.00 a 13.00 h. y de 16.00 a 19.00 h., y los s\u00e1bados y domingos de 11.00 a 19.00 h. Informaci\u00f3n: <a href=\"http:\/\/www.agomodena.it.\" target=\"_blank\" rel=\"noopener\">www.agomodena.it.<\/a><\/p>\n<\/div>\n\n\n\n\n\t<div class=\"wpb_gallery wpb_content_element clearfix\">\n\t\t<div class=\"wpb_wrapper\"><div class=\"wpb_gallery_slidesflickity_style\" data-onclick=\"link_image\" data-interval=\"5\"><div class=\"nectar-flickity not-initialized\" role=\"region\" aria-roledescription=\"carousel\" aria-label=\"Galer\u00eda de im\u00e1genes\"  data-touch-icon-color=\"default\" data-stagger=\"\" data-drag-scale=\"\" data-overflow=\"hidden\" data-wrap=\"wrap\" data-spacing=\"default\" data-shadow=\"large_depth\" data-autoplay=\"true\" data-autoplay-dur=\"\" data-free-scroll=\"\" data-controls=\"material_pagination\" data-desktop-columns=\"1\" data-small-desktop-columns=\"1\" data-tablet-columns=\"1\" data-phone-columns=\"1\"><div class=\"flickity-viewport\"> <div class=\"flickity-slider\"><div class=\"cell\" data-lazy=\"false\"><img decoding=\"async\" class=\"skip-lazy nectar-lazy\" src=\"https:\/\/modenafuturacreativa.it\/wp-content\/uploads\/2025\/08\/Quayola_Sirani_1917g-600x450.jpg\" width=\"600\" height=\"450\" alt=\"Quayola - Ultima Perfezione\" title=\"Quayola - \u00daltima perfecci\u00f3n\" loading=\"lazy\" \/><a class=\"entire-slide-link\" aria-label=\"Quayola - \u00daltima perfecci\u00f3n\"  href=\"https:\/\/modenafuturacreativa.it\/wp-content\/uploads\/2025\/08\/Quayola_Sirani_1917g.jpg\"><\/a><\/div><div class=\"cell\" data-lazy=\"false\"><img decoding=\"async\" class=\"skip-lazy nectar-lazy\" src=\"https:\/\/modenafuturacreativa.it\/wp-content\/uploads\/2025\/08\/Quayola_Storm-scaled-600x450.jpg\" width=\"600\" height=\"450\" alt=\"Quayola_Storm\" title=\"Quayola_Storm\" loading=\"lazy\" \/><a class=\"entire-slide-link\" aria-label=\"Quayola_Storm\"  href=\"https:\/\/modenafuturacreativa.it\/wp-content\/uploads\/2025\/08\/Quayola_Storm-scaled.jpg\"><\/a><\/div><\/div><\/div><\/div><\/div>\n\t\t<\/div> \n\t<\/div> \n\t\t\t<\/div> \n\t\t<\/div>\n\t<\/div> \n<\/div><\/div>","protected":false},"excerpt":{"rendered":"A partir del 19 de septiembre con Fondazione Ago una selecci\u00f3n de obras del artista digital que explora la relaci\u00f3n entre el arte y las nuevas tecnolog\u00edas tambi\u00e9n se desarroll\u00f3 en la exposici\u00f3n en Qatar con la Embajada Los artistas...","protected":false},"author":1,"featured_media":5153,"comment_status":"closed","ping_status":"closed","sticky":false,"template":"","format":"standard","meta":{"wpupg_custom_link":[],"wpupg_custom_link_behaviour":["default"],"wpupg_custom_link_nofollow":["default"],"wpupg_custom_image":[],"wpupg_custom_image_id":[],"footnotes":""},"categories":[475],"tags":[],"class_list":["post-5123","post","type-post","status-publish","format-standard","has-post-thumbnail","category-news"],"_links":{"self":[{"href":"https:\/\/modenafuturacreativa.it\/es\/wp-json\/wp\/v2\/posts\/5123","targetHints":{"allow":["GET"]}}],"collection":[{"href":"https:\/\/modenafuturacreativa.it\/es\/wp-json\/wp\/v2\/posts"}],"about":[{"href":"https:\/\/modenafuturacreativa.it\/es\/wp-json\/wp\/v2\/types\/post"}],"author":[{"embeddable":true,"href":"https:\/\/modenafuturacreativa.it\/es\/wp-json\/wp\/v2\/users\/1"}],"replies":[{"embeddable":true,"href":"https:\/\/modenafuturacreativa.it\/es\/wp-json\/wp\/v2\/comments?post=5123"}],"version-history":[{"count":1,"href":"https:\/\/modenafuturacreativa.it\/es\/wp-json\/wp\/v2\/posts\/5123\/revisions"}],"predecessor-version":[{"id":5154,"href":"https:\/\/modenafuturacreativa.it\/es\/wp-json\/wp\/v2\/posts\/5123\/revisions\/5154"}],"wp:featuredmedia":[{"embeddable":true,"href":"https:\/\/modenafuturacreativa.it\/es\/wp-json\/wp\/v2\/media\/5153"}],"wp:attachment":[{"href":"https:\/\/modenafuturacreativa.it\/es\/wp-json\/wp\/v2\/media?parent=5123"}],"wp:term":[{"taxonomy":"category","embeddable":true,"href":"https:\/\/modenafuturacreativa.it\/es\/wp-json\/wp\/v2\/categories?post=5123"},{"taxonomy":"post_tag","embeddable":true,"href":"https:\/\/modenafuturacreativa.it\/es\/wp-json\/wp\/v2\/tags?post=5123"}],"curies":[{"name":"wp","href":"https:\/\/api.w.org\/{rel}","templated":true}]}}