{"id":5020,"date":"2025-07-23T15:57:30","date_gmt":"2025-07-23T13:57:30","guid":{"rendered":"https:\/\/modenafuturacreativa.it\/?p=5020"},"modified":"2025-07-23T15:58:03","modified_gmt":"2025-07-23T13:58:03","slug":"alberi-festival-nuove-tappe-a-pavullo-e-carrara-dopo-parigi-e-karlsruhe","status":"publish","type":"post","link":"https:\/\/modenafuturacreativa.it\/es\/alberi-festival-nuove-tappe-a-pavullo-e-carrara-dopo-parigi-e-karlsruhe\/","title":{"rendered":"Festival Alberi, nuevas paradas en Pavullo y Carrara, tras Par\u00eds y Karlsruhe"},"content":{"rendered":"<div id=\"fws_6a9b7b9d2628e\"  data-column-margin=\"default\" data-midnight=\"dark\"  class=\"wpb_row vc_row-fluid vc_row\"  style=\"padding-top: 0px; padding-bottom: 0px; \"><div class=\"row-bg-wrap\" data-bg-animation=\"none\" data-bg-animation-delay=\"\" data-bg-overlay=\"false\"><div class=\"inner-wrap row-bg-layer\" ><div class=\"row-bg viewport-desktop\"  style=\"\"><\/div><\/div><\/div><div class=\"row_col_wrap_12 col span_12 dark left\">\n\t<div  class=\"vc_col-sm-12 wpb_column column_container vc_column_container col no-extra-padding inherit_tablet inherit_phone\"  data-padding-pos=\"all\" data-has-bg-color=\"false\" data-bg-color=\"\" data-bg-opacity=\"1\" data-animation=\"\" data-delay=\"0\" >\n\t\t<div class=\"vc_column-inner\" >\n\t\t\t<div class=\"wpb_wrapper\">\n\t\t\t\t\n<div class=\"wpb_text_column wpb_content_element\" >\n\t<p><strong>Del Pueblo Artesano de M\u00f3dena Oeste a las Ciudades Creativas de la Unesco, un proyecto que sigue haciendo crecer nuevas visiones urbanas<\/strong><\/p>\n<p>El Festival Alberi sigue echando ra\u00edces y expandiendo sus ramas, llevando su mensaje de reconexi\u00f3n entre naturaleza, arquitectura y comunidad a nuevas ciudades y contextos. Tras transformar el Villaggio Artigiano Modena Ovest en la \"ciudad de los \u00e1rboles\" durante una semana el pasado mes de abril, el proyecto regresa con nuevas iniciativas que ampl\u00edan su alcance, al tiempo que confirman su proyecci\u00f3n internacional.<\/p>\n<p>El s\u00e1bado 26 de julio a las 16.00 horas, en el Palazzo Ducale de Pavullo nel Frignano, se inaugurar\u00e1 la exposici\u00f3n \"Alberi Maestri\", una muestra fotogr\u00e1fica que re\u00fane algunas de las obras m\u00e1s significativas realizadas para el Festival Alberi: \"They might be giants\" de Francesco Fantoni, \"Ossa sacre\" de Chiara Ferrin, \"Old growth\" de TJ Watt, junto con una selecci\u00f3n de im\u00e1genes in\u00e9ditas extra\u00eddas de la larga investigaci\u00f3n de Cesare Leonardi sobre los \u00e1rboles y una evocadora instalaci\u00f3n multimedia que da nueva vida a los famosos dibujos de \"L'architettura degli alberi\" de Leonardi y Franca Stagi. Un itinerario expositivo abierto hasta el 28 de septiembre que entrelaza fotograf\u00eda, v\u00eddeo y dibujo para restituir la complejidad y la belleza del mundo de los \u00e1rboles, en un di\u00e1logo constante con la arquitectura, el paisaje y la memoria cultural de los territorios.<\/p>\n<p>La exposici\u00f3n tambi\u00e9n ofrece la oportunidad de visitar el Parco Ducale de Pavullo, uno de los lugares electivos de la campa\u00f1a fotogr\u00e1fica que Cesare Leonardi, a partir de los a\u00f1os sesenta, llev\u00f3 a cabo personalmente en Italia y en toda Europa para estudiar y conocer los \u00e1rboles, con sus secuoyas gigantes, inscritas entre los \u00e1rboles monumentales de Italia, y el famoso cedro del L\u00edbano, conocido por los habitantes de Pavullo como \"Pinone\".<br \/>\nCasi al mismo tiempo, el viernes 25 y el s\u00e1bado 26 de julio, la ciudad de Carrara acoge el proyecto de M\u00f3dena en el marco de C\/Art, el festival de ciudades creativas de la Unesco dedicado a la relaci\u00f3n entre arte y territorio. M\u00f3dena, a su vez Ciudad Creativa de la Unesco para las Artes Audiovisuales, trae a la hist\u00f3rica ciudad del m\u00e1rmol tres producciones emblem\u00e1ticas de su propia trayectoria: la instalaci\u00f3n \"L'architettura degli alberi\" (\"La arquitectura de los \u00e1rboles\"), que traduce a formato multimedia los famosos dibujos de \u00e1rboles con m\u00fasica original de Corrado Nuccini; el proyecto fotogr\u00e1fico \"They might be giants\" (\"Podr\u00edan ser gigantes\"), dedicado a los \u00e1rboles monumentales de la zona de M\u00f3dena, que se proyectar\u00e1 en gran formato sobre la arquitectura del centro hist\u00f3rico; y, por \u00faltimo, el proyecto \"Alberi Maestri\" (\"\u00c1rboles Maestros\").<a title=\"opensInNewTab\" href=\"http:\/\/www.alberi-maestri.org\/\" target=\"_blank\" rel=\"noopener noreferrer\"><u>www.alberi-maestri.org<\/u><\/a><u>)<\/u>que abre en Carrara una nueva etapa en la labor de cartografiar los \u00e1rboles simb\u00f3licos de las ciudades creativas de Italia.<br \/>\nEl proyecto del Festival del Alberi naci\u00f3 en M\u00f3dena de la idea simple pero radical de repensar la ciudad a partir de los \u00e1rboles, entendidos no como elementos decorativos sino como verdadera arquitectura en construcci\u00f3n, capaz de redefinir la relaci\u00f3n entre el espacio p\u00fablico y la naturaleza. Ha tomado forma a partir del trabajo conjunto del Departamento de Cultura del Ayuntamiento de M\u00f3dena y la Fondazione Archivio Leonardi, con la participaci\u00f3n de todos los principales institutos culturales de la ciudad, inspirados en la visi\u00f3n de Cesare Leonardi y Franca Stagi, que ya en los a\u00f1os setenta teorizaban c\u00f3mo los \u00e1rboles pod\u00edan salvar las ciudades si la humanidad aprend\u00eda a respetar sus tiempos y espacios. De ah\u00ed un camino que no es s\u00f3lo cultural o art\u00edstico, sino que se convierte tambi\u00e9n en urban\u00edstico y social: la experiencia del Villaggio Artigiano Modena Ovest (Pueblo Artesano M\u00f3dena Oeste), con sus calles peatonales, sus \u00e1rboles en macetas y sus asientos amarillos de madera, ha desencadenado una reflexi\u00f3n compartida sobre la transformaci\u00f3n permanente de esos lugares, marcando el inicio de una reconversi\u00f3n verde que llevar\u00e1 a la creaci\u00f3n, quiz\u00e1 por primera vez en Italia, de calles arboladas como respuesta concreta a la crisis clim\u00e1tica.<br \/>\nEl legado de aquella semana de abril no se ha detenido. El Festival Alberi ya ha traspasado las fronteras nacionales, llevando sus proyectos a contextos de relevancia internacional. En Par\u00eds, el pasado mes de junio, el proyecto 'Alberi Maestri' fue seleccionado como\u00a0<em>buenas pr\u00e1cticas<\/em>\u00a0mundo dentro de la Reuni\u00f3n Anual de Ciudades Creativas de la Unesco, como modelo a exportar a las m\u00e1s de 350 ciudades de la red mundial. Del 27 de junio al 5 de julio, la exposici\u00f3n \"Encuentro \u00c1rboles - M\u00f3dena x Karlsruhe\" anim\u00f3 los espacios del FasanenGarten en el marco del festival alem\u00e1n ArchitekturZeit. Una vez m\u00e1s, la atenci\u00f3n se centr\u00f3 en el trabajo visionario de Cesare Leonardi y su enfoque interdisciplinar entre arquitectura, urbanismo, fotograf\u00eda, dise\u00f1o y arte, contado a trav\u00e9s de dibujos originales, prototipos, instalaciones y talleres interactivos.<\/p>\n<p>\"Desde los barrios de M\u00f3dena hasta las capitales europeas de la cultura\", explica el concejal de Cultura, Andrea Bortolamasi, \"el Festival Alberi se confirma como un taller cultural, participativo y capaz de conectar a comunidades, instituciones, artistas y ciudadanos en torno a una idea simple y poderosa: los \u00e1rboles no s\u00f3lo nos salvar\u00e1n, sino que pueden redise\u00f1ar nuestra forma de habitar el mundo.\"<\/p>\n<\/div>\n\n\n\n\n\t<div class=\"wpb_gallery wpb_content_element clearfix\">\n\t\t<div class=\"wpb_wrapper\"><div class=\"wpb_gallery_slidesflickity_style\" data-onclick=\"link_image\" data-interval=\"5\"><div class=\"nectar-flickity not-initialized\" role=\"region\" aria-roledescription=\"carousel\" aria-label=\"Galer\u00eda de im\u00e1genes\"  data-touch-icon-color=\"default\" data-stagger=\"\" data-drag-scale=\"\" data-overflow=\"hidden\" data-wrap=\"wrap\" data-spacing=\"default\" data-shadow=\"large_depth\" data-autoplay=\"true\" data-autoplay-dur=\"\" data-free-scroll=\"\" data-controls=\"material_pagination\" data-desktop-columns=\"1\" data-small-desktop-columns=\"1\" data-tablet-columns=\"1\" data-phone-columns=\"1\"><div class=\"flickity-viewport\"> <div class=\"flickity-slider\"><div class=\"cell\" data-lazy=\"false\"><img decoding=\"async\" class=\"skip-lazy nectar-lazy\" src=\"https:\/\/modenafuturacreativa.it\/wp-content\/uploads\/2025\/07\/1-600x450.jpg\" width=\"600\" height=\"450\" alt=\"1\" title=\"1\" loading=\"lazy\" \/><a class=\"entire-slide-link\" aria-label=\"1\"  href=\"https:\/\/modenafuturacreativa.it\/wp-content\/uploads\/2025\/07\/1.jpg\"><\/a><\/div><div class=\"cell\" data-lazy=\"false\"><img decoding=\"async\" class=\"skip-lazy nectar-lazy\" src=\"https:\/\/modenafuturacreativa.it\/wp-content\/uploads\/2025\/07\/image-4-572x450.jpeg\" width=\"572\" height=\"450\" alt=\"image (4)\" title=\"imagen (4)\" loading=\"lazy\" \/><a class=\"entire-slide-link\" aria-label=\"imagen (4)\"  href=\"https:\/\/modenafuturacreativa.it\/wp-content\/uploads\/2025\/07\/image-4.jpeg\"><\/a><\/div><div class=\"cell\" data-lazy=\"false\"><img decoding=\"async\" class=\"skip-lazy nectar-lazy\" src=\"https:\/\/modenafuturacreativa.it\/wp-content\/uploads\/2025\/07\/image-1-600x450.jpeg\" width=\"600\" height=\"450\" alt=\"image (1)\" title=\"imagen (1)\" loading=\"lazy\" \/><a class=\"entire-slide-link\" aria-label=\"imagen (1)\"  href=\"https:\/\/modenafuturacreativa.it\/wp-content\/uploads\/2025\/07\/image-1.jpeg\"><\/a><\/div><div class=\"cell\" data-lazy=\"false\"><img decoding=\"async\" class=\"skip-lazy nectar-lazy\" src=\"https:\/\/modenafuturacreativa.it\/wp-content\/uploads\/2025\/07\/image-2-600x450.jpeg\" width=\"600\" height=\"450\" alt=\"image (2)\" title=\"imagen (2)\" loading=\"lazy\" \/><a class=\"entire-slide-link\" aria-label=\"imagen (2)\"  href=\"https:\/\/modenafuturacreativa.it\/wp-content\/uploads\/2025\/07\/image-2.jpeg\"><\/a><\/div><div class=\"cell\" data-lazy=\"false\"><img decoding=\"async\" class=\"skip-lazy nectar-lazy\" src=\"https:\/\/modenafuturacreativa.it\/wp-content\/uploads\/2025\/07\/image-3-600x450.jpeg\" width=\"600\" height=\"450\" alt=\"image (3)\" title=\"imagen (3)\" loading=\"lazy\" \/><a class=\"entire-slide-link\" aria-label=\"imagen (3)\"  href=\"https:\/\/modenafuturacreativa.it\/wp-content\/uploads\/2025\/07\/image-3.jpeg\"><\/a><\/div><div class=\"cell\" data-lazy=\"false\"><img decoding=\"async\" class=\"skip-lazy nectar-lazy\" src=\"https:\/\/modenafuturacreativa.it\/wp-content\/uploads\/2025\/07\/image-5-450x450.jpeg\" width=\"450\" height=\"450\" alt=\"image (5)\" title=\"imagen (5)\" loading=\"lazy\" \/><a class=\"entire-slide-link\" aria-label=\"imagen (5)\"  href=\"https:\/\/modenafuturacreativa.it\/wp-content\/uploads\/2025\/07\/image-5.jpeg\"><\/a><\/div><div class=\"cell\" data-lazy=\"false\"><img decoding=\"async\" class=\"skip-lazy nectar-lazy\" src=\"https:\/\/modenafuturacreativa.it\/wp-content\/uploads\/2025\/07\/image-424x450.jpeg\" width=\"424\" height=\"450\" alt=\"image\" title=\"imagen\" loading=\"lazy\" \/><a class=\"entire-slide-link\" aria-label=\"imagen\"  href=\"https:\/\/modenafuturacreativa.it\/wp-content\/uploads\/2025\/07\/image.jpeg\"><\/a><\/div><div class=\"cell\" data-lazy=\"false\"><img decoding=\"async\" class=\"skip-lazy nectar-lazy\" src=\"https:\/\/modenafuturacreativa.it\/wp-content\/uploads\/2025\/07\/image-1600-9e5901920b0dab8cab6ddd037dc81bcd-600x450.jpeg\" width=\"600\" height=\"450\" alt=\"image-1600-9e5901920b0dab8cab6ddd037dc81bcd\" title=\"image-1600-9e5901920b0dab8cab6ddd037dc81bcd\" loading=\"lazy\" \/><a class=\"entire-slide-link\" aria-label=\"image-1600-9e5901920b0dab8cab6ddd037dc81bcd\"  href=\"https:\/\/modenafuturacreativa.it\/wp-content\/uploads\/2025\/07\/image-1600-9e5901920b0dab8cab6ddd037dc81bcd.jpeg\"><\/a><\/div><div class=\"cell\" data-lazy=\"false\"><img decoding=\"async\" class=\"skip-lazy nectar-lazy\" src=\"https:\/\/modenafuturacreativa.it\/wp-content\/uploads\/2025\/07\/image-1600-477ab65b9ce88c3fe4314f89b70ae375-360x450.jpeg\" width=\"360\" height=\"450\" alt=\"image-1600-477ab65b9ce88c3fe4314f89b70ae375\" title=\"image-1600-477ab65b9ce88c3fe4314f89b70ae375\" loading=\"lazy\" \/><a class=\"entire-slide-link\" aria-label=\"image-1600-477ab65b9ce88c3fe4314f89b70ae375\"  href=\"https:\/\/modenafuturacreativa.it\/wp-content\/uploads\/2025\/07\/image-1600-477ab65b9ce88c3fe4314f89b70ae375.jpeg\"><\/a><\/div><\/div><\/div><\/div><\/div>\n\t\t<\/div> \n\t<\/div> \n\t\t\t<\/div> \n\t\t<\/div>\n\t<\/div> \n<\/div><\/div>","protected":false},"excerpt":{"rendered":"Desde el Pueblo Artesano de Modena Ovest hasta las Ciudades Creativas de la Unesco, un proyecto que sigue haciendo crecer nuevas visiones urbanas, el Festival Alberi sigue...","protected":false},"author":1,"featured_media":5044,"comment_status":"closed","ping_status":"closed","sticky":false,"template":"","format":"standard","meta":{"wpupg_custom_link":[],"wpupg_custom_link_behaviour":["default"],"wpupg_custom_link_nofollow":["default"],"wpupg_custom_image":[],"wpupg_custom_image_id":[],"footnotes":""},"categories":[475],"tags":[],"class_list":["post-5020","post","type-post","status-publish","format-standard","has-post-thumbnail","category-news"],"_links":{"self":[{"href":"https:\/\/modenafuturacreativa.it\/es\/wp-json\/wp\/v2\/posts\/5020","targetHints":{"allow":["GET"]}}],"collection":[{"href":"https:\/\/modenafuturacreativa.it\/es\/wp-json\/wp\/v2\/posts"}],"about":[{"href":"https:\/\/modenafuturacreativa.it\/es\/wp-json\/wp\/v2\/types\/post"}],"author":[{"embeddable":true,"href":"https:\/\/modenafuturacreativa.it\/es\/wp-json\/wp\/v2\/users\/1"}],"replies":[{"embeddable":true,"href":"https:\/\/modenafuturacreativa.it\/es\/wp-json\/wp\/v2\/comments?post=5020"}],"version-history":[{"count":2,"href":"https:\/\/modenafuturacreativa.it\/es\/wp-json\/wp\/v2\/posts\/5020\/revisions"}],"predecessor-version":[{"id":5050,"href":"https:\/\/modenafuturacreativa.it\/es\/wp-json\/wp\/v2\/posts\/5020\/revisions\/5050"}],"wp:featuredmedia":[{"embeddable":true,"href":"https:\/\/modenafuturacreativa.it\/es\/wp-json\/wp\/v2\/media\/5044"}],"wp:attachment":[{"href":"https:\/\/modenafuturacreativa.it\/es\/wp-json\/wp\/v2\/media?parent=5020"}],"wp:term":[{"taxonomy":"category","embeddable":true,"href":"https:\/\/modenafuturacreativa.it\/es\/wp-json\/wp\/v2\/categories?post=5020"},{"taxonomy":"post_tag","embeddable":true,"href":"https:\/\/modenafuturacreativa.it\/es\/wp-json\/wp\/v2\/tags?post=5020"}],"curies":[{"name":"wp","href":"https:\/\/api.w.org\/{rel}","templated":true}]}}