{"id":4978,"date":"2025-07-21T18:24:31","date_gmt":"2025-07-21T16:24:31","guid":{"rendered":"https:\/\/modenafuturacreativa.it\/?p=4978"},"modified":"2025-07-21T18:24:31","modified_gmt":"2025-07-21T16:24:31","slug":"le-nuove-uscite-del-dondolo-tra-cimiteri-alberi-e-maternita","status":"publish","type":"post","link":"https:\/\/modenafuturacreativa.it\/es\/le-nuove-uscite-del-dondolo-tra-cimiteri-alberi-e-maternita\/","title":{"rendered":"Nuevos lanzamientos de Swing, entre cementerios, \u00e1rboles y maternidad"},"content":{"rendered":"<div id=\"fws_6a9b7bedf0888\"  data-column-margin=\"default\" data-midnight=\"dark\"  class=\"wpb_row vc_row-fluid vc_row\"  style=\"padding-top: 0px; padding-bottom: 0px; \"><div class=\"row-bg-wrap\" data-bg-animation=\"none\" data-bg-animation-delay=\"\" data-bg-overlay=\"false\"><div class=\"inner-wrap row-bg-layer\" ><div class=\"row-bg viewport-desktop\"  style=\"\"><\/div><\/div><\/div><div class=\"row_col_wrap_12 col span_12 dark left\">\n\t<div  class=\"vc_col-sm-12 wpb_column column_container vc_column_container col no-extra-padding inherit_tablet inherit_phone\"  data-padding-pos=\"all\" data-has-bg-color=\"false\" data-bg-color=\"\" data-bg-opacity=\"1\" data-animation=\"\" data-delay=\"0\" >\n\t\t<div class=\"vc_column-inner\" >\n\t\t\t<div class=\"wpb_wrapper\">\n\t\t\t\t\n\t<div class=\"wpb_gallery wpb_content_element clearfix\">\n\t\t<div class=\"wpb_wrapper\"><div class=\"wpb_gallery_slidesflickity_style\" data-onclick=\"link_image\" data-interval=\"5\"><div class=\"nectar-flickity not-initialized\" role=\"region\" aria-roledescription=\"carousel\" aria-label=\"Galer\u00eda de im\u00e1genes\"  data-touch-icon-color=\"default\" data-stagger=\"\" data-drag-scale=\"\" data-overflow=\"hidden\" data-wrap=\"wrap\" data-spacing=\"default\" data-shadow=\"large_depth\" data-autoplay=\"true\" data-autoplay-dur=\"\" data-free-scroll=\"\" data-controls=\"material_pagination\" data-desktop-columns=\"1\" data-small-desktop-columns=\"1\" data-tablet-columns=\"1\" data-phone-columns=\"1\"><div class=\"flickity-viewport\"> <div class=\"flickity-slider\"><div class=\"cell\" data-lazy=\"false\"><img decoding=\"async\" class=\"skip-lazy nectar-lazy\" src=\"https:\/\/modenafuturacreativa.it\/wp-content\/uploads\/2025\/07\/image-200-b10c50f809be8f3e1ba897d0305ee1b6.jpeg\" width=\"200\" height=\"261\" alt=\"image-200-b10c50f809be8f3e1ba897d0305ee1b6\" title=\"image-200-b10c50f809be8f3e1ba897d0305ee1b6\" loading=\"lazy\" \/><a class=\"entire-slide-link\" aria-label=\"image-200-b10c50f809be8f3e1ba897d0305ee1b6\"  href=\"https:\/\/modenafuturacreativa.it\/wp-content\/uploads\/2025\/07\/image-200-b10c50f809be8f3e1ba897d0305ee1b6.jpeg\"><\/a><\/div><div class=\"cell\" data-lazy=\"false\"><img decoding=\"async\" class=\"skip-lazy nectar-lazy\" src=\"https:\/\/modenafuturacreativa.it\/wp-content\/uploads\/2025\/07\/image-600-34dc843602237c3ef3f9d0543ffd0e02-600x450.jpeg\" width=\"600\" height=\"450\" alt=\"image-600-34dc843602237c3ef3f9d0543ffd0e02\" title=\"image-600-34dc843602237c3ef3f9d0543ffd0e02\" loading=\"lazy\" \/><a class=\"entire-slide-link\" aria-label=\"image-600-34dc843602237c3ef3f9d0543ffd0e02\"  href=\"https:\/\/modenafuturacreativa.it\/wp-content\/uploads\/2025\/07\/image-600-34dc843602237c3ef3f9d0543ffd0e02.jpeg\"><\/a><\/div><div class=\"cell\" data-lazy=\"false\"><img decoding=\"async\" class=\"skip-lazy nectar-lazy\" src=\"https:\/\/modenafuturacreativa.it\/wp-content\/uploads\/2025\/07\/image-600-4513f7a0116e132b8a97100d4b996b32-600x450.jpeg\" width=\"600\" height=\"450\" alt=\"image-600-4513f7a0116e132b8a97100d4b996b32\" title=\"image-600-4513f7a0116e132b8a97100d4b996b32\" loading=\"lazy\" \/><a class=\"entire-slide-link\" aria-label=\"image-600-4513f7a0116e132b8a97100d4b996b32\"  href=\"https:\/\/modenafuturacreativa.it\/wp-content\/uploads\/2025\/07\/image-600-4513f7a0116e132b8a97100d4b996b32.jpeg\"><\/a><\/div><div class=\"cell\" data-lazy=\"false\"><img decoding=\"async\" class=\"skip-lazy nectar-lazy\" src=\"https:\/\/modenafuturacreativa.it\/wp-content\/uploads\/2025\/07\/image-600-cf48656c3371f47b2c508bf80b1d662f-600x450.jpeg\" width=\"600\" height=\"450\" alt=\"image-600-cf48656c3371f47b2c508bf80b1d662f\" title=\"image-600-cf48656c3371f47b2c508bf80b1d662f\" loading=\"lazy\" \/><a class=\"entire-slide-link\" aria-label=\"image-600-cf48656c3371f47b2c508bf80b1d662f\"  href=\"https:\/\/modenafuturacreativa.it\/wp-content\/uploads\/2025\/07\/image-600-cf48656c3371f47b2c508bf80b1d662f.jpeg\"><\/a><\/div><div class=\"cell\" data-lazy=\"false\"><img decoding=\"async\" class=\"skip-lazy nectar-lazy\" src=\"https:\/\/modenafuturacreativa.it\/wp-content\/uploads\/2025\/07\/image-800-fcb59289b21cdaa0442e7247172da1cc-600x450.jpeg\" width=\"600\" height=\"450\" alt=\"image-800-fcb59289b21cdaa0442e7247172da1cc\" title=\"image-800-fcb59289b21cdaa0442e7247172da1cc\" loading=\"lazy\" \/><a class=\"entire-slide-link\" aria-label=\"image-800-fcb59289b21cdaa0442e7247172da1cc\"  href=\"https:\/\/modenafuturacreativa.it\/wp-content\/uploads\/2025\/07\/image-800-fcb59289b21cdaa0442e7247172da1cc.jpeg\"><\/a><\/div><\/div><\/div><\/div><\/div>\n\t\t<\/div> \n\t<\/div> \n<div class=\"wpb_text_column wpb_content_element\" >\n\t<p><strong>La serie digital del Ayuntamiento de M\u00f3dena se enfrenta a los lugares donde se entrecruzan historias, vidas, ra\u00edces, memoria y futuro<\/strong><\/p>\n<p>Con un total de m\u00e1s de 150.000 descargas desde su debut, la editorial Il Dondolo del Ayuntamiento de M\u00f3dena se confirma como un laboratorio de escritura contempor\u00e1nea capaz de dar voz a proyectos culturales en di\u00e1logo con la ciudad y las transformaciones de nuestro tiempo. Hasta la fecha hay 91 publicaciones en la serie, con 8 lanzamientos en 2024 y 7 en el primer semestre de 2025, todos los cuales pueden descargarse gratuitamente de la p\u00e1gina web\u00a0<a title=\"opensInNewTab\" href=\"http:\/\/www.ildondolo.it\/\" target=\"_blank\" rel=\"noopener noreferrer\">www.ildondolo.it<\/a>.<\/p>\n<p>Entre los \u00faltimos lanzamientos se encuentran los tres Dondoli dedicados al proyecto \"La citt\u00e0 dei vivi, la citt\u00e0 dei morti\" (La ciudad de los vivos, la ciudad de los muertos), promovido por el Departamento de Cultura del Ayuntamiento de M\u00f3dena para devolver la voz y la memoria a las personas enterradas en el cementerio de San Cataldo, un lugar que siempre ha reflejado la historia y las transformaciones de la ciudad. Un proyecto que entrelaza arquitectura, historia, m\u00fasica y tecnolog\u00eda en una gu\u00eda sonora disponible\u00a0<em>en l\u00ednea<\/em>\u00a0(<a title=\"opensInNewTab\" href=\"https:\/\/cimiteromonumentale.comune.modena.it\/guida\" target=\"_blank\" rel=\"noopener noreferrer\">https:\/\/cimiteromonumentale.comune.modena.it\/guida<\/a>), donde las pistas de audio se mueven entre el cementerio del siglo XIX dise\u00f1ado por Cesare Costa, el cementerio jud\u00edo y el ic\u00f3nico cementerio inacabado de Aldo Rossi, met\u00e1fora arquitect\u00f3nica de la fragilidad de la memoria y el paso del tiempo.<\/p>\n<p>En el proyecto editorial de Il Dondolo, estas voces se convierten en historias. Beppe Cottafavi, director de la editorial, inaugur\u00f3 la serie con el cuento \"Epitaffio\", publicado tambi\u00e9n en el n\u00famero de quiosco de Finzioni, el mensual cultural del diario Domani. Le sigui\u00f3 Elena Bosi, que el a\u00f1o pasado public\u00f3 para Neri Pozza su primera e irresistible novela \"Mio padre \u00e8 nato per i piedi\" (Mi padre ha nacido para los pies), y despu\u00e9s lleg\u00f3 \"Il Dondolo\", con una serie de relatos breves in\u00e9ditos que dan voz a figuras m\u00ednimas y marginales, que resurgen del olvido. Por \u00faltimo, el tercer ebook, \"La ciudad de los vivos, la ciudad de los muertos\" recoge las narraciones que acompa\u00f1an a la gu\u00eda sonora, historias de gente corriente que, precisamente en su cotidianidad, reflejan el tejido moral y colectivo de la ciudad. Un eco perfecto del proyecto inacabado de Rossi: una ciudad de los muertos que habla a la de los vivos.<\/p>\n<p>Junto a estos caminos dedicados a la memoria, Il Dondolo publica tambi\u00e9n la antolog\u00eda \"Noi e gli alberi\" (\"Nosotros y los \u00e1rboles\"), realizada en el marco del Premio Rotario de M\u00f3dena L.A. Muratori 2025, que este a\u00f1o se ha renovado con nuevas secciones dedicadas a la relaci\u00f3n entre literatura y medio ambiente, en colaboraci\u00f3n con el Festival del Alberi. La antolog\u00eda re\u00fane los relatos ganadores y finalistas del concurso y se suma idealmente al \"Misal laico\" ya publicado por Il Dondolo, que reflexiona sobre las ra\u00edces filos\u00f3ficas y culturales del festival de M\u00f3dena inspir\u00e1ndose en la obra visionaria del arquitecto Cesare Leonardi, autor del c\u00e9lebre \"L'architettura degli alberi\".<\/p>\n<p>El premio cont\u00f3 con un prestigioso jurado presidido por Beppe Cottafavi e integrado, entre otros, por Isabella C. Blum, Sandro Campani, Matteo De Giuli, Ludovica Lugli, Giovanna Zoboli y Andrea Zanni, entre otros. En el apartado de ficci\u00f3n, el premio fue para el relato \"Il rifugio delle fate\" de Elena Tartaglia, una delicada historia de invierno y \u00e1rboles, mientras que en el de no ficci\u00f3n se premi\u00f3 \"Itinerari arborei\" de Pietro Cacciatore, una invitaci\u00f3n a descubrir rutas bot\u00e1nicas y literarias en la ciudad de Padua, un modelo \u00fatil para futuras aplicaciones en otras ciudades. Por \u00faltimo, se concedi\u00f3 una menci\u00f3n especial a Renata Pieroni con \"La lunga vita dell'albero\" (La larga vida del \u00e1rbol), un po\u00e9tico relato en primera persona de un abeto testigo de la vida de un jard\u00edn bolo\u00f1\u00e9s desde 1957 hasta 2017.<\/p>\n<p>Una pieza m\u00e1s en el mapa editorial de estos meses es el nuevo Dondolo firmado por Elena Bellei, Di cosa parliamo quando parliamo di madri, un ins\u00f3lito texto sobre la maternidad nacido de una serie de entrevistas a madres j\u00f3venes, entrelazadas con reflexiones y cr\u00f3nicas contempor\u00e1neas. Una publicaci\u00f3n que forma parte del proyecto \"Mater. La forza inquieta del materno\", comisariado por la asociaci\u00f3n feminista Blu Bramante y el colectivo de matronas PartiAmo, que tuvo como momentos fundacionales el encuentro con la fil\u00f3sofa Adriana Cavarero y la proyecci\u00f3n en la Sala Truffaut de la pel\u00edcula \"Olmo y la gaviota\", de la directora brasile\u00f1a Petra Costa. La obra de Bellei dialoga con esta reflexi\u00f3n coral, superando la dimensi\u00f3n social para devolver voz y cuerpo a la experiencia materna, con todas sus luces y sombras.<\/p>\n<p>Por \u00faltimo, como es tradici\u00f3n, llega el consejo estival del director Beppe Cottafavi, que propone tres lecturas emblem\u00e1ticas del Dondolo: El nuevo Dondolo de Elena Bosi \"Una notte sono morta e altre voci del cimitero San Cataldo di Modena\" (Una noche mor\u00ed y otras voces del cementerio de San Cataldo de M\u00f3dena) con peque\u00f1os relatos ambientados en la llanura modenesa, y el cuento \"La sconosciuta\" (La mujer desconocida) de la escritora de misterio y suspense Barbara Baraldi, tambi\u00e9n esta semana tercera en la lista de los libros m\u00e1s vendidos en Italia con su \u00faltima novela \"Gli omicidi dei tarocchi\" y el intemporal \"Casa d'altri\" de Silvio D'Arzo, el mejor relato corto del siglo XX italiano, como lo han expresado la mayor\u00eda de los cr\u00edticos, y siempre entre los m\u00e1s queridos por el p\u00fablico.<\/p>\n<\/div>\n\n\n\n\n\t\t\t<\/div> \n\t\t<\/div>\n\t<\/div> \n<\/div><\/div>","protected":false},"excerpt":{"rendered":"La serie digital del Ayuntamiento de M\u00f3dena se enfrenta a los lugares donde se entrecruzan historias, vidas, ra\u00edces, memoria y futuro Con m\u00e1s de 150.000 descargas en total desde su debut,...","protected":false},"author":1,"featured_media":2573,"comment_status":"closed","ping_status":"closed","sticky":false,"template":"","format":"standard","meta":{"wpupg_custom_link":[],"wpupg_custom_link_behaviour":["default"],"wpupg_custom_link_nofollow":["default"],"wpupg_custom_image":[],"wpupg_custom_image_id":[],"footnotes":""},"categories":[475],"tags":[],"class_list":["post-4978","post","type-post","status-publish","format-standard","has-post-thumbnail","category-news"],"_links":{"self":[{"href":"https:\/\/modenafuturacreativa.it\/es\/wp-json\/wp\/v2\/posts\/4978","targetHints":{"allow":["GET"]}}],"collection":[{"href":"https:\/\/modenafuturacreativa.it\/es\/wp-json\/wp\/v2\/posts"}],"about":[{"href":"https:\/\/modenafuturacreativa.it\/es\/wp-json\/wp\/v2\/types\/post"}],"author":[{"embeddable":true,"href":"https:\/\/modenafuturacreativa.it\/es\/wp-json\/wp\/v2\/users\/1"}],"replies":[{"embeddable":true,"href":"https:\/\/modenafuturacreativa.it\/es\/wp-json\/wp\/v2\/comments?post=4978"}],"version-history":[{"count":1,"href":"https:\/\/modenafuturacreativa.it\/es\/wp-json\/wp\/v2\/posts\/4978\/revisions"}],"predecessor-version":[{"id":4999,"href":"https:\/\/modenafuturacreativa.it\/es\/wp-json\/wp\/v2\/posts\/4978\/revisions\/4999"}],"wp:featuredmedia":[{"embeddable":true,"href":"https:\/\/modenafuturacreativa.it\/es\/wp-json\/wp\/v2\/media\/2573"}],"wp:attachment":[{"href":"https:\/\/modenafuturacreativa.it\/es\/wp-json\/wp\/v2\/media?parent=4978"}],"wp:term":[{"taxonomy":"category","embeddable":true,"href":"https:\/\/modenafuturacreativa.it\/es\/wp-json\/wp\/v2\/categories?post=4978"},{"taxonomy":"post_tag","embeddable":true,"href":"https:\/\/modenafuturacreativa.it\/es\/wp-json\/wp\/v2\/tags?post=4978"}],"curies":[{"name":"wp","href":"https:\/\/api.w.org\/{rel}","templated":true}]}}