{"id":4729,"date":"2025-06-12T12:28:34","date_gmt":"2025-06-12T10:28:34","guid":{"rendered":"https:\/\/modenafuturacreativa.it\/?p=4729"},"modified":"2025-06-12T12:28:34","modified_gmt":"2025-06-12T10:28:34","slug":"lestate-modenese-e-anche-in-santagostino-una-piazza-per-la-cultura","status":"publish","type":"post","link":"https:\/\/modenafuturacreativa.it\/es\/lestate-modenese-e-anche-in-santagostino-una-piazza-per-la-cultura\/","title":{"rendered":"El verano moden\u00e9s tambi\u00e9n est\u00e1 en 'santAGOstino. Una plaza para la cultura'."},"content":{"rendered":"<div id=\"fws_6a9b7bedad159\"  data-column-margin=\"default\" data-midnight=\"dark\"  class=\"wpb_row vc_row-fluid vc_row\"  style=\"padding-top: 0px; padding-bottom: 0px; \"><div class=\"row-bg-wrap\" data-bg-animation=\"none\" data-bg-animation-delay=\"\" data-bg-overlay=\"false\"><div class=\"inner-wrap row-bg-layer\" ><div class=\"row-bg viewport-desktop\"  style=\"\"><\/div><\/div><\/div><div class=\"row_col_wrap_12 col span_12 dark left\">\n\t<div  class=\"vc_col-sm-12 wpb_column column_container vc_column_container col no-extra-padding inherit_tablet inherit_phone\"  data-padding-pos=\"all\" data-has-bg-color=\"false\" data-bg-color=\"\" data-bg-opacity=\"1\" data-animation=\"\" data-delay=\"0\" >\n\t\t<div class=\"vc_column-inner\" >\n\t\t\t<div class=\"wpb_wrapper\">\n\t\t\t\t\n\t<div class=\"wpb_gallery wpb_content_element clearfix\">\n\t\t<div class=\"wpb_wrapper\"><div class=\"wpb_gallery_slidesflickity_style\" data-onclick=\"link_image\" data-interval=\"5\"><div class=\"nectar-flickity not-initialized\" role=\"region\" aria-roledescription=\"carousel\" aria-label=\"Galer\u00eda de im\u00e1genes\"  data-touch-icon-color=\"default\" data-stagger=\"\" data-drag-scale=\"\" data-overflow=\"hidden\" data-wrap=\"wrap\" data-spacing=\"default\" data-shadow=\"large_depth\" data-autoplay=\"true\" data-autoplay-dur=\"\" data-free-scroll=\"\" data-controls=\"material_pagination\" data-desktop-columns=\"1\" data-small-desktop-columns=\"1\" data-tablet-columns=\"1\" data-phone-columns=\"1\"><div class=\"flickity-viewport\"> <div class=\"flickity-slider\"><div class=\"cell\" data-lazy=\"false\"><img decoding=\"async\" class=\"skip-lazy nectar-lazy\" src=\"https:\/\/modenafuturacreativa.it\/wp-content\/uploads\/2025\/06\/piazza-santagostino12-600x450.jpg\" width=\"600\" height=\"450\" alt=\"piazza sant&#039;agostino12\" title=\"plaza sant&#039;agostino12\" loading=\"lazy\" \/><a class=\"entire-slide-link\" aria-label=\"plaza sant&#039;agostino12\"  href=\"https:\/\/modenafuturacreativa.it\/wp-content\/uploads\/2025\/06\/piazza-santagostino12.jpg\"><\/a><\/div><div class=\"cell\" data-lazy=\"false\"><img decoding=\"async\" class=\"skip-lazy nectar-lazy\" src=\"https:\/\/modenafuturacreativa.it\/wp-content\/uploads\/2025\/06\/image-1600-8d5278caa2977ca2b400cfa58b559e41-600x450.jpeg\" width=\"600\" height=\"450\" alt=\"image-1600-8d5278caa2977ca2b400cfa58b559e41\" title=\"image-1600-8d5278caa2977ca2b400cfa58b559e41\" loading=\"lazy\" \/><a class=\"entire-slide-link\" aria-label=\"image-1600-8d5278caa2977ca2b400cfa58b559e41\"  href=\"https:\/\/modenafuturacreativa.it\/wp-content\/uploads\/2025\/06\/image-1600-8d5278caa2977ca2b400cfa58b559e41.jpeg\"><\/a><\/div><div class=\"cell\" data-lazy=\"false\"><img decoding=\"async\" class=\"skip-lazy nectar-lazy\" src=\"https:\/\/modenafuturacreativa.it\/wp-content\/uploads\/2025\/06\/image-1600-27def23ec578eb61e685d33813328419-600x450.jpeg\" width=\"600\" height=\"450\" alt=\"image-1600-27def23ec578eb61e685d33813328419\" title=\"image-1600-27def23ec578eb61e685d33813328419\" loading=\"lazy\" \/><a class=\"entire-slide-link\" aria-label=\"image-1600-27def23ec578eb61e685d33813328419\"  href=\"https:\/\/modenafuturacreativa.it\/wp-content\/uploads\/2025\/06\/image-1600-27def23ec578eb61e685d33813328419.jpeg\"><\/a><\/div><div class=\"cell\" data-lazy=\"false\"><img decoding=\"async\" class=\"skip-lazy nectar-lazy\" src=\"https:\/\/modenafuturacreativa.it\/wp-content\/uploads\/2025\/06\/image-1600-ff46f420fb1be45d85fe374ddb6a21b3-600x450.jpeg\" width=\"600\" height=\"450\" alt=\"image-1600-ff46f420fb1be45d85fe374ddb6a21b3\" title=\"image-1600-ff46f420fb1be45d85fe374ddb6a21b3\" loading=\"lazy\" \/><a class=\"entire-slide-link\" aria-label=\"image-1600-ff46f420fb1be45d85fe374ddb6a21b3\"  href=\"https:\/\/modenafuturacreativa.it\/wp-content\/uploads\/2025\/06\/image-1600-ff46f420fb1be45d85fe374ddb6a21b3.jpeg\"><\/a><\/div><\/div><\/div><\/div><\/div>\n\t\t<\/div> \n\t<\/div> \n<div class=\"wpb_text_column wpb_content_element\" >\n\t<p><strong>Espect\u00e1culos, m\u00fasica e iniciativas relacionadas con el arte en la zona comprendida entre el Palacio de los Museos y las obras del antiguo hospital, peatonalizada de julio a septiembre, con una instalaci\u00f3n dise\u00f1ada por el arquitecto Ratti: un di\u00e1logo entre pasado y futuro.<\/strong><\/p>\n<p>El coraz\u00f3n del Verano de M\u00f3dena de este a\u00f1o ser\u00e1 \"santAGOstino. Una plaza para la cultura\". Para acoger espect\u00e1culos, m\u00fasica, actividades e iniciativas relacionadas con el arte, la zona situada entre el Palazzo dei Musei y las obras del antiguo hospital ser\u00e1 peatonal de julio a septiembre. El trazado que sustituir\u00e1 temporalmente a la zona de aparcamiento, dise\u00f1ado por Studio Carlo Ratti e Associati, recuerda las obras actualmente en curso en el complejo de edificios, al t\u00e9rmino de las cuales, a partir del a\u00f1o que viene, se devolver\u00e1n progresivamente a la ciudad los espacios que albergar\u00e1n los Museos Universitarios, las exposiciones de la Fondazione Ago, el Museo de Figurillas, las actividades de FEM - Future Education Modena y DHMore.<\/p>\n<p>Durante los pr\u00f3ximos meses, la peatonalizaci\u00f3n de la Piazza Sant'Agostino tendr\u00e1 la misi\u00f3n de dar a conocer a la ciudad la historia de las obras de restauraci\u00f3n que est\u00e1 llevando a cabo la Fondazione di Modena, a trav\u00e9s de un di\u00e1logo entre pasado, presente y futuro, con instalaciones, narraciones y visitas guiadas al lugar que partir\u00e1n del vest\u00edbulo del Ex Ospedale, que se abrir\u00e1 al p\u00fablico para mostrar la restauraci\u00f3n de la gran zona expositiva que da a Via Emilia.<\/p>\n<p>La iniciativa se present\u00f3 en una rueda de prensa en el ayuntamiento con el alcalde Massimo Mezzetti, el presidente de la Fondazione di Modena Matteo Tiezzi, la presidenta de la Fondazione Ago Donatella Pieri y, en conexi\u00f3n, el comisario de la Bienal de Arquitectura de Venecia Carlo Ratti, que, entre los dise\u00f1adores del proyecto de remodelaci\u00f3n, es el responsable del trazado de la plaza.<\/p>\n<p>La nueva instalaci\u00f3n animar\u00e1 la plaza desde el martes 1 de julio hasta el viernes 26 de septiembre, cuando la zona volver\u00e1 a su aspecto actual al t\u00e9rmino de la edici\u00f3n 2025 de la festivalfilosofia, transformando temporalmente la zona, liberada de aparcamientos, en un renovado espacio social y de encuentro para la ciudad. El carril bus se mantendr\u00e1, mientras que se crear\u00e1 un carril bici y peatonal junto a las instalaciones.<\/p>\n<p>Coincidiendo con la peatonalizaci\u00f3n de la plaza, se descubrir\u00e1 tambi\u00e9n definitivamente una primera porci\u00f3n de la fachada restaurada del antiguo Sant'Agostino, la correspondiente a la entrada oeste o vest\u00edbulo, desde la que se podr\u00e1n vislumbrar entonces algunos de los espacios en los que las obras est\u00e1n a punto de concluir y donde se ubicar\u00e1 tambi\u00e9n una exposici\u00f3n multimedia dedicada a la restauraci\u00f3n del edificio. Las visitas guiadas a las obras abiertas al p\u00fablico comenzar\u00e1n a partir de aqu\u00ed, con reservas en el sitio web <a title=\"opensInNewTab\" href=\"https:\/\/urlsand.esvalabs.com\/?u=http%3A%2F%2Fwww.agomodena.it&amp;e=fc3b5999&amp;h=d17c6a3b&amp;f=n&amp;p=y\" target=\"_blank\" rel=\"noopener noreferrer\">www.agomodena.it<\/a> a partir del 19 de junio.<\/p>\n<p>En la plaza, los montajes estar\u00e1n coordinados gr\u00e1ficamente y recordar\u00e1n la imagen de la obra, tambi\u00e9n con la reutilizaci\u00f3n de algunas partes de la cubierta que cubri\u00f3 la fachada del complejo de edificios durante tres a\u00f1os. En el escenario, situado en la zona oeste, con 200 plazas, tendr\u00e1 lugar un variado programa de conciertos, espect\u00e1culos, encuentros y proyecciones cinematogr\u00e1ficas, elaborado por el Departamento de Cultura del Ayuntamiento, que se presentar\u00e1 a mediados de junio junto con el programa completo del Verano Moden\u00e9s. Una treintena de veladas con entrada gratuita se inaugurar\u00e1n el viernes 18 de julio con el espect\u00e1culo \"Il talento di essere tutti e nessuno\" (El talento de ser todos y nadie) del actor y doblador Luca Ward.<\/p>\n<p>Al otro lado de la plaza, sin embargo, entre la entrada del Palacio de los Museos y el patio de la iglesia, hay un dehors con una zona de restauraci\u00f3n, gestionada por el Bar Mosaico del Palacio de los Museos, y un espacio para las iniciativas \"Ago Off\" coordinadas por la Fondazione Ago: una veintena de citas programadas a las 19 h (los martes, mi\u00e9rcoles y jueves) con di\u00e1logos en torno al arte, talleres y laboratorios para ni\u00f1os, la historia de la restauraci\u00f3n del antiguo Sant'Agostino con \"Per filo e per segno\", la actividad que acompa\u00f1a las obras de restauraci\u00f3n arquitect\u00f3nica y la tradicional lectura hist\u00f3rico-art\u00edstica del complejo, y, de nuevo, avances de las exposiciones y actividades programadas tambi\u00e9n por Fem, los Museos Universitarios y DHMore.<\/p>\n<p>La exposici\u00f3n \"Ago Off\" se inaugura el mi\u00e9rcoles 23 de julio con una cita sobre \"El arte como herramienta para el bienestar\", en la que se presentan algunas experiencias desarrolladas con personas mayores y personas con demencia y Alzheimer y sus cuidadores, y finaliza el s\u00e1bado 13 de septiembre, en un acto extraordinario a las 21.00 horas, con un encuentro con el experto en arte contempor\u00e1neo Marco Mancuso en di\u00e1logo con el director cient\u00edfico de la plataforma de innovaci\u00f3n cultural \"cheFare\" Bertram Niessen.<\/p>\n<\/div>\n\n\n\n\n\t\t\t<\/div> \n\t\t<\/div>\n\t<\/div> \n<\/div><\/div>","protected":false},"excerpt":{"rendered":"Espect\u00e1culos, m\u00fasica e iniciativas relacionadas con el arte en la zona comprendida entre el Palazzo dei Musei y las obras del antiguo hospital, peatonalizadas de julio a septiembre, con una instalaci\u00f3n dise\u00f1ada por el arquitecto Ratti: un di\u00e1logo entre el pasado...","protected":false},"author":1,"featured_media":4743,"comment_status":"closed","ping_status":"closed","sticky":false,"template":"","format":"standard","meta":{"wpupg_custom_link":[],"wpupg_custom_link_behaviour":["default"],"wpupg_custom_link_nofollow":["default"],"wpupg_custom_image":[],"wpupg_custom_image_id":[],"footnotes":""},"categories":[475],"tags":[],"class_list":["post-4729","post","type-post","status-publish","format-standard","has-post-thumbnail","category-news"],"_links":{"self":[{"href":"https:\/\/modenafuturacreativa.it\/es\/wp-json\/wp\/v2\/posts\/4729","targetHints":{"allow":["GET"]}}],"collection":[{"href":"https:\/\/modenafuturacreativa.it\/es\/wp-json\/wp\/v2\/posts"}],"about":[{"href":"https:\/\/modenafuturacreativa.it\/es\/wp-json\/wp\/v2\/types\/post"}],"author":[{"embeddable":true,"href":"https:\/\/modenafuturacreativa.it\/es\/wp-json\/wp\/v2\/users\/1"}],"replies":[{"embeddable":true,"href":"https:\/\/modenafuturacreativa.it\/es\/wp-json\/wp\/v2\/comments?post=4729"}],"version-history":[{"count":1,"href":"https:\/\/modenafuturacreativa.it\/es\/wp-json\/wp\/v2\/posts\/4729\/revisions"}],"predecessor-version":[{"id":4744,"href":"https:\/\/modenafuturacreativa.it\/es\/wp-json\/wp\/v2\/posts\/4729\/revisions\/4744"}],"wp:featuredmedia":[{"embeddable":true,"href":"https:\/\/modenafuturacreativa.it\/es\/wp-json\/wp\/v2\/media\/4743"}],"wp:attachment":[{"href":"https:\/\/modenafuturacreativa.it\/es\/wp-json\/wp\/v2\/media?parent=4729"}],"wp:term":[{"taxonomy":"category","embeddable":true,"href":"https:\/\/modenafuturacreativa.it\/es\/wp-json\/wp\/v2\/categories?post=4729"},{"taxonomy":"post_tag","embeddable":true,"href":"https:\/\/modenafuturacreativa.it\/es\/wp-json\/wp\/v2\/tags?post=4729"}],"curies":[{"name":"wp","href":"https:\/\/api.w.org\/{rel}","templated":true}]}}