{"id":4365,"date":"2025-03-21T14:24:45","date_gmt":"2025-03-21T13:24:45","guid":{"rendered":"https:\/\/modenafuturacreativa.it\/?p=4365"},"modified":"2025-03-24T11:55:45","modified_gmt":"2025-03-24T10:55:45","slug":"alberi-festival-accordo-tra-modena-e-karlsruhe","status":"publish","type":"post","link":"https:\/\/modenafuturacreativa.it\/es\/alberi-festival-accordo-tra-modena-e-karlsruhe\/","title":{"rendered":"FESTIVAL DE LOS ARBOLES, ACUERDO ENTRE MODENA Y KARLSRUHE"},"content":{"rendered":"<div id=\"fws_6a9b7bf7d6deb\"  data-column-margin=\"default\" data-midnight=\"dark\"  class=\"wpb_row vc_row-fluid vc_row\"  style=\"padding-top: 0px; padding-bottom: 0px; \"><div class=\"row-bg-wrap\" data-bg-animation=\"none\" data-bg-animation-delay=\"\" data-bg-overlay=\"false\"><div class=\"inner-wrap row-bg-layer\" ><div class=\"row-bg viewport-desktop\"  style=\"\"><\/div><\/div><\/div><div class=\"row_col_wrap_12 col span_12 dark left\">\n\t<div  class=\"vc_col-sm-12 wpb_column column_container vc_column_container col no-extra-padding inherit_tablet inherit_phone\"  data-padding-pos=\"all\" data-has-bg-color=\"false\" data-bg-color=\"\" data-bg-opacity=\"1\" data-animation=\"\" data-delay=\"0\" >\n\t\t<div class=\"vc_column-inner\" >\n\t\t\t<div class=\"wpb_wrapper\">\n\t\t\t\t\n<div class=\"wpb_text_column wpb_content_element\" >\n\t<p><strong>Las dos Ciudades Creativas de la Unesco para las Artes Audiovisuales, juntas para construir la \"ciudad de los \u00e1rboles\". En el Festival Alberi (M\u00f3dena, 7-13 de abril), una exposici\u00f3n dedicada a la ciudad alemana y a la relaci\u00f3n entre la naturaleza y el hombre.<\/strong><\/p>\n<p>M\u00f3dena-Karlsruhe. La capital italiana de la vegetaci\u00f3n y la \"ciudad de los fans\" alemana, que ya figuran entre las Ciudades Creativas de la Unesco para las Artes Audiovisuales, se unen para hacer realidad una visi\u00f3n: \"construir la ciudad de los \u00e1rboles\". Y ello gracias a un acuerdo entre el Ayuntamiento de M\u00f3dena y el de Karlsuhe, que colaborar\u00e1n en el Festival Alberi (M\u00f3dena, 7-13 de abril), el primer festival de arquitectura dedicado a la idea de que los \u00e1rboles pueden ser un modelo y una herramienta a trav\u00e9s de los cuales investigar, dise\u00f1ar y reorganizar la ciudad contempor\u00e1nea.<\/p>\n<p>La elecci\u00f3n de Karlsruhe como socio del Festival Alberi no es casual\", explica el concejal de Cultura del Ayuntamiento de M\u00f3dena, Andrea Bortolamasi, \"tras nuestro nombramiento como Ciudad de las Artes Audiovisuales, de hecho, hemos forjado una relaci\u00f3n privilegiada con la ciudad alemana, una de las realidades m\u00e1s innovadoras en el campo de las artes digitales y multimedia de toda Europa. Pero detr\u00e1s de esta relaci\u00f3n especial hay tambi\u00e9n otro aspecto com\u00fan. Si M\u00f3dena, de hecho, es la ciudad de Cesare Leonardi y la ciudad italiana con mayor n\u00famero de \u00e1rboles en proporci\u00f3n a la poblaci\u00f3n -continu\u00f3 el concejal-, Karlsruhe, tambi\u00e9n conocida como la \"ciudad abanico\", es uno de los lugares donde se ha intentado crear un encuentro visionario entre el hombre y la naturaleza, con el deseo de construir un v\u00ednculo f\u00edsico y tangible con el bosque. Una especie de ciudad manifiesto en cuya estructura se hace expl\u00edcito ese pacto de coexistencia entre el hombre y los \u00e1rboles que nuestro festival pretende celebrar y desarrollar\".<\/p>\n<p>Una relaci\u00f3n especial, la existente entre M\u00f3dena y la ciudad alemana, que ahora se concreta en la colaboraci\u00f3n, con Karlsruhe que ser\u00e1 la invitada especial de la primera edici\u00f3n del Alberi Festival, protagonizada por la exposici\u00f3n \"Karlsruhe, la ciudad-fan\" que se inaugurar\u00e1 dentro del pabell\u00f3n \"Progettare con gli alberi\" (via Nicol\u00f2 Biondo 106) el martes 8 de abril a las 17.30 horas. Se expondr\u00e1n dos instalaciones que ofrecer\u00e1n al p\u00fablico una transposici\u00f3n, tanto tecnol\u00f3gica como po\u00e9tica, de los trabajos de investigaci\u00f3n de la naturaleza en el contexto urbano realizados por el Instituto de Tecnolog\u00eda de Karlsruhe (KIT), una de las universidades t\u00e9cnicas m\u00e1s importantes de Europa.<\/p>\n<p>La primera, \"Treespotting\", es una videoinstalaci\u00f3n de Arturo Romero Carnicero y Javier Argota S\u00e1nchez-Vaquerizo que reproduce el escaneado de un importante pl\u00e1tano situado en Karlsruhe entre los edificios de la Facultad de Arquitectura, ofreciendo al espectador una experiencia inmersiva y revelando detalles de la estructura, textura y contexto espacial del \u00e1rbol.<\/p>\n<p>Encuentros cercanos\", un proyecto de Miguel Paredes Maldonado, consiste en una cartograf\u00eda visual y sonora de Karlsruhe desde la perspectiva de sus habitantes no humanos, animales y plantas, realizada mediante un diminuto dispositivo digital que detecta flujos de datos visuales, sonoros y ambientales fuera de los l\u00edmites de la atenci\u00f3n y la percepci\u00f3n humanas. La instalaci\u00f3n pone de relieve \"un campo urbano\" radicalmente invertido y complementario del que conocen nuestros sentidos.<\/p>\n<p>Por \u00faltimo, en verano, el festival moden\u00e9s llegar\u00e1 a Alemania para una primera edici\u00f3n internacional centrada en el pensamiento de Cesare Leonardi y la arquitectura de los \u00e1rboles, con una exposici\u00f3n titulada \"\u00c1rboles y s\u00f3lidos\" que tendr\u00e1 lugar del 26 de junio al 6 de julio en las salas del Fasanenschl\u00f6sschen.<\/p>\n<\/div>\n\n\n\n<div class=\"divider-wrap\" data-alignment=\"default\"><div style=\"height: 3vh;\" class=\"divider\"><\/div><\/div>\n\t\t\t<\/div> \n\t\t<\/div>\n\t<\/div> \n<\/div><\/div>","protected":false},"excerpt":{"rendered":"Las dos Ciudades Creativas de la Unesco para las Artes Audiovisuales, juntas para construir la \"ciudad de los \u00e1rboles\". En el Festival Alberi (M\u00f3dena, 7-13 de abril), una exposici\u00f3n dedicada a la ciudad alemana y...","protected":false},"author":1,"featured_media":4328,"comment_status":"closed","ping_status":"closed","sticky":false,"template":"","format":"standard","meta":{"wpupg_custom_link":[],"wpupg_custom_link_behaviour":["default"],"wpupg_custom_link_nofollow":["default"],"wpupg_custom_image":[],"wpupg_custom_image_id":[],"footnotes":""},"categories":[475],"tags":[],"class_list":["post-4365","post","type-post","status-publish","format-standard","has-post-thumbnail","category-news"],"_links":{"self":[{"href":"https:\/\/modenafuturacreativa.it\/es\/wp-json\/wp\/v2\/posts\/4365","targetHints":{"allow":["GET"]}}],"collection":[{"href":"https:\/\/modenafuturacreativa.it\/es\/wp-json\/wp\/v2\/posts"}],"about":[{"href":"https:\/\/modenafuturacreativa.it\/es\/wp-json\/wp\/v2\/types\/post"}],"author":[{"embeddable":true,"href":"https:\/\/modenafuturacreativa.it\/es\/wp-json\/wp\/v2\/users\/1"}],"replies":[{"embeddable":true,"href":"https:\/\/modenafuturacreativa.it\/es\/wp-json\/wp\/v2\/comments?post=4365"}],"version-history":[{"count":2,"href":"https:\/\/modenafuturacreativa.it\/es\/wp-json\/wp\/v2\/posts\/4365\/revisions"}],"predecessor-version":[{"id":4391,"href":"https:\/\/modenafuturacreativa.it\/es\/wp-json\/wp\/v2\/posts\/4365\/revisions\/4391"}],"wp:featuredmedia":[{"embeddable":true,"href":"https:\/\/modenafuturacreativa.it\/es\/wp-json\/wp\/v2\/media\/4328"}],"wp:attachment":[{"href":"https:\/\/modenafuturacreativa.it\/es\/wp-json\/wp\/v2\/media?parent=4365"}],"wp:term":[{"taxonomy":"category","embeddable":true,"href":"https:\/\/modenafuturacreativa.it\/es\/wp-json\/wp\/v2\/categories?post=4365"},{"taxonomy":"post_tag","embeddable":true,"href":"https:\/\/modenafuturacreativa.it\/es\/wp-json\/wp\/v2\/tags?post=4365"}],"curies":[{"name":"wp","href":"https:\/\/api.w.org\/{rel}","templated":true}]}}