{"id":4256,"date":"2025-02-24T14:30:58","date_gmt":"2025-02-24T13:30:58","guid":{"rendered":"https:\/\/modenafuturacreativa.it\/?p=4256"},"modified":"2025-03-21T14:18:25","modified_gmt":"2025-03-21T13:18:25","slug":"modena-patrimonio-mondiale-cambia-sito-web","status":"publish","type":"post","link":"https:\/\/modenafuturacreativa.it\/es\/modena-patrimonio-mondiale-cambia-sito-web\/","title":{"rendered":"CAMBIOS EN EL PATRIMONIO MUNDIAL DE MODENA (WEB)"},"content":{"rendered":"<div id=\"fws_6a9b7b8b4e1b3\"  data-column-margin=\"60px\" data-midnight=\"dark\"  class=\"wpb_row vc_row-fluid vc_row\"  style=\"padding-top: 0px; padding-bottom: 0px; \"><div class=\"row-bg-wrap\" data-bg-animation=\"none\" data-bg-animation-delay=\"\" data-bg-overlay=\"false\"><div class=\"inner-wrap row-bg-layer\" ><div class=\"row-bg viewport-desktop\"  style=\"\"><\/div><\/div><\/div><div class=\"row_col_wrap_12 col span_12 dark left\">\n\t<div  class=\"vc_col-sm-12 wpb_column column_container vc_column_container col no-extra-padding inherit_tablet inherit_phone\"  data-padding-pos=\"all\" data-has-bg-color=\"false\" data-bg-color=\"\" data-bg-opacity=\"1\" data-animation=\"\" data-delay=\"0\" >\n\t\t<div class=\"vc_column-inner\" >\n\t\t\t<div class=\"wpb_wrapper\">\n\t\t\t\t\n\t<div class=\"wpb_gallery wpb_content_element clearfix\">\n\t\t<div class=\"wpb_wrapper\"><div class=\"wpb_gallery_slidesflickity_style\" data-onclick=\"link_image\" data-interval=\"5\"><div class=\"nectar-flickity not-initialized\" role=\"region\" aria-roledescription=\"carousel\" aria-label=\"Galer\u00eda de im\u00e1genes\"  data-touch-icon-color=\"default\" data-stagger=\"\" data-drag-scale=\"\" data-overflow=\"hidden\" data-wrap=\"wrap\" data-spacing=\"default\" data-shadow=\"large_depth\" data-autoplay=\"true\" data-autoplay-dur=\"\" data-free-scroll=\"\" data-controls=\"material_pagination\" data-desktop-columns=\"1\" data-small-desktop-columns=\"1\" data-tablet-columns=\"1\" data-phone-columns=\"1\"><div class=\"flickity-viewport\"> <div class=\"flickity-slider\"><div class=\"cell\" data-lazy=\"false\"><img decoding=\"async\" class=\"skip-lazy nectar-lazy\" src=\"https:\/\/modenafuturacreativa.it\/wp-content\/uploads\/2025\/02\/lancio-sito-wide-scaled-600x450.jpg\" width=\"600\" height=\"450\" alt=\"lancio-sito-wide\" title=\"lanzamiento en todo el sitio\" loading=\"lazy\" \/><a class=\"entire-slide-link\" aria-label=\"lanzamiento en todo el sitio\"  href=\"https:\/\/modenafuturacreativa.it\/wp-content\/uploads\/2025\/02\/lancio-sito-wide-scaled.jpg\"><\/a><\/div><div class=\"cell\" data-lazy=\"false\"><img decoding=\"async\" class=\"skip-lazy nectar-lazy\" src=\"https:\/\/modenafuturacreativa.it\/wp-content\/uploads\/2025\/02\/visual-small-600x450.png\" width=\"600\" height=\"450\" alt=\"visual-small\" title=\"visual-peque\u00f1o\" loading=\"lazy\" \/><a class=\"entire-slide-link\" aria-label=\"visual-peque\u00f1o\"  href=\"https:\/\/modenafuturacreativa.it\/wp-content\/uploads\/2025\/02\/visual-small.png\"><\/a><\/div><\/div><\/div><\/div><\/div>\n\t\t<\/div> \n\t<\/div> \n<div class=\"wpb_text_column wpb_content_element\" >\n\t<p><strong>El nuevo sitio del Patrimonio Mundial de la Unesco combina dise\u00f1o, tecnolog\u00eda y contenidos exclusivos para ofrecer una navegaci\u00f3n moderna y accesible para todos.<\/strong><\/p>\n<p>Un dise\u00f1o minimalista para una nueva identidad visual y una navegaci\u00f3n accesible y atractiva. Ya est\u00e1 en l\u00ednea la nueva web dedicada al Patrimonio Mundial de la Unesco de M\u00f3dena, un proyecto financiado con fondos del Ministerio de Cultura (Ley 77\/06) y que combina dise\u00f1o, tecnolog\u00eda y contenidos exclusivos para ofrecer una navegaci\u00f3n moderna y accesible para todos. Editado por Elena Grazia F\u00e8, de la Oficina de Patrimonio Mundial del Museo C\u00edvico de M\u00f3dena, el nuevo sitio fue encargado a la agencia modenesa Weberia y constituye un punto de referencia para quienes deseen descubrir las riquezas culturales de la Catedral, la Torre Ghirlandina y la Piazza Grande, reconocidas por la Unesco como Patrimonio Mundial.<\/p>\n<p>En primer plano est\u00e1n las curiosidades, la educaci\u00f3n y los estudios, que hacen del nuevo sitio una referencia no s\u00f3lo para los turistas, sino tambi\u00e9n para los estudiosos y modeneses interesados en redescubrir la historia y los secretos de un patrimonio que pertenece a toda la comunidad. Y precisamente a ellos est\u00e1n dedicadas las secciones \"Investigaci\u00f3n\" y \"Educaci\u00f3n\", esta \u00faltima con proyectos de inclusi\u00f3n e itinerarios dirigidos a todas las escuelas de todos los niveles, que forman parte del proyecto educativo \"En la escuela con la Unesco\" que este a\u00f1o cumple 12 a\u00f1os y propone atractivos itinerarios did\u00e1cticos dedicados a aspectos espec\u00edficos vinculados a la historia y las caracter\u00edsticas del conjunto monumental de M\u00f3dena.<\/p>\n<p>En el centro de todo est\u00e1 la experiencia del usuario que, desde hoy, dispone de un sitio dise\u00f1ado para garantizar una navegaci\u00f3n sencilla e intuitiva gracias a una cuidada organizaci\u00f3n de los contenidos divididos en \u00e1reas tem\u00e1ticas. La innovadora interfaz integra adem\u00e1s elementos 3D, v\u00eddeos y fotograf\u00edas exclusivas, enriqueciendo la experiencia del usuario con un impacto visual muy sugerente.<\/p>\n<p>Cada elemento se dise\u00f1\u00f3 para realzar el conjunto monumental y su importancia hist\u00f3rica y cultural. Tambi\u00e9n se ha prestado especial atenci\u00f3n a la accesibilidad de la informaci\u00f3n. De hecho, el sitio, que puede consultarse en 8 idiomas distintos, est\u00e1 equipado con un \"widget de accesibilidad\", es decir, un panel mediante el cual pueden configurarse distintos modos de lectura y visualizaci\u00f3n.<\/p>\n<p>Como colof\u00f3n, un dise\u00f1o que destaca por su est\u00e9tica minimalista y el uso de colores que recuerdan la nueva identidad visual del Patrimonio de la Humanidad, lanzada con la campa\u00f1a \"M\u00f3dena Patrimonio de la Humanidad 2023\".<\/p>\n<p>El resultado es un equilibrio armonioso entre modernidad y tradici\u00f3n, capaz de representar digitalmente el valor cultural de M\u00f3dena y de dialogar con la imagen de M\u00f3dena Futura Creativa, la plataforma de referencia para el segundo reconocimiento de M\u00f3dena por la Unesco, el de ciudad creativa para las artes medi\u00e1ticas.<\/p>\n<p>\"Estamos orgullosos de haber podido continuar nuestra colaboraci\u00f3n con el Ayuntamiento de M\u00f3dena y el Museo C\u00edvico\", declar\u00f3 Stefano Baldaccini, Director Art\u00edstico de Weberia. \"Poder representar digitalmente el tesoro cultural de nuestra tierra es un privilegio y un honor que ha requerido un trabajo en equipo. Nos complace presentar este proyecto, que combina contenidos de texto comisariados por la redactora Sara Camurri e im\u00e1genes creadas por el fot\u00f3grafo Rafael Cavalli\".<\/p>\n<p>Fruto de muchos meses de intenso trabajo en equipo entre Weberia, el Ayuntamiento de M\u00f3dena y el Museo C\u00edvico de M\u00f3dena, el nuevo sitio se propone as\u00ed como un portal de referencia para valorizar y promover el Patrimonio Mundial de M\u00f3dena. Un escaparate digital que invita a todos, ciudadanos y turistas, a descubrir y apreciar un patrimonio \u00fanico.<\/p>\n<p><a href=\"https:\/\/patrimoniomondiale.modena.it\/\" target=\"_blank\" rel=\"noopener\">https:\/\/patrimoniomondiale.modena.it\/<\/a><\/p>\n<\/div>\n\n\n\n\n\t\t\t<\/div> \n\t\t<\/div>\n\t<\/div> \n<\/div><\/div>","protected":false},"excerpt":{"rendered":"El nuevo sitio del Patrimonio Mundial de la Unesco combina dise\u00f1o, tecnolog\u00eda y contenidos exclusivos para ofrecer una navegaci\u00f3n moderna y accesible para todos Un dise\u00f1o minimalista para una nueva identidad...","protected":false},"author":1,"featured_media":4265,"comment_status":"closed","ping_status":"closed","sticky":false,"template":"","format":"standard","meta":{"wpupg_custom_link":[],"wpupg_custom_link_behaviour":["default"],"wpupg_custom_link_nofollow":["default"],"wpupg_custom_image":[],"wpupg_custom_image_id":[],"footnotes":""},"categories":[475],"tags":[],"class_list":["post-4256","post","type-post","status-publish","format-standard","has-post-thumbnail","category-news"],"_links":{"self":[{"href":"https:\/\/modenafuturacreativa.it\/es\/wp-json\/wp\/v2\/posts\/4256","targetHints":{"allow":["GET"]}}],"collection":[{"href":"https:\/\/modenafuturacreativa.it\/es\/wp-json\/wp\/v2\/posts"}],"about":[{"href":"https:\/\/modenafuturacreativa.it\/es\/wp-json\/wp\/v2\/types\/post"}],"author":[{"embeddable":true,"href":"https:\/\/modenafuturacreativa.it\/es\/wp-json\/wp\/v2\/users\/1"}],"replies":[{"embeddable":true,"href":"https:\/\/modenafuturacreativa.it\/es\/wp-json\/wp\/v2\/comments?post=4256"}],"version-history":[{"count":1,"href":"https:\/\/modenafuturacreativa.it\/es\/wp-json\/wp\/v2\/posts\/4256\/revisions"}],"predecessor-version":[{"id":4266,"href":"https:\/\/modenafuturacreativa.it\/es\/wp-json\/wp\/v2\/posts\/4256\/revisions\/4266"}],"wp:featuredmedia":[{"embeddable":true,"href":"https:\/\/modenafuturacreativa.it\/es\/wp-json\/wp\/v2\/media\/4265"}],"wp:attachment":[{"href":"https:\/\/modenafuturacreativa.it\/es\/wp-json\/wp\/v2\/media?parent=4256"}],"wp:term":[{"taxonomy":"category","embeddable":true,"href":"https:\/\/modenafuturacreativa.it\/es\/wp-json\/wp\/v2\/categories?post=4256"},{"taxonomy":"post_tag","embeddable":true,"href":"https:\/\/modenafuturacreativa.it\/es\/wp-json\/wp\/v2\/tags?post=4256"}],"curies":[{"name":"wp","href":"https:\/\/api.w.org\/{rel}","templated":true}]}}