{"id":4238,"date":"2025-02-18T17:47:31","date_gmt":"2025-02-18T16:47:31","guid":{"rendered":"https:\/\/modenafuturacreativa.it\/?p=4238"},"modified":"2025-03-21T14:18:25","modified_gmt":"2025-03-21T13:18:25","slug":"alberi-festival-presentata-la-prima-edizione","status":"publish","type":"post","link":"https:\/\/modenafuturacreativa.it\/es\/alberi-festival-presentata-la-prima-edizione\/","title":{"rendered":"FESTIVAL DE LOS \u00c1RBOLES, PRESENTADA LA PRIMERA EDICI\u00d3N"},"content":{"rendered":"<div id=\"fws_6a9b7bf5b1b0f\"  data-column-margin=\"60px\" data-midnight=\"dark\"  class=\"wpb_row vc_row-fluid vc_row\"  style=\"padding-top: 0px; padding-bottom: 0px; \"><div class=\"row-bg-wrap\" data-bg-animation=\"none\" data-bg-animation-delay=\"\" data-bg-overlay=\"false\"><div class=\"inner-wrap row-bg-layer\" ><div class=\"row-bg viewport-desktop\"  style=\"\"><\/div><\/div><\/div><div class=\"row_col_wrap_12 col span_12 dark left\">\n\t<div  class=\"vc_col-sm-12 wpb_column column_container vc_column_container col no-extra-padding inherit_tablet inherit_phone\"  data-padding-pos=\"all\" data-has-bg-color=\"false\" data-bg-color=\"\" data-bg-opacity=\"1\" data-animation=\"\" data-delay=\"0\" >\n\t\t<div class=\"vc_column-inner\" >\n\t\t\t<div class=\"wpb_wrapper\">\n\t\t\t\t\n\t<div class=\"wpb_gallery wpb_content_element clearfix\">\n\t\t<div class=\"wpb_wrapper\"><div class=\"wpb_gallery_slidesflickity_style\" data-onclick=\"link_image\" data-interval=\"5\"><div class=\"nectar-flickity not-initialized\" role=\"region\" aria-roledescription=\"carousel\" aria-label=\"Galer\u00eda de im\u00e1genes\"  data-touch-icon-color=\"default\" data-stagger=\"\" data-drag-scale=\"\" data-overflow=\"hidden\" data-wrap=\"wrap\" data-spacing=\"default\" data-shadow=\"large_depth\" data-autoplay=\"true\" data-autoplay-dur=\"\" data-free-scroll=\"\" data-controls=\"material_pagination\" data-desktop-columns=\"1\" data-small-desktop-columns=\"1\" data-tablet-columns=\"1\" data-phone-columns=\"1\"><div class=\"flickity-viewport\"> <div class=\"flickity-slider\"><div class=\"cell\" data-lazy=\"false\"><img decoding=\"async\" class=\"skip-lazy nectar-lazy\" src=\"https:\/\/modenafuturacreativa.it\/wp-content\/uploads\/2025\/02\/3C3A1623-scaled-600x450.jpg\" width=\"600\" height=\"450\" alt=\"3C3A1623\" title=\"3C3A1623\" loading=\"lazy\" \/><a class=\"entire-slide-link\" aria-label=\"3C3A1623\"  href=\"https:\/\/modenafuturacreativa.it\/wp-content\/uploads\/2025\/02\/3C3A1623-scaled.jpg\"><\/a><\/div><div class=\"cell\" data-lazy=\"false\"><img decoding=\"async\" class=\"skip-lazy nectar-lazy\" src=\"https:\/\/modenafuturacreativa.it\/wp-content\/uploads\/2025\/02\/3C3A1713-scaled-600x450.jpg\" width=\"600\" height=\"450\" alt=\"3C3A1713\" title=\"3C3A1713\" loading=\"lazy\" \/><a class=\"entire-slide-link\" aria-label=\"3C3A1713\"  href=\"https:\/\/modenafuturacreativa.it\/wp-content\/uploads\/2025\/02\/3C3A1713-scaled.jpg\"><\/a><\/div><div class=\"cell\" data-lazy=\"false\"><img decoding=\"async\" class=\"skip-lazy nectar-lazy\" src=\"https:\/\/modenafuturacreativa.it\/wp-content\/uploads\/2025\/02\/4_CASA-STUDIO-LEONARDI-scaled-600x450.jpg\" width=\"600\" height=\"450\" alt=\"4_CASA STUDIO LEONARDI\" title=\"4_CASA ESTUDIO LEONARDI\" loading=\"lazy\" \/><a class=\"entire-slide-link\" aria-label=\"4_CASA ESTUDIO LEONARDI\"  href=\"https:\/\/modenafuturacreativa.it\/wp-content\/uploads\/2025\/02\/4_CASA-STUDIO-LEONARDI-scaled.jpg\"><\/a><\/div><div class=\"cell\" data-lazy=\"false\"><img decoding=\"async\" class=\"skip-lazy nectar-lazy\" src=\"https:\/\/modenafuturacreativa.it\/wp-content\/uploads\/2025\/02\/6_FOTO-ALBERI_CESARE-LEONARDI-600x450.jpg\" width=\"600\" height=\"450\" alt=\"6_FOTO ALBERI_CESARE LEONARDI\" title=\"6_FOTO \u00c1RBOLES_CESARE LEONARDI\" loading=\"lazy\" \/><a class=\"entire-slide-link\" aria-label=\"6_FOTO \u00c1RBOLES_CESARE LEONARDI\"  href=\"https:\/\/modenafuturacreativa.it\/wp-content\/uploads\/2025\/02\/6_FOTO-ALBERI_CESARE-LEONARDI.jpg\"><\/a><\/div><div class=\"cell\" data-lazy=\"false\"><img decoding=\"async\" class=\"skip-lazy nectar-lazy\" src=\"https:\/\/modenafuturacreativa.it\/wp-content\/uploads\/2025\/02\/14_CONTRONATURA_GIACOMO-COSSIO-600x450.jpg\" width=\"600\" height=\"450\" alt=\"14_CONTRONATURA_GIACOMO COSSIO\" title=\"14_CONDADO_GIACOMO COSSIO\" loading=\"lazy\" \/><a class=\"entire-slide-link\" aria-label=\"14_CONDADO_GIACOMO COSSIO\"  href=\"https:\/\/modenafuturacreativa.it\/wp-content\/uploads\/2025\/02\/14_CONTRONATURA_GIACOMO-COSSIO.jpg\"><\/a><\/div><div class=\"cell\" data-lazy=\"false\"><img decoding=\"async\" class=\"skip-lazy nectar-lazy\" src=\"https:\/\/modenafuturacreativa.it\/wp-content\/uploads\/2025\/02\/20_AREA-FESTIVAL-VILLAGGIO-ARTIGIANO-600x450.jpg\" width=\"600\" height=\"450\" alt=\"20_AREA FESTIVAL VILLAGGIO ARTIGIANO\" title=\"20_ZONA DE FIESTAS DEL PUEBLO ARTESANO\" loading=\"lazy\" \/><a class=\"entire-slide-link\" aria-label=\"20_ZONA DE FIESTAS DEL PUEBLO ARTESANO\"  href=\"https:\/\/modenafuturacreativa.it\/wp-content\/uploads\/2025\/02\/20_AREA-FESTIVAL-VILLAGGIO-ARTIGIANO.jpg\"><\/a><\/div><\/div><\/div><\/div><\/div>\n\t\t<\/div> \n\t<\/div> \n<div class=\"wpb_text_column wpb_content_element\" >\n\t<p>Durante una semana, M\u00f3dena se convierte en la ciudad de los \u00e1rboles. Concebido por el Ayuntamiento de M\u00f3dena y la Fundaci\u00f3n Archivo Leonardi, el proyecto cuenta con el apoyo de la Direcci\u00f3n General de Creatividad Contempor\u00e1nea del Ministerio de Cultura.<\/p>\n<p>&nbsp;<\/p>\n<p>Del 7 al 13 de abril, el Villaggio Artigiano Modena Ovest acoger\u00e1 \"Alberi Festival. Construir la ciudad de los \u00e1rboles\", el primer festival de arquitectura dedicado a la idea de que los \u00e1rboles pueden ser un modelo y una herramienta a trav\u00e9s de los cuales investigar, dise\u00f1ar y reorganizar la ciudad contempor\u00e1nea. Recuperando la s\u00f3lida cultura \"verde\" que ha caracterizado la historia pol\u00edtica y urban\u00edstica de M\u00f3dena, durante una semana el Alberi Festival ofrecer\u00e1 a arquitectos, artistas, escolares, curiosos y aficionados un rico programa de conferencias, exposiciones, instalaciones multimedia, itinerarios y visitas guiadas, talleres para ni\u00f1os y adultos en espacios industriales en desuso y zonas p\u00fablicas del Villaggio Artigiano transformado, durante la semana del Festival, en un prototipo de \"pueblo verde\". S\u00e1bado 12 de abril, a partir de las 21.00 horas, Noche del Festival y apertura de los pabellones y exposiciones hasta medianoche.<\/p>\n<p>La primera edici\u00f3n del Festival Alberi fue presentada el viernes 14 de febrero, en los espacios de la casa-estudio de Cesare Leonardi, por los concejales de Cultura y Urbanismo y Parques del Ayuntamiento de M\u00f3dena, Andrea Bortolamasi y Carla Ferrari; el comisario del Festival, Andrea Cavani, y Federica Rocchi, del colectivo Amigdala.<\/p>\n<p>Organizado por el Ayuntamiento de M\u00f3dena junto con la Fundaci\u00f3n Archivo Leonardi, Amigdala y con el apoyo de otros organismos y asociaciones de la zona, el evento se dividir\u00e1 en cuatro secciones tem\u00e1ticas: \"Saber ver los \u00e1rboles\" (Casa-studio Leonardi), \"La metamorfosis de los \u00e1rboles\" (MOP - Pabell\u00f3n Modena Ovest), \"La ciudad de los \u00e1rboles\" (espacio OvestLab) y \"Dise\u00f1ar con los \u00e1rboles\" (espacio Progetto Artigiano). Todo para una narraci\u00f3n inspirada en la obra del arquitecto Cesare Leonardi, desde sus veinte a\u00f1os de estudios sobre los \u00e1rboles desarrollados entre 1960 y 1980 con Franca Stagi, hasta su proyecto manifiesto de la Ciudad de los \u00c1rboles en Bosco Albergati (Castelfranco Emilia) en 1990.<\/p>\n<p>\"Saber ver los \u00e1rboles\", la secci\u00f3n central del festival, abrir\u00e1 al p\u00fablico las puertas del Archivo y Casa-Estudio de Cesare Leonardi en el Villaggio Artigiano Modena Ovest donde, entre gruesas estanter\u00edas de madera amarilla elaboradas artesanalmente seg\u00fan un estricto criterio modular, se recoge el trabajo de toda una vida. Como, por ejemplo, los famosos dibujos de \u00e1rboles recopilados en 1982 en el volumen L'Architettura degli Alberi (La arquitectura de los \u00e1rboles), a\u00fan hoy manual de referencia para el paisajismo a nivel internacional.<\/p>\n<p>La secci\u00f3n multimedia \"Le metamorfosi degli alberi\" (La metamorfosis de los \u00e1rboles), instalada en el Pabell\u00f3n MOP Modena Ovest, acoger\u00e1 exposiciones fotogr\u00e1ficas y videoinstalaciones de artistas contempor\u00e1neos como el arquitecto y fot\u00f3grafo moden\u00e9s Francesco Fantoni, que presentar\u00e1 \"Podr\u00edan ser gigantes\", una obra sobre \u00e1rboles monumentales, realizada en colaboraci\u00f3n con la Regi\u00f3n de Emilia-Roma\u00f1a. Durante el festival, el pabell\u00f3n tambi\u00e9n mostrar\u00e1 en directo las transformaciones cotidianas reales de los organismos vegetales, poblando el espacio con plantas colocadas entre los S\u00f3lidos de Cesare Leonardi.<\/p>\n<p>Dedicada, por otra parte, a la dimensi\u00f3n m\u00e1s pol\u00edtica y participativa que caracteriza la presencia urbana de los \u00e1rboles, est\u00e1 la secci\u00f3n \"La ciudad de los \u00e1rboles\", dentro del OvestLab, donde los cortometrajes in\u00e9ditos de la revista \"Fotosintesi\" se alternar\u00e1n con conferencias abiertas, talleres y laboratorios. Entre las citas m\u00e1s esperadas est\u00e1n las que se celebrar\u00e1n con la arquitecta paisajista Erika Skabar (8 de abril), con el artista Giacomo Cossio (9 de abril), con el arquitecto paisajista Carlo Masera (11 de abril) y con Giulio Orsini (12 de abril), arquitecto y fundador del Archivio Leonardi. Mientras que el 13 de abril a las 16.00 horas ser\u00e1 el turno de Scrivere la natura, una conversaci\u00f3n con Paolo Giordano, a partir de su novela Tasmania con motivo de la ceremonia de entrega del cuento ganador de la secci\u00f3n \"Noi e gli alberi\" del Premio Literario Muratori. Entre los actos que acoger\u00e1 OvestLab figura tambi\u00e9n la exposici\u00f3n \"La Citt\u00e0 degli Alberi di Bosco Albergati\" (La ciudad de los \u00e1rboles de Bosco Albergati), que, a trav\u00e9s de paneles, fotograf\u00edas y una maqueta para invidentes creada por la asociaci\u00f3n La Citt\u00e0 degli Alberi, permitir\u00e1 a los visitantes descubrir la historia de un proyecto \u00e9pico, ideado por Cesare Leonardi y realizado por un grupo de voluntarios a principios de los a\u00f1os noventa.<\/p>\n<p>En el pabell\u00f3n Progetto Artigiano -un antiguo taller textil en proceso de transformaci\u00f3n- se instalar\u00e1 la cuarta secci\u00f3n del festival: \"Dise\u00f1ar con \u00e1rboles\" tendr\u00e1 como protagonista a la ciudad de Karlsruhe, cuyos or\u00edgenes se remontan a un encuentro primordial y visionario entre el hombre y la naturaleza, al deseo de construir un v\u00ednculo f\u00edsico y tangible con el bosque basado en el respeto, la contemplaci\u00f3n, el cruce y la definici\u00f3n de l\u00edmites. Visiones que han desembocado en una forma urbana tangible, expresi\u00f3n coherente de esta relaci\u00f3n. Una especie de ciudad manifiesto en la que el dise\u00f1o en \"forma de abanico\" que transforma sin soluci\u00f3n de continuidad el bosque en espacio p\u00fablico parece explicitar un pacto de coexistencia entre hombres y \u00e1rboles.<\/p>\n<p>De los pabellones a los espacios al aire libre. Completan el itinerario del AlberiFestival las zonas peatonales del recinto ferial, a lo largo de las cuales habr\u00e1 instalaciones art\u00edsticas, muestras bot\u00e1nicas y exposiciones en plein air. En el patio del Progetto Artigiano, Giacomo Cossio y Sara Leghissa crear\u00e1n la instalaci\u00f3n art\u00edstica \"Natura morta\", en una performance abierta al p\u00fablico. En cambio, la zona peatonal de Via Leoni ser\u00e1 objeto de un proyecto de \"renaturalizaci\u00f3n\", destinado a convertirse en permanente a finales de 2025, y en el carril bici\/peatonal de la Diagonal habr\u00e1 una exposici\u00f3n al aire libre de los dibujos de L'architettura degli alberi, de Cesare Leonardi y Franca Stagi, que representan los doce \u00e1rboles de la ciudad seleccionados para el proyecto \"Alberi Maestri\".<\/p>\n<p>Por \u00faltimo, AlberiFestival en la Ciudad, con el festival dialogando con los espacios culturales de la ciudad, empezando por la Fondazione AGO, que acoger\u00e1, en la Palazzina dei Giardini, la exposici\u00f3n \"Lost paradise is paradise lost\" de Fallen Fruit. Pero tambi\u00e9n habr\u00e1 talleres entre los \u00e1rboles en el Jard\u00edn Bot\u00e1nico, vitrinas tem\u00e1ticas y talleres de plantado en las bibliotecas de M\u00f3dena, citas en el Museo Gemma con \"la planta f\u00f3sil\", recorridos tem\u00e1ticos por las colecciones del Museo C\u00edvico y una exposici\u00f3n especial en la sala multimedia del antiguo Hospital de D\u00eda de la plaza Mazzini.<\/p>\n<p>AlberiFestival cuenta con el apoyo del Festival Architettura - edici\u00f3n 3, promovido por la Direcci\u00f3n General de Creatividad Contempor\u00e1nea del Ministerio de Cultura. El festival est\u00e1 organizado por el Ayuntamiento de M\u00f3dena en colaboraci\u00f3n con la Fundaci\u00f3n Leonardi y en asociaci\u00f3n con Amigdala, la Regi\u00f3n Emilia-Romagna, UniMoRe, el Ayuntamiento de Vignola, el Ayuntamiento de Pavullo, el Ayuntamiento de Rubiera, La Ciudad de los \u00c1rboles de Bosco Albergati, Italia Nostra \/ Bosco in citt\u00e0.<\/p>\n<p><strong>Son socios del AlberiFestival:<\/strong> Fuse*, Bunker, LazyDog press, AlberItalia y la asociaci\u00f3n Gellner.<\/p>\n<p><strong>Apoyan el Festival:<\/strong> C\u00e1mara de Comercio de M\u00f3dena y Rotary Club. El socio internacional es la ciudad alemana de Karlsruhe que, al igual que M\u00f3dena, forma parte del cl\u00faster de Ciudades Creativas de la Unesco para las Artes Audiovisuales y donde tendr\u00e1 lugar la edici\u00f3n de verano del Festival, prevista del 26 de junio al 6 de julio de 2025.<\/p>\n<p>M\u00e1s informaci\u00f3n: <a href=\"https:\/\/alberifestival.it\/\" target=\"_blank\" rel=\"noopener\"><strong>https:\/\/alberifestival.it\/<\/strong><\/a><\/p>\n<\/div>\n\n\n\n\n\t\t\t<\/div> \n\t\t<\/div>\n\t<\/div> \n<\/div><\/div>","protected":false},"excerpt":{"rendered":"Durante una semana, M\u00f3dena se convierte en la ciudad de los \u00e1rboles. Concebido por el Ayuntamiento de M\u00f3dena y la Fondazione Archivio Leonardi, el proyecto cuenta con el apoyo de la Direzione Generale Creativit\u00e0 Contemporanea del...","protected":false},"author":1,"featured_media":4239,"comment_status":"closed","ping_status":"closed","sticky":false,"template":"","format":"standard","meta":{"wpupg_custom_link":[],"wpupg_custom_link_behaviour":["default"],"wpupg_custom_link_nofollow":["default"],"wpupg_custom_image":[],"wpupg_custom_image_id":[],"footnotes":""},"categories":[475],"tags":[],"class_list":["post-4238","post","type-post","status-publish","format-standard","has-post-thumbnail","category-news"],"_links":{"self":[{"href":"https:\/\/modenafuturacreativa.it\/es\/wp-json\/wp\/v2\/posts\/4238","targetHints":{"allow":["GET"]}}],"collection":[{"href":"https:\/\/modenafuturacreativa.it\/es\/wp-json\/wp\/v2\/posts"}],"about":[{"href":"https:\/\/modenafuturacreativa.it\/es\/wp-json\/wp\/v2\/types\/post"}],"author":[{"embeddable":true,"href":"https:\/\/modenafuturacreativa.it\/es\/wp-json\/wp\/v2\/users\/1"}],"replies":[{"embeddable":true,"href":"https:\/\/modenafuturacreativa.it\/es\/wp-json\/wp\/v2\/comments?post=4238"}],"version-history":[{"count":1,"href":"https:\/\/modenafuturacreativa.it\/es\/wp-json\/wp\/v2\/posts\/4238\/revisions"}],"predecessor-version":[{"id":4245,"href":"https:\/\/modenafuturacreativa.it\/es\/wp-json\/wp\/v2\/posts\/4238\/revisions\/4245"}],"wp:featuredmedia":[{"embeddable":true,"href":"https:\/\/modenafuturacreativa.it\/es\/wp-json\/wp\/v2\/media\/4239"}],"wp:attachment":[{"href":"https:\/\/modenafuturacreativa.it\/es\/wp-json\/wp\/v2\/media?parent=4238"}],"wp:term":[{"taxonomy":"category","embeddable":true,"href":"https:\/\/modenafuturacreativa.it\/es\/wp-json\/wp\/v2\/categories?post=4238"},{"taxonomy":"post_tag","embeddable":true,"href":"https:\/\/modenafuturacreativa.it\/es\/wp-json\/wp\/v2\/tags?post=4238"}],"curies":[{"name":"wp","href":"https:\/\/api.w.org\/{rel}","templated":true}]}}