{"id":4174,"date":"2025-01-27T18:42:00","date_gmt":"2025-01-27T17:42:00","guid":{"rendered":"https:\/\/modenafuturacreativa.it\/?p=4174"},"modified":"2025-03-21T14:18:25","modified_gmt":"2025-03-21T13:18:25","slug":"a-scuola-di-educazione-allimmagine-con-ago-e-fem","status":"publish","type":"post","link":"https:\/\/modenafuturacreativa.it\/es\/a-scuola-di-educazione-allimmagine-con-ago-e-fem\/","title":{"rendered":"EN LA ESCUELA PARA LA EDUCACI\u00d3N DE LA IMAGEN CON AGUJA Y FEM"},"content":{"rendered":"<div id=\"fws_6a9b7bed0f6a4\"  data-column-margin=\"60px\" data-midnight=\"dark\"  class=\"wpb_row vc_row-fluid vc_row\"  style=\"padding-top: 0px; padding-bottom: 0px; \"><div class=\"row-bg-wrap\" data-bg-animation=\"none\" data-bg-animation-delay=\"\" data-bg-overlay=\"false\"><div class=\"inner-wrap row-bg-layer\" ><div class=\"row-bg viewport-desktop\"  style=\"\"><\/div><\/div><\/div><div class=\"row_col_wrap_12 col span_12 dark left\">\n\t<div  class=\"vc_col-sm-8 wpb_column column_container vc_column_container col no-extra-padding inherit_tablet inherit_phone\"  data-padding-pos=\"all\" data-has-bg-color=\"false\" data-bg-color=\"\" data-bg-opacity=\"1\" data-animation=\"\" data-delay=\"0\" >\n\t\t<div class=\"vc_column-inner\" >\n\t\t\t<div class=\"wpb_wrapper\">\n\t\t\t\t\n<div class=\"wpb_text_column wpb_content_element\" >\n\t<div id=\"parent-fieldname-description\" class=\"documentDescription\"><strong>A partir del lunes 27 de enero, en el Palazzo Santa Margherita, el campamento de invierno sobre narraci\u00f3n en v\u00eddeo<\/strong><\/div>\n<p><strong>460 personas de toda Italia se inscribieron en los cursos gratuitos de formaci\u00f3n de profesores \"Fuera del marco\". Y 16 a partir del lunes 27 de enero participan en el campamento de invierno sobre narraci\u00f3n en v\u00eddeo.<\/strong><\/p>\n<p>Diecis\u00e9is profesores de seis institutos de Emilia-Roma\u00f1a y Liguria participan desde el lunes 27 de enero en M\u00f3dena en el campamento de invierno dedicado a la videorrelato, en el marco del proyecto \"Out of the Frame. Educazione all'immagine tra innovazione e futuro\" (Educaci\u00f3n de la imagen entre innovaci\u00f3n y futuro), al que se han inscrito 460 profesores de toda Italia, desde guarder\u00edas hasta institutos, para participar en los cursos gratuitos en l\u00ednea que acaban de comenzar. La iniciativa est\u00e1 propuesta por la Fondazione AGO Modena Fabbriche Culturali, Wonderful Education - Future Education Modena (FEM), en colaboraci\u00f3n con ANISA (Asociaci\u00f3n Nacional de Profesores de Historia del Arte) y Flash Future en el marco del Plan Nacional Cine e Imagen para la Escuela promovido por los Ministerios de Cultura y Educaci\u00f3n y M\u00e9rito.<\/p>\n<p>Los itinerarios propuestos promueven la participaci\u00f3n activa de las nuevas generaciones en la creaci\u00f3n de contenidos visuales y conectan el desarrollo de las competencias cient\u00edfico-tecnol\u00f3gicas y human\u00edstico-expresivas, el pensamiento computacional, la inform\u00e1tica y las habilidades visuales de lectura, escritura, comprensi\u00f3n y tratamiento de im\u00e1genes. El proyecto promueve el uso de los medios visuales como lugares de aprendizaje profundo, personalizado, activo y consciente para la adquisici\u00f3n de claves interpretativas del mundo contempor\u00e1neo y el aprendizaje aut\u00e9ntico y motivado. La experiencia educativa est\u00e1 flanqueada por actividades pr\u00e1cticas y retos sobre temas de actualidad, con cursos sobre v\u00eddeo, videojuegos e inteligencia artificial. De este modo, profesores y alumnos pueden experimentar y adquirir competencias espec\u00edficas en diferentes \u00e1mbitos (digital, comunicativo, expresivo, dise\u00f1o) correspondientes a las profesiones actuales, cada vez m\u00e1s solicitadas. El curso tambi\u00e9n ofrece oportunidades de encuentro e intercambio, estimulando el debate entre los participantes y motivando su implicaci\u00f3n.<\/p>\n<p>El campamento de invierno de tres d\u00edas, que se inaugura el lunes 27 de enero en el Palazzo Santa Margherita con una clase magistral de la artista visual y videasta Debora Vrizzi, en colaboraci\u00f3n con el Festival Biografilm, incluye tambi\u00e9n profundizaciones espec\u00edficas sobre t\u00e9cnicas de producci\u00f3n de v\u00eddeo digital (Fotograf\u00eda y rodaje de v\u00eddeo, Machinima - animaci\u00f3n por ordenador dentro de plataformas virtuales, IA para im\u00e1genes y v\u00eddeos) que los profesores podr\u00e1n poner en pr\u00e1ctica, con el apoyo de los formadores, para realizar nuevos productos audiovisuales con los alumnos de sus centros, obras que se expondr\u00e1n en la Fondazione AGO el pr\u00f3ximo mes de mayo.<\/p>\n<\/div>\n\n\n\n\n\t\t\t<\/div> \n\t\t<\/div>\n\t<\/div> \n\n\t<div  class=\"vc_col-sm-4 wpb_column column_container vc_column_container col no-extra-padding inherit_tablet inherit_phone\"  data-padding-pos=\"all\" data-has-bg-color=\"false\" data-bg-color=\"\" data-bg-opacity=\"1\" data-animation=\"\" data-delay=\"0\" >\n\t\t<div class=\"vc_column-inner\" >\n\t\t\t<div class=\"wpb_wrapper\">\n\t\t\t\t<div class=\"img-with-aniamtion-wrap\" data-max-width=\"100%\" data-max-width-mobile=\"default\" data-shadow=\"none\" data-animation=\"none\" >\n      <div class=\"inner\">\n        <div class=\"hover-wrap\"> \n          <div class=\"hover-wrap-inner\">\n            <a href=\"https:\/\/modenafuturacreativa.it\/wp-content\/uploads\/2025\/01\/Debora-Vrizzi.jpg\" class=\"pp\">\n              <img loading=\"lazy\" decoding=\"async\" class=\"img-with-animation skip-lazy\" data-delay=\"0\" height=\"1107\" width=\"1440\" data-animation=\"none\" src=\"https:\/\/modenafuturacreativa.it\/wp-content\/uploads\/2025\/01\/Debora-Vrizzi.jpg\" alt=\"\" srcset=\"https:\/\/modenafuturacreativa.it\/wp-content\/uploads\/2025\/01\/Debora-Vrizzi.jpg 1440w, https:\/\/modenafuturacreativa.it\/wp-content\/uploads\/2025\/01\/Debora-Vrizzi-300x231.jpg 300w, https:\/\/modenafuturacreativa.it\/wp-content\/uploads\/2025\/01\/Debora-Vrizzi-1024x787.jpg 1024w, https:\/\/modenafuturacreativa.it\/wp-content\/uploads\/2025\/01\/Debora-Vrizzi-768x590.jpg 768w\" sizes=\"auto, (max-width: 1440px) 100vw, 1440px\" \/>\n            <\/a>\n          <\/div>\n        <\/div>\n         \n      <\/div>\n      <\/div>\n\t\t\t<\/div> \n\t\t<\/div>\n\t<\/div> \n<\/div><\/div>","protected":false},"excerpt":{"rendered":"Desde el lunes 27 de enero se celebra en el Palazzo Santa Margherita el campamento de invierno sobre narraci\u00f3n en v\u00eddeo 460 personas de toda Italia se inscribieron en los cursos gratuitos de formaci\u00f3n para profesores \"Out of the...","protected":false},"author":1,"featured_media":4175,"comment_status":"closed","ping_status":"closed","sticky":false,"template":"","format":"standard","meta":{"wpupg_custom_link":[],"wpupg_custom_link_behaviour":["default"],"wpupg_custom_link_nofollow":[],"wpupg_custom_image":[],"wpupg_custom_image_id":[],"footnotes":""},"categories":[475],"tags":[],"class_list":["post-4174","post","type-post","status-publish","format-standard","has-post-thumbnail","category-news"],"_links":{"self":[{"href":"https:\/\/modenafuturacreativa.it\/es\/wp-json\/wp\/v2\/posts\/4174","targetHints":{"allow":["GET"]}}],"collection":[{"href":"https:\/\/modenafuturacreativa.it\/es\/wp-json\/wp\/v2\/posts"}],"about":[{"href":"https:\/\/modenafuturacreativa.it\/es\/wp-json\/wp\/v2\/types\/post"}],"author":[{"embeddable":true,"href":"https:\/\/modenafuturacreativa.it\/es\/wp-json\/wp\/v2\/users\/1"}],"replies":[{"embeddable":true,"href":"https:\/\/modenafuturacreativa.it\/es\/wp-json\/wp\/v2\/comments?post=4174"}],"version-history":[{"count":1,"href":"https:\/\/modenafuturacreativa.it\/es\/wp-json\/wp\/v2\/posts\/4174\/revisions"}],"predecessor-version":[{"id":4176,"href":"https:\/\/modenafuturacreativa.it\/es\/wp-json\/wp\/v2\/posts\/4174\/revisions\/4176"}],"wp:featuredmedia":[{"embeddable":true,"href":"https:\/\/modenafuturacreativa.it\/es\/wp-json\/wp\/v2\/media\/4175"}],"wp:attachment":[{"href":"https:\/\/modenafuturacreativa.it\/es\/wp-json\/wp\/v2\/media?parent=4174"}],"wp:term":[{"taxonomy":"category","embeddable":true,"href":"https:\/\/modenafuturacreativa.it\/es\/wp-json\/wp\/v2\/categories?post=4174"},{"taxonomy":"post_tag","embeddable":true,"href":"https:\/\/modenafuturacreativa.it\/es\/wp-json\/wp\/v2\/tags?post=4174"}],"curies":[{"name":"wp","href":"https:\/\/api.w.org\/{rel}","templated":true}]}}