{"id":4149,"date":"2025-01-16T10:49:28","date_gmt":"2025-01-16T09:49:28","guid":{"rendered":"https:\/\/modenafuturacreativa.it\/?p=4149"},"modified":"2025-03-21T14:18:25","modified_gmt":"2025-03-21T13:18:25","slug":"cultura-dimpresa-protagonista-al-laboratorio-aperto","status":"publish","type":"post","link":"https:\/\/modenafuturacreativa.it\/es\/cultura-dimpresa-protagonista-al-laboratorio-aperto\/","title":{"rendered":"LA CULTURA EMPRESARIAL PROTAGONISTA DEL TALLER ABIERTO"},"content":{"rendered":"<div id=\"fws_6a9b7bec8f752\"  data-column-margin=\"60px\" data-midnight=\"dark\"  class=\"wpb_row vc_row-fluid vc_row\"  style=\"padding-top: 0px; padding-bottom: 0px; \"><div class=\"row-bg-wrap\" data-bg-animation=\"none\" data-bg-animation-delay=\"\" data-bg-overlay=\"false\"><div class=\"inner-wrap row-bg-layer\" ><div class=\"row-bg viewport-desktop\"  style=\"\"><\/div><\/div><\/div><div class=\"row_col_wrap_12 col span_12 dark left\">\n\t<div  class=\"vc_col-sm-8 wpb_column column_container vc_column_container col no-extra-padding inherit_tablet inherit_phone\"  data-padding-pos=\"all\" data-has-bg-color=\"false\" data-bg-color=\"\" data-bg-opacity=\"1\" data-animation=\"\" data-delay=\"0\" >\n\t\t<div class=\"vc_column-inner\" >\n\t\t\t<div class=\"wpb_wrapper\">\n\t\t\t\t\n<div class=\"wpb_text_column wpb_content_element\" >\n\t<div id=\"parent-fieldname-description\">\n<div id=\"parent-fieldname-description\">\n<div id=\"parent-fieldname-description\" class=\"documentDescription\"><strong>El mi\u00e9rcoles 15 de enero vuelve el ciclo Talk Together. A las 17.00 horas, reuni\u00f3n dedicada a las competencias necesarias para un esp\u00edritu empresarial innovador y sostenible.<\/strong><\/div>\n<div><\/div>\n<div class=\"documentDescription\">El mi\u00e9rcoles 15 de enero a las 17.00 horas en el Laboratorio Aperto de M\u00f3dena, Viale Buon Pastore 43, vuelve la cita con Talk Together, el ciclo dedicado a temas centrales para el futuro: sostenibilidad, creatividad, tecnolog\u00eda y esp\u00edritu empresarial. Cada encuentro es una oportunidad para profundizar en estos temas clave, gracias a la participaci\u00f3n de destacados ponentes y testimonios de empresas.<\/div>\n<div id=\"content-core\">\n<div id=\"parent-fieldname-text\" class=\"plain\">\n<p>La reuni\u00f3n del mi\u00e9rcoles, \"Iniciativa empresarial y esp\u00edritu emprendedor: desarrollo de competencias para una cultura empresarial\", est\u00e1 organizada por Open Lab Srl en cooperaci\u00f3n con Art-ER y ser\u00e1 una oportunidad para explorar el tema de la iniciativa empresarial y el desarrollo de las competencias necesarias para una cultura empresarial innovadora y sostenible, y brindar\u00e1 la oportunidad de explorar nuevas perspectivas e ideas en el mundo de la creatividad empresarial.<\/p>\n<p>Durante la charla, el p\u00fablico podr\u00e1 escuchar los testimonios y experiencias de Vera Tucci cofundadora y Coo de T-Consulting, Matteo Bertocchi cofundador y Ceo de Novac, Marco Boccia cofundador y Ceo de Human Maple.<\/p>\n<p>La charla ir\u00e1 seguida de un aperitivo de networking en colaboraci\u00f3n con Chozen, la comunidad dedicada a quienes buscan inspiraci\u00f3n y conexiones aut\u00e9nticas.<\/p>\n<p>Para m\u00e1s informaci\u00f3n:\u00a0<a href=\"mailto:modena@labaperti.it\">modena@labaperti.it<\/a>. Para confirmar su participaci\u00f3n, debe inscribirse (www.getcrowd.eu\/event\/1a244656-f07d8b79)<\/p>\n<\/div>\n<div class=\"visualClear\"><\/div>\n<div><\/div>\n<\/div>\n<div id=\"viewlet-below-content-body\">\n<div class=\"visualClear\"><\/div>\n<div class=\"documentActions\">\n<p class=\"hiddenStructure\">\n<\/div>\n<\/div>\n<\/div>\n<\/div>\n<\/div>\n\n\n\n\n\t\t\t<\/div> \n\t\t<\/div>\n\t<\/div> \n\n\t<div  class=\"vc_col-sm-4 wpb_column column_container vc_column_container col no-extra-padding inherit_tablet inherit_phone\"  data-padding-pos=\"all\" data-has-bg-color=\"false\" data-bg-color=\"\" data-bg-opacity=\"1\" data-animation=\"\" data-delay=\"0\" >\n\t\t<div class=\"vc_column-inner\" >\n\t\t\t<div class=\"wpb_wrapper\">\n\t\t\t\t<div class=\"img-with-aniamtion-wrap\" data-max-width=\"100%\" data-max-width-mobile=\"default\" data-shadow=\"none\" data-animation=\"none\" >\n      <div class=\"inner\">\n        <div class=\"hover-wrap\"> \n          <div class=\"hover-wrap-inner\">\n            <a href=\"https:\/\/modenafuturacreativa.it\/wp-content\/uploads\/2025\/01\/post-17-1-100.jpg\" class=\"pp\">\n              <img loading=\"lazy\" decoding=\"async\" class=\"img-with-animation skip-lazy\" data-delay=\"0\" height=\"1098\" width=\"1098\" data-animation=\"none\" src=\"https:\/\/modenafuturacreativa.it\/wp-content\/uploads\/2025\/01\/post-17-1-100.jpg\" alt=\"\" srcset=\"https:\/\/modenafuturacreativa.it\/wp-content\/uploads\/2025\/01\/post-17-1-100.jpg 1098w, https:\/\/modenafuturacreativa.it\/wp-content\/uploads\/2025\/01\/post-17-1-100-300x300.jpg 300w, https:\/\/modenafuturacreativa.it\/wp-content\/uploads\/2025\/01\/post-17-1-100-1024x1024.jpg 1024w, https:\/\/modenafuturacreativa.it\/wp-content\/uploads\/2025\/01\/post-17-1-100-150x150.jpg 150w, https:\/\/modenafuturacreativa.it\/wp-content\/uploads\/2025\/01\/post-17-1-100-768x768.jpg 768w, https:\/\/modenafuturacreativa.it\/wp-content\/uploads\/2025\/01\/post-17-1-100-140x140.jpg 140w, https:\/\/modenafuturacreativa.it\/wp-content\/uploads\/2025\/01\/post-17-1-100-100x100.jpg 100w, https:\/\/modenafuturacreativa.it\/wp-content\/uploads\/2025\/01\/post-17-1-100-500x500.jpg 500w, https:\/\/modenafuturacreativa.it\/wp-content\/uploads\/2025\/01\/post-17-1-100-350x350.jpg 350w, https:\/\/modenafuturacreativa.it\/wp-content\/uploads\/2025\/01\/post-17-1-100-1000x1000.jpg 1000w, https:\/\/modenafuturacreativa.it\/wp-content\/uploads\/2025\/01\/post-17-1-100-800x800.jpg 800w\" sizes=\"auto, (max-width: 1098px) 100vw, 1098px\" \/>\n            <\/a>\n          <\/div>\n        <\/div>\n         \n      <\/div>\n      <\/div>\n\t\t\t<\/div> \n\t\t<\/div>\n\t<\/div> \n<\/div><\/div>","protected":false},"excerpt":{"rendered":"El mi\u00e9rcoles 15 de enero vuelve el ciclo Talk Together. A las 17.00 horas, reuni\u00f3n sobre las competencias necesarias para un esp\u00edritu empresarial innovador y sostenible. El mi\u00e9rcoles 15 de enero a las 17.00 horas en el Laboratorio...","protected":false},"author":1,"featured_media":4150,"comment_status":"closed","ping_status":"closed","sticky":false,"template":"","format":"standard","meta":{"wpupg_custom_link":[],"wpupg_custom_link_behaviour":["default"],"wpupg_custom_link_nofollow":[],"wpupg_custom_image":[],"wpupg_custom_image_id":[],"footnotes":""},"categories":[475],"tags":[],"class_list":["post-4149","post","type-post","status-publish","format-standard","has-post-thumbnail","category-news"],"_links":{"self":[{"href":"https:\/\/modenafuturacreativa.it\/es\/wp-json\/wp\/v2\/posts\/4149","targetHints":{"allow":["GET"]}}],"collection":[{"href":"https:\/\/modenafuturacreativa.it\/es\/wp-json\/wp\/v2\/posts"}],"about":[{"href":"https:\/\/modenafuturacreativa.it\/es\/wp-json\/wp\/v2\/types\/post"}],"author":[{"embeddable":true,"href":"https:\/\/modenafuturacreativa.it\/es\/wp-json\/wp\/v2\/users\/1"}],"replies":[{"embeddable":true,"href":"https:\/\/modenafuturacreativa.it\/es\/wp-json\/wp\/v2\/comments?post=4149"}],"version-history":[{"count":6,"href":"https:\/\/modenafuturacreativa.it\/es\/wp-json\/wp\/v2\/posts\/4149\/revisions"}],"predecessor-version":[{"id":4157,"href":"https:\/\/modenafuturacreativa.it\/es\/wp-json\/wp\/v2\/posts\/4149\/revisions\/4157"}],"wp:featuredmedia":[{"embeddable":true,"href":"https:\/\/modenafuturacreativa.it\/es\/wp-json\/wp\/v2\/media\/4150"}],"wp:attachment":[{"href":"https:\/\/modenafuturacreativa.it\/es\/wp-json\/wp\/v2\/media?parent=4149"}],"wp:term":[{"taxonomy":"category","embeddable":true,"href":"https:\/\/modenafuturacreativa.it\/es\/wp-json\/wp\/v2\/categories?post=4149"},{"taxonomy":"post_tag","embeddable":true,"href":"https:\/\/modenafuturacreativa.it\/es\/wp-json\/wp\/v2\/tags?post=4149"}],"curies":[{"name":"wp","href":"https:\/\/api.w.org\/{rel}","templated":true}]}}