{"id":4042,"date":"2024-10-18T11:28:25","date_gmt":"2024-10-18T09:28:25","guid":{"rendered":"https:\/\/modenafuturacreativa.it\/?p=4042"},"modified":"2025-03-21T14:18:25","modified_gmt":"2025-03-21T13:18:25","slug":"al-centro-musica-il-corso-di-videomaking-urban-video","status":"publish","type":"post","link":"https:\/\/modenafuturacreativa.it\/es\/al-centro-musica-il-corso-di-videomaking-urban-video\/","title":{"rendered":"EL CURSO DE V\u00cdDEO \"V\u00cdDEO URBANO\" EN EL CENTRO DE M\u00daSICA"},"content":{"rendered":"<div id=\"fws_6a9b7bf60a0e4\"  data-column-margin=\"60px\" data-midnight=\"dark\"  class=\"wpb_row vc_row-fluid vc_row\"  style=\"padding-top: 0px; padding-bottom: 0px; \"><div class=\"row-bg-wrap\" data-bg-animation=\"none\" data-bg-animation-delay=\"\" data-bg-overlay=\"false\"><div class=\"inner-wrap row-bg-layer\" ><div class=\"row-bg viewport-desktop\"  style=\"\"><\/div><\/div><\/div><div class=\"row_col_wrap_12 col span_12 dark left\">\n\t<div  class=\"vc_col-sm-12 wpb_column column_container vc_column_container col no-extra-padding inherit_tablet inherit_phone\"  data-padding-pos=\"all\" data-has-bg-color=\"false\" data-bg-color=\"\" data-bg-opacity=\"1\" data-animation=\"\" data-delay=\"0\" >\n\t\t<div class=\"vc_column-inner\" >\n\t\t\t<div class=\"wpb_wrapper\">\n\t\t\t\t\n\t<div class=\"wpb_gallery wpb_content_element clearfix\">\n\t\t<div class=\"wpb_wrapper\"><div class=\"wpb_gallery_slidesflickity_style\" data-onclick=\"link_image\" data-interval=\"5\"><div class=\"nectar-flickity not-initialized\" role=\"region\" aria-roledescription=\"carousel\" aria-label=\"Galer\u00eda de im\u00e1genes\"  data-touch-icon-color=\"default\" data-stagger=\"\" data-drag-scale=\"\" data-overflow=\"hidden\" data-wrap=\"wrap\" data-spacing=\"default\" data-shadow=\"large_depth\" data-autoplay=\"true\" data-autoplay-dur=\"\" data-free-scroll=\"\" data-controls=\"material_pagination\" data-desktop-columns=\"1\" data-small-desktop-columns=\"1\" data-tablet-columns=\"1\" data-phone-columns=\"1\"><div class=\"flickity-viewport\"> <div class=\"flickity-slider\"><div class=\"cell\" data-lazy=\"false\"><img decoding=\"async\" class=\"skip-lazy nectar-lazy\" src=\"https:\/\/modenafuturacreativa.it\/wp-content\/uploads\/2024\/10\/Urban-Video-Riprese-in-Tenda-600x450.jpg\" width=\"600\" height=\"450\" alt=\"Urban Video - Riprese in Tenda\" title=\"V\u00eddeo urbano - Rodar en una tienda de campa\u00f1a\" loading=\"lazy\" \/><a class=\"entire-slide-link\" aria-label=\"V\u00eddeo urbano - Rodar en una tienda de campa\u00f1a\"  href=\"https:\/\/modenafuturacreativa.it\/wp-content\/uploads\/2024\/10\/Urban-Video-Riprese-in-Tenda.jpg\"><\/a><\/div><div class=\"cell\" data-lazy=\"false\"><img decoding=\"async\" class=\"skip-lazy nectar-lazy\" src=\"https:\/\/modenafuturacreativa.it\/wp-content\/uploads\/2024\/10\/Urban-Video-Ciak-600x450.jpg\" width=\"600\" height=\"450\" alt=\"Urban Video - Ciak\" title=\"V\u00eddeo urbano - Ciak\" loading=\"lazy\" \/><a class=\"entire-slide-link\" aria-label=\"V\u00eddeo urbano - Ciak\"  href=\"https:\/\/modenafuturacreativa.it\/wp-content\/uploads\/2024\/10\/Urban-Video-Ciak.jpg\"><\/a><\/div><div class=\"cell\" data-lazy=\"false\"><img decoding=\"async\" class=\"skip-lazy nectar-lazy\" src=\"https:\/\/modenafuturacreativa.it\/wp-content\/uploads\/2024\/10\/Urban-Video-Docenti-e-studenti-2024-600x450.jpg\" width=\"600\" height=\"450\" alt=\"Urban Video - Docenti e studenti 2024\" title=\"V\u00eddeo urbano - Profesores y alumnos 2024\" loading=\"lazy\" \/><a class=\"entire-slide-link\" aria-label=\"V\u00eddeo urbano - Profesores y alumnos 2024\"  href=\"https:\/\/modenafuturacreativa.it\/wp-content\/uploads\/2024\/10\/Urban-Video-Docenti-e-studenti-2024.jpg\"><\/a><\/div><\/div><\/div><\/div><\/div>\n\t\t<\/div> \n\t<\/div> \n<div class=\"wpb_text_column wpb_content_element\" >\n\t<div id=\"parent-fieldname-description\">\n<div id=\"parent-fieldname-description\"><strong>Abierto a 8 j\u00f3venes, de entre 16 y 29 a\u00f1os, para aprender diferentes t\u00e9cnicas de dise\u00f1o, producci\u00f3n y distribuci\u00f3n de productos multimedia. Inscripci\u00f3n hasta el 9 de diciembre<\/strong><\/div>\n<div id=\"viewlet-above-content-body\"><\/div>\n<div id=\"content-core\">\n<div id=\"parent-fieldname-text\">\n<p>De nuevo en el Centro de la M\u00fasica, \"V\u00eddeo urbano\", el curso de formaci\u00f3n gratuito para j\u00f3venes videastas que deseen explorar las diferentes t\u00e9cnicas de creaci\u00f3n y difusi\u00f3n de productos audiovisuales y multimedia (realizaci\u00f3n, directo, espect\u00e1culo multimedia), as\u00ed como adquirir las competencias fundamentales para emprender una trayectoria profesional en el sector audiovisual.<\/p>\n<p>En su octava edici\u00f3n, \"Urban video\" est\u00e1 promovido por el Centro Musical de M\u00f3dena, en colaboraci\u00f3n con Easy Show Coop, y coordinado por Francesca Cappi y Federico Sigillo.<\/p>\n<p>El curso est\u00e1 abierto a 8 participantes y dise\u00f1ado para ponerlos en contacto con profesionales del sector. Los participantes podr\u00e1n aprender m\u00e1s sobre las herramientas y t\u00e9cnicas utilizadas por los videomakers, videoartistas y dise\u00f1adores de v\u00eddeo del sector, con una visi\u00f3n general de las t\u00e9cnicas de fotograf\u00eda, redacci\u00f3n y rodaje de v\u00eddeo, as\u00ed como de la escritura de guiones y el dise\u00f1o de contenidos. La novedad de este a\u00f1o es un m\u00f3dulo dedicado al uso de la Inteligencia Artificial en la creaci\u00f3n de contenidos visuales y audiovisuales, con una introducci\u00f3n a la automatizaci\u00f3n de la edici\u00f3n de v\u00eddeo y la generaci\u00f3n de im\u00e1genes.<\/p>\n<p>La duraci\u00f3n del curso es de 68 horas, que comprenden clases presenciales (18 horas); m\u00f3dulos de profundizaci\u00f3n que implican reuniones con expertos en la materia (32 horas); y pr\u00e1cticas (18 horas).<\/p>\n<p>\"V\u00eddeo urbano\" comenzar\u00e1 el 20 de enero de 2025 y finalizar\u00e1 el 11 de marzo. Las clases presenciales tendr\u00e1n lugar los lunes de 18.00 a 21.00 horas, mientras que las reuniones con expertos se celebrar\u00e1n los s\u00e1bados de 9.00 a 13.00 horas y de 14.00 a 18.00 horas, salvo que profesor y alumnos acuerden otra cosa. Las clases se impartir\u00e1n en los locales del Centro Musica_71MusicHub, Via Morandi 71 en M\u00f3dena.<\/p>\n<p>La participaci\u00f3n en el curso es gratuita. Hay un total de 8 plazas disponibles y el acceso se realiza a trav\u00e9s de una lista de clasificaci\u00f3n elaborada por un comit\u00e9 de expertos y operadores que identificar\u00e1n a los cursillistas sobre la base de una entrevista personal que se celebrar\u00e1 los d\u00edas 11 y 12 de diciembre de 2024 a distancia, previa notificaci\u00f3n por correo electr\u00f3nico con fecha, hora y enlace a la convocatoria.<\/p>\n<p>Para inscribirse, hay que residir o estar domiciliado en la provincia de M\u00f3dena y tener entre 16 y 29 a\u00f1os: las solicitudes deben recibirse antes de las 13.00 horas del 9 de diciembre de 2024 rellenando el formulario de inscripci\u00f3n disponible en el sitio web del Centro Musica en la direcci\u00f3n\u00a0<a href=\"http:\/\/www.musicplus.it\/\">www.musicplus.it<\/a>donde tambi\u00e9n podr\u00e1 descargar la convocatoria completa y consultar el programa completo del curso. Puede solicitar informaci\u00f3n y aclaraciones por correo electr\u00f3nico escribiendo a\u00a0<a href=\"mailto:info@easyshowcoop.it\">info@easyshowcoop.it<\/a>o poni\u00e9ndose en contacto con el Centro de M\u00fasica en\u00a0<a href=\"mailto:centro.musica@comune.modena.it\">centro.musica@comune.modena.it<\/a>\u00a0o llamando al 059 203 4810.<\/p>\n<\/div>\n<\/div>\n<\/div>\n<\/div>\n\n\n\n\n\t\t\t<\/div> \n\t\t<\/div>\n\t<\/div> \n<\/div><\/div>","protected":false},"excerpt":{"rendered":"Abierto a 8 j\u00f3venes, de entre 16 y 29 a\u00f1os, para aprender las diferentes t\u00e9cnicas de dise\u00f1o, producci\u00f3n y distribuci\u00f3n de productos multimedia. Inscripci\u00f3n hasta el 9 de diciembre Volver...","protected":false},"author":1,"featured_media":4046,"comment_status":"closed","ping_status":"closed","sticky":false,"template":"","format":"standard","meta":{"wpupg_custom_link":[],"wpupg_custom_link_behaviour":["default"],"wpupg_custom_link_nofollow":[],"wpupg_custom_image":[],"wpupg_custom_image_id":[],"footnotes":""},"categories":[475],"tags":[],"class_list":["post-4042","post","type-post","status-publish","format-standard","has-post-thumbnail","category-news"],"_links":{"self":[{"href":"https:\/\/modenafuturacreativa.it\/es\/wp-json\/wp\/v2\/posts\/4042","targetHints":{"allow":["GET"]}}],"collection":[{"href":"https:\/\/modenafuturacreativa.it\/es\/wp-json\/wp\/v2\/posts"}],"about":[{"href":"https:\/\/modenafuturacreativa.it\/es\/wp-json\/wp\/v2\/types\/post"}],"author":[{"embeddable":true,"href":"https:\/\/modenafuturacreativa.it\/es\/wp-json\/wp\/v2\/users\/1"}],"replies":[{"embeddable":true,"href":"https:\/\/modenafuturacreativa.it\/es\/wp-json\/wp\/v2\/comments?post=4042"}],"version-history":[{"count":2,"href":"https:\/\/modenafuturacreativa.it\/es\/wp-json\/wp\/v2\/posts\/4042\/revisions"}],"predecessor-version":[{"id":4048,"href":"https:\/\/modenafuturacreativa.it\/es\/wp-json\/wp\/v2\/posts\/4042\/revisions\/4048"}],"wp:featuredmedia":[{"embeddable":true,"href":"https:\/\/modenafuturacreativa.it\/es\/wp-json\/wp\/v2\/media\/4046"}],"wp:attachment":[{"href":"https:\/\/modenafuturacreativa.it\/es\/wp-json\/wp\/v2\/media?parent=4042"}],"wp:term":[{"taxonomy":"category","embeddable":true,"href":"https:\/\/modenafuturacreativa.it\/es\/wp-json\/wp\/v2\/categories?post=4042"},{"taxonomy":"post_tag","embeddable":true,"href":"https:\/\/modenafuturacreativa.it\/es\/wp-json\/wp\/v2\/tags?post=4042"}],"curies":[{"name":"wp","href":"https:\/\/api.w.org\/{rel}","templated":true}]}}