{"id":4028,"date":"2024-10-16T15:36:14","date_gmt":"2024-10-16T13:36:14","guid":{"rendered":"https:\/\/modenafuturacreativa.it\/?p=4028"},"modified":"2025-03-21T14:18:25","modified_gmt":"2025-03-21T13:18:25","slug":"il-quartiere-san-faustino-in-mostra-con-sguardi-civici","status":"publish","type":"post","link":"https:\/\/modenafuturacreativa.it\/es\/il-quartiere-san-faustino-in-mostra-con-sguardi-civici\/","title":{"rendered":"EL BARRIO DE SAN FAUSTINO SE EXHIBE CON 'MIRADAS C\u00cdVICAS"},"content":{"rendered":"<div id=\"fws_6a9b7becc02d9\"  data-column-margin=\"60px\" data-midnight=\"dark\"  class=\"wpb_row vc_row-fluid vc_row\"  style=\"padding-top: 0px; padding-bottom: 0px; \"><div class=\"row-bg-wrap\" data-bg-animation=\"none\" data-bg-animation-delay=\"\" data-bg-overlay=\"false\"><div class=\"inner-wrap row-bg-layer\" ><div class=\"row-bg viewport-desktop\"  style=\"\"><\/div><\/div><\/div><div class=\"row_col_wrap_12 col span_12 dark left\">\n\t<div  class=\"vc_col-sm-12 wpb_column column_container vc_column_container col no-extra-padding inherit_tablet inherit_phone\"  data-padding-pos=\"all\" data-has-bg-color=\"false\" data-bg-color=\"\" data-bg-opacity=\"1\" data-animation=\"\" data-delay=\"0\" >\n\t\t<div class=\"vc_column-inner\" >\n\t\t\t<div class=\"wpb_wrapper\">\n\t\t\t\t\n<div class=\"wpb_text_column wpb_content_element\" >\n\t<div id=\"parent-fieldname-description\"><strong>El viernes 18 de octubre, a las 17.00 horas, en Direzionale 70, inauguraci\u00f3n de la exposici\u00f3n fotogr\u00e1fica que combina la historia de los \u00e1lbumes familiares con im\u00e1genes tomadas en la actualidad por tres fot\u00f3grafas<\/strong><\/div>\n<div id=\"viewlet-above-content-body\"><\/div>\n<div id=\"content-core\">\n<div id=\"parent-fieldname-text\">\n<p>Fotograf\u00edas de \u00e1lbumes familiares que cuentan la historia del barrio de San Faustino e im\u00e1genes tomadas por tres profesionales que describen c\u00f3mo es hoy componen la exposici\u00f3n \"Sguardi civici\" (Miradas c\u00edvicas), que se inaugura el viernes 18 de octubre, a las 17.00 horas, en la Direzionale 70 de M\u00f3dena 8in via Giardini 474).<\/p>\n<p>La exposici\u00f3n, que tiene lugar \"al aire libre\" en los espacios de la primera planta de la Direzionale y en la Terraza Franco Cosimo Panini y puede visitarse hasta el 18 de enero, muestra fotos hist\u00f3ricas procedentes de diversos fondos y archivos e im\u00e1genes tomadas por los vecinos que han participado en el proyecto enviando sus fotos familiares para contar la historia de la transformaci\u00f3n del barrio de San Faustino, en el suroeste de la ciudad, que creci\u00f3 en torno a Via Giardini, fuera de lo que era Porta San Francesco a principios del siglo XX, y que con los a\u00f1os tambi\u00e9n ha visto nacer edificios futuristas como la Direzionale 70 y el complejo Modena Due.<\/p>\n<p>Completan la exposici\u00f3n im\u00e1genes del barrio tal y como es hoy tomadas durante el verano por Chiara Fossati, Barbara Rossi y Martina Simonato, las tres fot\u00f3grafas ganadoras de la selecci\u00f3n convocada por el ayuntamiento en el marco del proyecto \"Media Arts\", apoyado por la Fondazione di Modena.<\/p>\n<p>La exposici\u00f3n, realizada en colaboraci\u00f3n con la Polisportiva San Faustino, forma parte del proyecto \"Sguardi Civici\", promovido por el Ayuntamiento en colaboraci\u00f3n con la Biblioteca civica di arte e architettura Luigi Poletti (Biblioteca c\u00edvica de arte y arquitectura Luigi Poletti), el Archivo Hist\u00f3rico y la Fondazione Modena Arti Visive (Fundaci\u00f3n Modena Artes Visuales) en el marco de las actividades de Modena Citt\u00e0 Creativa Unesco para las Artes Medi\u00e1ticas, con el patrocinio de la Regi\u00f3n Emilia-Roma\u00f1a.<\/p>\n<p>Se trata de un proyecto destinado a realizar un estudio hist\u00f3rico, etnogr\u00e1fico y fotogr\u00e1fico de los barrios para componer un mapa de la ciudad a lo largo del tiempo, trabajando en el doble plano de la historia urbana y las artes medi\u00e1ticas.<\/p>\n<p>El primer cap\u00edtulo de \"Miradas c\u00edvicas\" se centr\u00f3 en el centro hist\u00f3rico de la ciudad, con un mapa digital de m\u00e1s de dos mil im\u00e1genes, resultado de las fotograf\u00edas tomadas por Paolo Monti en 1973, en l\u00ednea en la plataforma\u00a0<a href=\"https:\/\/monti.comune.modena.it\/\">https:\/\/monti.comune.modena.it<\/a>.<\/p>\n<\/div>\n<\/div>\n<\/div>\n\n\n\n\n\t\t\t<\/div> \n\t\t<\/div>\n\t<\/div> \n<\/div><\/div>","protected":false},"excerpt":{"rendered":"El viernes 18 de octubre, a las 17.00 horas, en Direzionale 70, inauguraci\u00f3n de la exposici\u00f3n fotogr\u00e1fica que combina la historia de los \u00e1lbumes familiares con im\u00e1genes tomadas hoy por tres fot\u00f3grafas Fotograf\u00edas de los \u00e1lbumes...","protected":false},"author":1,"featured_media":4002,"comment_status":"closed","ping_status":"closed","sticky":false,"template":"","format":"standard","meta":{"wpupg_custom_link":[],"wpupg_custom_link_behaviour":["default"],"wpupg_custom_link_nofollow":[],"wpupg_custom_image":[],"wpupg_custom_image_id":[],"footnotes":""},"categories":[475],"tags":[],"class_list":["post-4028","post","type-post","status-publish","format-standard","has-post-thumbnail","category-news"],"_links":{"self":[{"href":"https:\/\/modenafuturacreativa.it\/es\/wp-json\/wp\/v2\/posts\/4028","targetHints":{"allow":["GET"]}}],"collection":[{"href":"https:\/\/modenafuturacreativa.it\/es\/wp-json\/wp\/v2\/posts"}],"about":[{"href":"https:\/\/modenafuturacreativa.it\/es\/wp-json\/wp\/v2\/types\/post"}],"author":[{"embeddable":true,"href":"https:\/\/modenafuturacreativa.it\/es\/wp-json\/wp\/v2\/users\/1"}],"replies":[{"embeddable":true,"href":"https:\/\/modenafuturacreativa.it\/es\/wp-json\/wp\/v2\/comments?post=4028"}],"version-history":[{"count":1,"href":"https:\/\/modenafuturacreativa.it\/es\/wp-json\/wp\/v2\/posts\/4028\/revisions"}],"predecessor-version":[{"id":4029,"href":"https:\/\/modenafuturacreativa.it\/es\/wp-json\/wp\/v2\/posts\/4028\/revisions\/4029"}],"wp:featuredmedia":[{"embeddable":true,"href":"https:\/\/modenafuturacreativa.it\/es\/wp-json\/wp\/v2\/media\/4002"}],"wp:attachment":[{"href":"https:\/\/modenafuturacreativa.it\/es\/wp-json\/wp\/v2\/media?parent=4028"}],"wp:term":[{"taxonomy":"category","embeddable":true,"href":"https:\/\/modenafuturacreativa.it\/es\/wp-json\/wp\/v2\/categories?post=4028"},{"taxonomy":"post_tag","embeddable":true,"href":"https:\/\/modenafuturacreativa.it\/es\/wp-json\/wp\/v2\/tags?post=4028"}],"curies":[{"name":"wp","href":"https:\/\/api.w.org\/{rel}","templated":true}]}}