{"id":3961,"date":"2024-09-18T16:58:14","date_gmt":"2024-09-18T14:58:14","guid":{"rendered":"https:\/\/modenafuturacreativa.it\/?p=3961"},"modified":"2025-03-21T14:18:25","modified_gmt":"2025-03-21T13:18:25","slug":"san-cataldo-un-riconoscimento-monumentale","status":"publish","type":"post","link":"https:\/\/modenafuturacreativa.it\/es\/san-cataldo-un-riconoscimento-monumentale\/","title":{"rendered":"SAN CATALDO, UN RECONOCIMIENTO \"MONUMENTAL"},"content":{"rendered":"<div id=\"fws_6a9b7c625523a\"  data-column-margin=\"60px\" data-midnight=\"dark\"  class=\"wpb_row vc_row-fluid vc_row\"  style=\"padding-top: 0px; padding-bottom: 0px; \"><div class=\"row-bg-wrap\" data-bg-animation=\"none\" data-bg-animation-delay=\"\" data-bg-overlay=\"false\"><div class=\"inner-wrap row-bg-layer\" ><div class=\"row-bg viewport-desktop\"  style=\"\"><\/div><\/div><\/div><div class=\"row_col_wrap_12 col span_12 dark left\">\n\t<div  class=\"vc_col-sm-12 wpb_column column_container vc_column_container col no-extra-padding inherit_tablet inherit_phone\"  data-padding-pos=\"all\" data-has-bg-color=\"false\" data-bg-color=\"\" data-bg-opacity=\"1\" data-animation=\"\" data-delay=\"0\" >\n\t\t<div class=\"vc_column-inner\" >\n\t\t\t<div class=\"wpb_wrapper\">\n\t\t\t\t\n<div class=\"wpb_text_column wpb_content_element\" >\n\t<p><strong>De la Regi\u00f3n la marca que certifica el car\u00e1cter hist\u00f3rico-art\u00edstico del cementerio de M\u00f3dena. Las contribuciones para un itinerario de visita multimedia tambi\u00e9n est\u00e1n en camino <\/strong><\/p>\n<p>Reconocimiento del valor \"monumental\" y contribuci\u00f3n de 7.600 euros para la creaci\u00f3n de una audiogu\u00eda especial. Estos son los dos objetivos conseguidos por el Ayuntamiento de M\u00f3dena para el cementerio de San Cataldo mediante la participaci\u00f3n en la licitaci\u00f3n regional dedicada a la valorizaci\u00f3n de los cementerios hist\u00f3ricos y monumentales de Emilia-Roma\u00f1a.<\/p>\n<p>Dirigida a cementerios con caracter\u00edsticas hist\u00f3rico-art\u00edsticas y actividades de fruici\u00f3n ya en marcha, la convocatoria, en su segunda edici\u00f3n, ofrec\u00eda la posibilidad de solicitar el reconocimiento como conjunto \"monumental\" y, por tanto, una vez obtenido, tambi\u00e9n una contribuci\u00f3n para apoyar una acci\u00f3n de valorizaci\u00f3n a ejecutar en el plazo de un a\u00f1o. Resultados plenos para el municipio, que en su primera participaci\u00f3n no s\u00f3lo obtuvo el reconocimiento, sino tambi\u00e9n el primer puesto en la clasificaci\u00f3n de proyectos financiados (puntuaci\u00f3n de 85\/100 sobre 23 organizaciones participantes).<\/p>\n<p>El t\u00edtulo del proyecto, que recuerda al desarrollado por los arquitectos Rossi-Braghieri, es \"La ciudad de los vivos y la ciudad de los muertos: un itinerario con auriculares en el cementerio de M\u00f3dena\" y se refiere a la creaci\u00f3n de una audiogu\u00eda que puede activarse en los tel\u00e9fonos inteligentes mediante un c\u00f3digo QR. Acompa\u00f1ados de un mapa digital interactivo, los visitantes podr\u00e1n localizar las estaciones del itinerario en las que podr\u00e1n activar archivos de audio individuales, leer una ficha descriptiva y consultar documentaci\u00f3n de archivo. Durante m\u00e1s de una hora, les guiar\u00e1n, a trav\u00e9s de mon\u00f3logos grabados por actores, las voces ilustres y comunes de los \"habitantes\" del cementerio, es decir, las mujeres y los hombres all\u00ed enterrados, testigos de la historia grande y cotidiana de la ciudad.<\/p>\n<p>Andrea Bortolamasi, Concejal de Cultura, ha declarado: \"El Ayuntamiento mantiene su compromiso de proteger y valorizar el cementerio de San Cataldo, que representa un patrimonio arquitect\u00f3nico \u00fanico. Utilizando distintos lenguajes culturales y explotando elementos de car\u00e1cter tecnol\u00f3gico, el proyecto se inscribe tambi\u00e9n en el marco de la ciudad creativa de la Unesco para las artes medi\u00e1ticas, combinando recuerdos, historia e innovaci\u00f3n\".<br \/>\nEn concreto, personalidades como Enzo Ferrari, la actriz Virginia Reiter o el gimnasta ol\u00edmpico Alberto Braglia narrar\u00e1n la parte hist\u00f3rica del cementerio construida por Cesare Costa a mediados del siglo XIX, mientras que las historias de ciudadanos de a pie se cruzar\u00e1n con las visionarias y constructivas de la parte moderna del recinto dise\u00f1ada por Aldo Rossi y Gianni Braghieri entre las d\u00e9cadas de 1970 y 1980. Se prestar\u00e1 especial atenci\u00f3n a los aspectos sonoros de la audiogu\u00eda, para la que se compondr\u00e1 m\u00fasica original que acompa\u00f1e el itinerario.<\/p>\n<p>Planificado por el sector de Cultura del Ayuntamiento, en el marco del programa Modena Unesco Creative City for Media Arts, el proyecto tiene por objeto promover y seguir fomentando el uso de un lugar de gran densidad hist\u00f3rica y art\u00edstica mediante la combinaci\u00f3n de conocimientos tradicionales y lenguajes multimedia. El coste total del proyecto asciende a 9.500 euros, de los cuales 7.600 se financiar\u00e1n con contribuciones regionales y 1.900 con recursos del Ayuntamiento.<\/p>\n<p>El cementerio de San Cataldo entra as\u00ed oficialmente entre los 31 cementerios monumentales e hist\u00f3ricos reconocidos por la Regi\u00f3n de Emilia-Roma\u00f1a, de los cuales nueve en la edici\u00f3n de 2024 y 22 en la primera edici\u00f3n de la convocatoria especial, desarrollada en el marco de la ley regional que promueve el reconocimiento, la valorizaci\u00f3n y el apoyo de estos lugares. La ceremonia de entrega de premios a las entidades est\u00e1 prevista para finales de septiembre, mientras que para finales de a\u00f1o est\u00e1 previsto presentar al p\u00fablico la nueva audiogu\u00eda, con visitas guiadas especiales e incursiones en el teatro y la danza.<\/p>\n<\/div>\n\n\n\n\n\t\t\t<\/div> \n\t\t<\/div>\n\t<\/div> \n<\/div><\/div>","protected":false},"excerpt":{"rendered":"De la Regi\u00f3n la marca que certifica el car\u00e1cter hist\u00f3rico-art\u00edstico del cementerio de M\u00f3dena. Tambi\u00e9n est\u00e1n en camino las contribuciones para un itinerario de visita multimedia Reconocimiento del valor \"monumental\" y una contribuci\u00f3n...","protected":false},"author":1,"featured_media":3962,"comment_status":"closed","ping_status":"closed","sticky":false,"template":"","format":"standard","meta":{"wpupg_custom_link":[],"wpupg_custom_link_behaviour":["default"],"wpupg_custom_link_nofollow":[],"wpupg_custom_image":[],"wpupg_custom_image_id":[],"footnotes":""},"categories":[475],"tags":[],"class_list":["post-3961","post","type-post","status-publish","format-standard","has-post-thumbnail","category-news"],"_links":{"self":[{"href":"https:\/\/modenafuturacreativa.it\/es\/wp-json\/wp\/v2\/posts\/3961","targetHints":{"allow":["GET"]}}],"collection":[{"href":"https:\/\/modenafuturacreativa.it\/es\/wp-json\/wp\/v2\/posts"}],"about":[{"href":"https:\/\/modenafuturacreativa.it\/es\/wp-json\/wp\/v2\/types\/post"}],"author":[{"embeddable":true,"href":"https:\/\/modenafuturacreativa.it\/es\/wp-json\/wp\/v2\/users\/1"}],"replies":[{"embeddable":true,"href":"https:\/\/modenafuturacreativa.it\/es\/wp-json\/wp\/v2\/comments?post=3961"}],"version-history":[{"count":1,"href":"https:\/\/modenafuturacreativa.it\/es\/wp-json\/wp\/v2\/posts\/3961\/revisions"}],"predecessor-version":[{"id":3963,"href":"https:\/\/modenafuturacreativa.it\/es\/wp-json\/wp\/v2\/posts\/3961\/revisions\/3963"}],"wp:featuredmedia":[{"embeddable":true,"href":"https:\/\/modenafuturacreativa.it\/es\/wp-json\/wp\/v2\/media\/3962"}],"wp:attachment":[{"href":"https:\/\/modenafuturacreativa.it\/es\/wp-json\/wp\/v2\/media?parent=3961"}],"wp:term":[{"taxonomy":"category","embeddable":true,"href":"https:\/\/modenafuturacreativa.it\/es\/wp-json\/wp\/v2\/categories?post=3961"},{"taxonomy":"post_tag","embeddable":true,"href":"https:\/\/modenafuturacreativa.it\/es\/wp-json\/wp\/v2\/tags?post=3961"}],"curies":[{"name":"wp","href":"https:\/\/api.w.org\/{rel}","templated":true}]}}