{"id":3952,"date":"2024-09-10T17:53:08","date_gmt":"2024-09-10T15:53:08","guid":{"rendered":"https:\/\/modenafuturacreativa.it\/?p=3952"},"modified":"2025-03-21T14:18:25","modified_gmt":"2025-03-21T13:18:25","slug":"al-comunale-piu-efficienza-energetica-e-innovazioni-digitali","status":"publish","type":"post","link":"https:\/\/modenafuturacreativa.it\/es\/al-comunale-piu-efficienza-energetica-e-innovazioni-digitali\/","title":{"rendered":"EL MUNICIPIO M\u00c1S EFICIENCIA ENERG\u00c9TICA E INNOVACIONES DIGITALES"},"content":{"rendered":"<div id=\"fws_6a9b7b8999743\"  data-column-margin=\"60px\" data-midnight=\"dark\"  class=\"wpb_row vc_row-fluid vc_row\"  style=\"padding-top: 0px; padding-bottom: 0px; \"><div class=\"row-bg-wrap\" data-bg-animation=\"none\" data-bg-animation-delay=\"\" data-bg-overlay=\"false\"><div class=\"inner-wrap row-bg-layer\" ><div class=\"row-bg viewport-desktop\"  style=\"\"><\/div><\/div><\/div><div class=\"row_col_wrap_12 col span_12 dark left\">\n\t<div  class=\"vc_col-sm-12 wpb_column column_container vc_column_container col no-extra-padding inherit_tablet inherit_phone\"  data-padding-pos=\"all\" data-has-bg-color=\"false\" data-bg-color=\"\" data-bg-opacity=\"1\" data-animation=\"\" data-delay=\"0\" >\n\t\t<div class=\"vc_column-inner\" >\n\t\t\t<div class=\"wpb_wrapper\">\n\t\t\t\t\n<div class=\"wpb_text_column wpb_content_element\" >\n\t<div id=\"parent-fieldname-description\" class=\"documentDescription\">\n<div id=\"parent-fieldname-description\" class=\"documentDescription\">\n<div id=\"parent-fieldname-description\" class=\"documentDescription\">\n<div id=\"parent-fieldname-description\" class=\"documentDescription\"><strong>Variaci\u00f3n presupuestaria en el ayuntamiento para presentar un proyecto de 640.000 euros para el Teatro Pavarotti Freni a la convocatoria regional de inversiones en artes esc\u00e9nicas<\/strong><\/div>\n<div id=\"viewlet-above-content-body\"><\/div>\n<div id=\"content-core\">\n<div id=\"parent-fieldname-text\" class=\"plain\">\n<p>Hacer que el Teatro Municipal de M\u00f3dena, que lleva el nombre de Luciano Pavarotti y Mirella Freni, sea m\u00e1s eficiente desde el punto de vista energ\u00e9tico y est\u00e9 dotado de innovaciones tecnol\u00f3gicas para mejorar las prestaciones de v\u00eddeo y audio en las transmisiones digitales. Este es el objetivo del proyecto que el Ayuntamiento presenta, por un valor total de 640.000 euros, a la licitaci\u00f3n de la Regi\u00f3n de Emilia-Roma\u00f1a para inversiones en el sector del espect\u00e1culo (Ley 13 de 1999) en el bienio 2025-2026.<\/p>\n<p>La aportaci\u00f3n regional puede ser de un m\u00e1ximo de 500.000 euros, por lo que el ayuntamiento se compromete a cofinanciar 140.000 euros, pero para cumplir con<\/p>\n<p>la fecha l\u00edmite del 10 de septiembre para presentar la solicitud requiere una variaci\u00f3n presupuestaria, con procedimiento de urgencia, aprobada el mi\u00e9rcoles 4 de septiembre por el consejo municipal, a propuesta del concejal de presupuestos Vittorio Molinari. La variaci\u00f3n, la sexta en 2024, deber\u00e1 ser ratificada por el consejo municipal.<\/p>\n<p>En la misma reuni\u00f3n del consejo se aprob\u00f3 tambi\u00e9n el proyecto ejecutivo de la intervenci\u00f3n, a propuesta del consejero de Obras P\u00fablicas Giulio Guerzoni, que prev\u00e9, para reducir el consumo energ\u00e9tico, la sustituci\u00f3n de las carpinter\u00edas interiores y exteriores de las ventanas all\u00ed donde se hayan deteriorado y resulten ineficaces, especialmente en la zona de los camerinos, pero tambi\u00e9n en los suelos de las distintas gradas de palcos y en la zona de oficinas, donde se volver\u00e1n a instalar las persianas retiradas hace a\u00f1os; tambi\u00e9n se sustituir\u00e1n los proyectores hal\u00f3genos del escenario por proyectores LED.<\/p>\n<p>Las innovaciones tecnol\u00f3gicas consistir\u00e1n en la sustituci\u00f3n e integraci\u00f3n de equipos que permitan la transici\u00f3n a un sistema de distribuci\u00f3n de se\u00f1ales de v\u00eddeo totalmente digital, de modo que sea posible la interconexi\u00f3n para el streaming digital y el trabajo esc\u00e9nico. Tambi\u00e9n se sustituir\u00e1n los mezcladores de audio por equipos de \u00faltima generaci\u00f3n que mejoren el rendimiento y reduzcan el consumo de energ\u00eda.<\/p>\n<p>La innovaci\u00f3n tecnol\u00f3gica y la adaptaci\u00f3n de la estructura en la direcci\u00f3n de la sostenibilidad medioambiental, la digitalizaci\u00f3n y la automatizaci\u00f3n de los movimientos esc\u00e9nicos es un cap\u00edtulo en el que el Teatro Municipal lleva tiempo trabajando para mejorar su capacidad y la calidad de su oferta, que ya ha comenzado con dos proyectos previos, uno con financiaci\u00f3n auton\u00f3mica, en 2018, y otro con financiaci\u00f3n Pnrr en 2022. Los proyectos anteriores han permitido, entre otras modernizaciones, la renovaci\u00f3n de la celos\u00eda y la sustituci\u00f3n de las luminarias del auditorio y las oficinas por luces LED.<\/p>\n<\/div>\n<\/div>\n<\/div>\n<\/div>\n<\/div>\n<\/div>\n\n\n\n\n\t\t\t<\/div> \n\t\t<\/div>\n\t<\/div> \n<\/div><\/div>","protected":false},"excerpt":{"rendered":"Variaci\u00f3n presupuestaria en el ayuntamiento para presentar un proyecto de 640.000 euros para el Teatro Pavarotti Freni a la convocatoria regional de inversiones en artes esc\u00e9nicas Realizaci\u00f3n del teatro municipal...","protected":false},"author":1,"featured_media":3953,"comment_status":"closed","ping_status":"closed","sticky":false,"template":"","format":"standard","meta":{"wpupg_custom_link":[],"wpupg_custom_link_behaviour":["default"],"wpupg_custom_link_nofollow":[],"wpupg_custom_image":[],"wpupg_custom_image_id":[],"footnotes":""},"categories":[475],"tags":[],"class_list":["post-3952","post","type-post","status-publish","format-standard","has-post-thumbnail","category-news"],"_links":{"self":[{"href":"https:\/\/modenafuturacreativa.it\/es\/wp-json\/wp\/v2\/posts\/3952","targetHints":{"allow":["GET"]}}],"collection":[{"href":"https:\/\/modenafuturacreativa.it\/es\/wp-json\/wp\/v2\/posts"}],"about":[{"href":"https:\/\/modenafuturacreativa.it\/es\/wp-json\/wp\/v2\/types\/post"}],"author":[{"embeddable":true,"href":"https:\/\/modenafuturacreativa.it\/es\/wp-json\/wp\/v2\/users\/1"}],"replies":[{"embeddable":true,"href":"https:\/\/modenafuturacreativa.it\/es\/wp-json\/wp\/v2\/comments?post=3952"}],"version-history":[{"count":1,"href":"https:\/\/modenafuturacreativa.it\/es\/wp-json\/wp\/v2\/posts\/3952\/revisions"}],"predecessor-version":[{"id":3954,"href":"https:\/\/modenafuturacreativa.it\/es\/wp-json\/wp\/v2\/posts\/3952\/revisions\/3954"}],"wp:featuredmedia":[{"embeddable":true,"href":"https:\/\/modenafuturacreativa.it\/es\/wp-json\/wp\/v2\/media\/3953"}],"wp:attachment":[{"href":"https:\/\/modenafuturacreativa.it\/es\/wp-json\/wp\/v2\/media?parent=3952"}],"wp:term":[{"taxonomy":"category","embeddable":true,"href":"https:\/\/modenafuturacreativa.it\/es\/wp-json\/wp\/v2\/categories?post=3952"},{"taxonomy":"post_tag","embeddable":true,"href":"https:\/\/modenafuturacreativa.it\/es\/wp-json\/wp\/v2\/tags?post=3952"}],"curies":[{"name":"wp","href":"https:\/\/api.w.org\/{rel}","templated":true}]}}