{"id":3901,"date":"2024-08-12T11:57:08","date_gmt":"2024-08-12T09:57:08","guid":{"rendered":"https:\/\/modenafuturacreativa.it\/?p=3901"},"modified":"2025-03-21T14:18:25","modified_gmt":"2025-03-21T13:18:25","slug":"larchitettura-nel-festival-costruire-la-citta-degli-alberi","status":"publish","type":"post","link":"https:\/\/modenafuturacreativa.it\/es\/larchitettura-nel-festival-costruire-la-citta-degli-alberi\/","title":{"rendered":"FESTIVAL DE LOS \u00c1RBOLES \"CONSTRUYENDO LA CIUDAD DE LOS \u00c1RBOLES"},"content":{"rendered":"<div id=\"fws_6a9b7beba291d\"  data-column-margin=\"60px\" data-midnight=\"dark\"  class=\"wpb_row vc_row-fluid vc_row\"  style=\"padding-top: 0px; padding-bottom: 0px; \"><div class=\"row-bg-wrap\" data-bg-animation=\"none\" data-bg-animation-delay=\"\" data-bg-overlay=\"false\"><div class=\"inner-wrap row-bg-layer\" ><div class=\"row-bg viewport-desktop\"  style=\"\"><\/div><\/div><\/div><div class=\"row_col_wrap_12 col span_12 dark left\">\n\t<div  class=\"vc_col-sm-12 wpb_column column_container vc_column_container col no-extra-padding inherit_tablet inherit_phone\"  data-padding-pos=\"all\" data-has-bg-color=\"false\" data-bg-color=\"\" data-bg-opacity=\"1\" data-animation=\"\" data-delay=\"0\" >\n\t\t<div class=\"vc_column-inner\" >\n\t\t\t<div class=\"wpb_wrapper\">\n\t\t\t\t\n<div class=\"wpb_text_column wpb_content_element\" >\n\t<div id=\"parent-fieldname-description\" class=\"documentDescription\">\n<div id=\"parent-fieldname-description\" class=\"documentDescription\">\n<div id=\"parent-fieldname-description\" class=\"documentDescription\"><strong>M\u00e1s de 100.000 euros del Ministerio de Cultura para la iniciativa municipal inspirada en la obra de Cesare Leonardi y que se celebrar\u00e1 en la Aldea de los Artesanos.<\/strong><\/div>\n<div id=\"viewlet-above-content-body\"><\/div>\n<div id=\"content-core\">\n<div id=\"parent-fieldname-text\" class=\"plain\">\n<p>Inspirado en los proyectos y dibujos de los arquitectos Cesare Leonardi y Franca Stagi, el festival \"Construir la ciudad de los \u00e1rboles\", para el que el Ayuntamiento de M\u00f3dena ha obtenido una financiaci\u00f3n de 106.900 euros de la Direcci\u00f3n General de Creatividad Contempor\u00e1nea del Ministerio de Cultura en el marco de la convocatoria de festivales de arquitectura para promover la arquitectura italiana contempor\u00e1nea.<\/p>\n<p>El proyecto presentado por el municipio (que obtuvo una puntuaci\u00f3n total de 96\/100) se articula en torno a la idea de que los \u00e1rboles pueden ser una herramienta a trav\u00e9s de la cual investigar y reorganizar la ciudad contempor\u00e1nea y se inspira en los veinte a\u00f1os de trabajo de investigaci\u00f3n de los arquitectos modeneses Leonardi y Stagi sobre el dise\u00f1o de parques y zonas verdes urbanas, que dieron lugar al volumen de 1982 \"L'architettura degli alberi\" (La arquitectura de los \u00e1rboles), que se ha convertido en un manual de referencia para el dise\u00f1o paisaj\u00edstico a escala internacional.<\/p>\n<p>El Pueblo de los Artesanos y el Archivo Leonardi ser\u00e1n, por tanto, el escenario de \"Construir la ciudad de los \u00e1rboles\", programada del 7 al 13 de abril de 2025 pero con preestrenos ya en oto\u00f1o: la casa-estudio del arquitecto, los talleres de los artesanos, espacios en desuso, patios industriales y la nueva Diagonal Verde se convertir\u00e1n durante una semana en sede de conferencias, exposiciones con material de archivo, instalaciones multimedia, itinerarios y visitas guiadas, talleres para ni\u00f1os y adultos.<\/p>\n<p>El festival est\u00e1 organizado en colaboraci\u00f3n con la Fundaci\u00f3n Leonardi y en asociaci\u00f3n con Amigdala, la Regi\u00f3n Emilia Romagna, UniMoRe, el Ayuntamiento de Vignola, La Ciudad de los \u00c1rboles de Bosco Albergati, Italia Nostra \/ Bosco in citt\u00e0. Los socios y colaboradores son las asociaciones Fuse*, Bunker, LazyDog press, AlberItalia, la asociaci\u00f3n Gellner y el Rotary Club. El socio internacional es la ciudad alemana de Karlsruhe, que, al igual que M\u00f3dena, forma parte del grupo de Ciudades Creativas de la Unesco para las Artes Audiovisuales y acoger\u00e1 una exposici\u00f3n itinerante relacionada con el Festival. Los patrocinadores internacionales son la red de las 24 Ciudades Creativas de la Unesco para las Artes Audiovisuales, el Royal College of Art de Londres, la Universidad de Northampton, Transparadiso de Viena, Kunstverein Rosa Luxemburg de Berl\u00edn y Home For Cooperation (H4C) de Chipre.<\/p>\n<\/div>\n<\/div>\n<\/div>\n<\/div>\n<\/div>\n\n\n\n\n\t\t\t<\/div> \n\t\t<\/div>\n\t<\/div> \n<\/div><\/div>","protected":false},"excerpt":{"rendered":"El Ministerio de Cultura concede una subvenci\u00f3n de m\u00e1s de 100.000 euros para la iniciativa municipal inspirada en la obra de Cesare Leonardi y que se celebrar\u00e1 en la Aldea Artesanal S\u00ed...","protected":false},"author":1,"featured_media":3902,"comment_status":"closed","ping_status":"closed","sticky":false,"template":"","format":"standard","meta":{"wpupg_custom_link":[],"wpupg_custom_link_behaviour":["default"],"wpupg_custom_link_nofollow":[],"wpupg_custom_image":[],"wpupg_custom_image_id":[],"footnotes":""},"categories":[475],"tags":[],"class_list":["post-3901","post","type-post","status-publish","format-standard","has-post-thumbnail","category-news"],"_links":{"self":[{"href":"https:\/\/modenafuturacreativa.it\/es\/wp-json\/wp\/v2\/posts\/3901","targetHints":{"allow":["GET"]}}],"collection":[{"href":"https:\/\/modenafuturacreativa.it\/es\/wp-json\/wp\/v2\/posts"}],"about":[{"href":"https:\/\/modenafuturacreativa.it\/es\/wp-json\/wp\/v2\/types\/post"}],"author":[{"embeddable":true,"href":"https:\/\/modenafuturacreativa.it\/es\/wp-json\/wp\/v2\/users\/1"}],"replies":[{"embeddable":true,"href":"https:\/\/modenafuturacreativa.it\/es\/wp-json\/wp\/v2\/comments?post=3901"}],"version-history":[{"count":2,"href":"https:\/\/modenafuturacreativa.it\/es\/wp-json\/wp\/v2\/posts\/3901\/revisions"}],"predecessor-version":[{"id":3906,"href":"https:\/\/modenafuturacreativa.it\/es\/wp-json\/wp\/v2\/posts\/3901\/revisions\/3906"}],"wp:featuredmedia":[{"embeddable":true,"href":"https:\/\/modenafuturacreativa.it\/es\/wp-json\/wp\/v2\/media\/3902"}],"wp:attachment":[{"href":"https:\/\/modenafuturacreativa.it\/es\/wp-json\/wp\/v2\/media?parent=3901"}],"wp:term":[{"taxonomy":"category","embeddable":true,"href":"https:\/\/modenafuturacreativa.it\/es\/wp-json\/wp\/v2\/categories?post=3901"},{"taxonomy":"post_tag","embeddable":true,"href":"https:\/\/modenafuturacreativa.it\/es\/wp-json\/wp\/v2\/tags?post=3901"}],"curies":[{"name":"wp","href":"https:\/\/api.w.org\/{rel}","templated":true}]}}