{"id":3811,"date":"2024-07-23T16:19:18","date_gmt":"2024-07-23T14:19:18","guid":{"rendered":"https:\/\/modenafuturacreativa.it\/?p=3811"},"modified":"2025-03-21T14:18:25","modified_gmt":"2025-03-21T13:18:25","slug":"smart-life-festival-2-talk-eventi-e-performance","status":"publish","type":"post","link":"https:\/\/modenafuturacreativa.it\/es\/smart-life-festival-2-talk-eventi-e-performance\/","title":{"rendered":"SMART LIFE FESTIVAL \/ 2 - CONFERENCIAS, ACTOS Y ACTUACIONES"},"content":{"rendered":"<div id=\"fws_6a9b7c7313584\"  data-column-margin=\"60px\" data-midnight=\"dark\"  class=\"wpb_row vc_row-fluid vc_row\"  style=\"padding-top: 0px; padding-bottom: 0px; \"><div class=\"row-bg-wrap\" data-bg-animation=\"none\" data-bg-animation-delay=\"\" data-bg-overlay=\"false\"><div class=\"inner-wrap row-bg-layer\" ><div class=\"row-bg viewport-desktop\"  style=\"\"><\/div><\/div><\/div><div class=\"row_col_wrap_12 col span_12 dark left\">\n\t<div  class=\"vc_col-sm-12 wpb_column column_container vc_column_container col no-extra-padding inherit_tablet inherit_phone\"  data-padding-pos=\"all\" data-has-bg-color=\"false\" data-bg-color=\"\" data-bg-opacity=\"1\" data-animation=\"\" data-delay=\"0\" >\n\t\t<div class=\"vc_column-inner\" >\n\t\t\t<div class=\"wpb_wrapper\">\n\t\t\t\t\n\t<div class=\"wpb_gallery wpb_content_element clearfix\">\n\t\t<div class=\"wpb_wrapper\"><div class=\"wpb_gallery_slidesflickity_style\" data-onclick=\"link_image\" data-interval=\"5\"><div class=\"nectar-flickity not-initialized\" role=\"region\" aria-roledescription=\"carousel\" aria-label=\"Galer\u00eda de im\u00e1genes\"  data-touch-icon-color=\"default\" data-stagger=\"\" data-drag-scale=\"\" data-overflow=\"hidden\" data-wrap=\"wrap\" data-spacing=\"default\" data-shadow=\"large_depth\" data-autoplay=\"true\" data-autoplay-dur=\"\" data-free-scroll=\"\" data-controls=\"material_pagination\" data-desktop-columns=\"1\" data-small-desktop-columns=\"1\" data-tablet-columns=\"1\" data-phone-columns=\"1\"><div class=\"flickity-viewport\"> <div class=\"flickity-slider\"><div class=\"cell\" data-lazy=\"false\"><img decoding=\"async\" class=\"skip-lazy nectar-lazy\" src=\"https:\/\/modenafuturacreativa.it\/wp-content\/uploads\/2024\/07\/Marco-Mancuso-600x450.png\" width=\"600\" height=\"450\" alt=\"Marco Mancuso\" title=\"Marco Mancuso\" loading=\"lazy\" \/><a class=\"entire-slide-link\" aria-label=\"Marco Mancuso\"  href=\"https:\/\/modenafuturacreativa.it\/wp-content\/uploads\/2024\/07\/Marco-Mancuso.png\"><\/a><\/div><div class=\"cell\" data-lazy=\"false\"><img decoding=\"async\" class=\"skip-lazy nectar-lazy\" src=\"https:\/\/modenafuturacreativa.it\/wp-content\/uploads\/2024\/07\/Alberto-Nerazzini-scaled-600x450.jpg\" width=\"600\" height=\"450\" alt=\"Alberto Nerazzini\" title=\"Alberto Nerazzini\" loading=\"lazy\" \/><a class=\"entire-slide-link\" aria-label=\"Alberto Nerazzini\"  href=\"https:\/\/modenafuturacreativa.it\/wp-content\/uploads\/2024\/07\/Alberto-Nerazzini-scaled.jpg\"><\/a><\/div><div class=\"cell\" data-lazy=\"false\"><img decoding=\"async\" class=\"skip-lazy nectar-lazy\" src=\"https:\/\/modenafuturacreativa.it\/wp-content\/uploads\/2024\/07\/Flavia-Fratello-scaled-600x450.jpg\" width=\"600\" height=\"450\" alt=\"Flavia Fratello giornalista La7ph\u00a9serena campanini\" title=\"Flavia Fratello periodista La7ph\u00a9serena campanini\" loading=\"lazy\" \/><a class=\"entire-slide-link\" aria-label=\"Flavia Fratello periodista La7ph\u00a9serena campanini\"  href=\"https:\/\/modenafuturacreativa.it\/wp-content\/uploads\/2024\/07\/Flavia-Fratello-scaled.jpg\"><\/a><\/div><div class=\"cell\" data-lazy=\"false\"><img decoding=\"async\" class=\"skip-lazy nectar-lazy\" src=\"https:\/\/modenafuturacreativa.it\/wp-content\/uploads\/2024\/07\/Gianni-Riotta-600x450.jpg\" width=\"600\" height=\"450\" alt=\"Gianni Riotta\" title=\"Gianni Riotta\" loading=\"lazy\" \/><a class=\"entire-slide-link\" aria-label=\"Gianni Riotta\"  href=\"https:\/\/modenafuturacreativa.it\/wp-content\/uploads\/2024\/07\/Gianni-Riotta.jpg\"><\/a><\/div><div class=\"cell\" data-lazy=\"false\"><img decoding=\"async\" class=\"skip-lazy nectar-lazy\" src=\"https:\/\/modenafuturacreativa.it\/wp-content\/uploads\/2024\/07\/Massimo-Polidoro_crediti-600x450.jpeg\" width=\"600\" height=\"450\" alt=\"Massimo Polidoro_crediti\" title=\"Massimo Polidoro_cr\u00e9ditos\" loading=\"lazy\" \/><a class=\"entire-slide-link\" aria-label=\"Massimo Polidoro_cr\u00e9ditos\"  href=\"https:\/\/modenafuturacreativa.it\/wp-content\/uploads\/2024\/07\/Massimo-Polidoro_crediti.jpeg\"><\/a><\/div><div class=\"cell\" data-lazy=\"false\"><img decoding=\"async\" class=\"skip-lazy nectar-lazy\" src=\"https:\/\/modenafuturacreativa.it\/wp-content\/uploads\/2024\/07\/Rita-Cucchiara-600x450.jpg\" width=\"600\" height=\"450\" alt=\"Rita Cucchiara\" title=\"Rita Cucchiara\" loading=\"lazy\" \/><a class=\"entire-slide-link\" aria-label=\"Rita Cucchiara\"  href=\"https:\/\/modenafuturacreativa.it\/wp-content\/uploads\/2024\/07\/Rita-Cucchiara.jpg\"><\/a><\/div><\/div><\/div><\/div><\/div>\n\t\t<\/div> \n\t<\/div> \n<div class=\"wpb_text_column wpb_content_element\" >\n\t<div id=\"parent-fieldname-description\" class=\"documentDescription\">\n<div id=\"parent-fieldname-description\" class=\"documentDescription\"><strong>Exploraci\u00f3n de nuevas fronteras contra la desinformaci\u00f3n y la manipulaci\u00f3n de la realidad. Invitados Gianni Riotta, Rita Cucchiara y Massimo Polidori. Smart School tambi\u00e9n vuelve<\/strong><\/div>\n<div id=\"viewlet-above-content-body\"><\/div>\n<div id=\"content-core\">\n<div id=\"parent-fieldname-text\" class=\"plain\">\n<p>El campo de la informaci\u00f3n es uno de los principales terrenos en los que tienen lugar formas cada vez m\u00e1s sofisticadas de condicionar la opini\u00f3n p\u00fablica y manipular la realidad. El jueves 26 de septiembre, a las 21.00 horas, en la iglesia de San Carlo de M\u00f3dena, se inaugurar\u00e1 oficialmente la edici\u00f3n 2024 del Smart Life Festival con una charla sobre \"M\u00e1quinas de la verdad. La realidad entre informaci\u00f3n, investigaciones y deepfakes\".<\/p>\n<p>El acto se celebra en colaboraci\u00f3n con Dig Festival y contar\u00e1 con la presencia de Rita Cucchiara (profesora de Ingenier\u00eda Inform\u00e1tica y responsable cient\u00edfica de AImageLab Unimore), Gianni Riotta (periodista, director del M\u00e1ster en Periodismo y del Centro de Investigaci\u00f3n Data Lab Universidad Luiss de Roma), Alberto Nerazzini (periodista, presidente de Dig Festival) y Flavia Fratello (periodista y presentadora de televisi\u00f3n). El encuentro profundizar\u00e1 en las transformaciones tecnol\u00f3gicas que subyacen a la generaci\u00f3n y difusi\u00f3n de contenidos en los medios tradicionales y en los canales digitales; la posibilidad de verificar e informar sobre los hechos a trav\u00e9s de an\u00e1lisis e investigaciones en profundidad; las nuevas fronteras de la lucha contra la desinformaci\u00f3n, incluidos los proyectos desarrollados por el Luiss Data Lab en colaboraci\u00f3n con Fieg Federazione Italiana Editori Giornali, con el apoyo de Google.org y el patrocinio de la Agencia Nacional de Ciberseguridad.<\/p>\n<p>El s\u00e1bado 28 de septiembre a las 21.00 horas, la conferencia esc\u00e9nica de Massimo Polidoro \"La ciencia de lo incre\u00edble\" explorar\u00e1 la relaci\u00f3n entre ciencia y verdad. El hist\u00f3rico colaborador de Piero Angela, coautor de su \u00faltimo libro \"La meraviglia del tutto\" (La maravilla de todo), conferenciante, divulgador, cofundador y secretario nacional de Cicap, el Comit\u00e9 Italiano para el Control de las Afirmaciones Pseudocient\u00edficas, llevar\u00e1 al p\u00fablico a un viaje para redescubrir la importancia del conocimiento y el pensamiento cr\u00edtico en un mundo dominado por las falsas verdades.<\/p>\n<p>&nbsp;<\/p>\n<p>El domingo 29 de septiembre a las 16.00 horas, en colaboraci\u00f3n con Fmav Fondazione Modena Arti Visive, tendr\u00e1 lugar la charla \"Inteligencia humana, tecnol\u00f3gica y natural para una nueva ontolog\u00eda medioambiental\" con Marco Mancuso, cr\u00edtico y comisario, Laura Palazzani, experta en bio\u00e9tica y profesora de Filosof\u00eda del Derecho en la Universidad Lumsa de Roma, y Alessandra Gribaldo, profesora de Antropolog\u00eda Cultural en la Universidad de M\u00f3dena y Reggio Emilia. En el encuentro se reflexionar\u00e1 sobre puntos cr\u00edticos, falsos supuestos y posibles desarrollos relacionados con las nuevas formas de relaci\u00f3n entre seres humanos, m\u00e1quinas computacionales y sistemas naturales.<\/p>\n<p>Al final del panel, el p\u00fablico podr\u00e1 participar en una visita guiada especial a la exposici\u00f3n \"Umwelt\", dedicada a la relaci\u00f3n entre inteligencia y medio ambiente, comisariada por Marco Mancuso y propuesta por Fmav con motivo del Smart Life Festival.<\/p>\n<p>Otros muchos invitados animar\u00e1n el programa del festival; entre ellos, el ilustrador de las portadas de la hist\u00f3rica serie italiana de ciencia ficci\u00f3n Urania, Franco Brambilla, que participar\u00e1 con una edici\u00f3n especial y original de su proyecto \"Invading The Vintage\", dedicado a la exploraci\u00f3n figurativa de paisajes reales e imaginarios.<\/p>\n<p>Esta edici\u00f3n del Smart Life Festival tambi\u00e9n se ver\u00e1 enriquecida por Smart School, el amplio programa dedicado al mundo de la educaci\u00f3n y la escuela: m\u00e1s de veinte citas, entre laboratorios, talleres, exposiciones y profundizaciones, est\u00e1n dirigidas a los alumnos de las escuelas modenesas de todos los niveles.<\/p>\n<p>Entre ellas, la charla \"Inteligentes por naturaleza. Plantas y animales: constructores de mundos y relaciones\", prevista para el jueves 26 de septiembre a las 17.30 horas, en colaboraci\u00f3n con el Centro Memo y la Fondazione degli Architetti di Modena, con la participaci\u00f3n del zooantrop\u00f3logo Roberto Marchesini y la bi\u00f3loga e investigadora de Unimore Laura Arru, que reflexionar\u00e1n junto a otros invitados sobre verdades a\u00fan poco conocidas pero fundamentales en la relaci\u00f3n entre inteligencia artificial e inteligencia animal.<\/p>\n<p>Por \u00faltimo, el domingo 29 de septiembre, a las 21.00 horas, vuelve la cita con las escuelas con un espect\u00e1culo que entrelazar\u00e1 moda, tecnolog\u00eda, m\u00fasica y danza. La performance \"Hentai. Metamorfosis digital\", que combina la creatividad t\u00e9cnico-inform\u00e1tica de Itis Corni, la creatividad de moda del Istituto Deledda y la creatividad art\u00edstica y musical del Liceo Sigonio, con la colaboraci\u00f3n de Arte Equilibra, ver\u00e1 a los estudiantes como protagonistas de un desfile de moda performativo que reelabora el tema del festival en clave de transformaci\u00f3n y cambio.<\/p>\n<p>El programa completo del festival estar\u00e1 disponible en breve en el sitio web (https:\/\/www.smartlifefestival.it\/) y en las redes sociales. Adem\u00e1s, en septiembre se han programado varios actos previos en M\u00f3dena y la provincia en v\u00edsperas de los d\u00edas del festival.<\/p>\n<\/div>\n<\/div>\n<\/div>\n<\/div>\n\n\n\n\n\t\t\t<\/div> \n\t\t<\/div>\n\t<\/div> \n<\/div><\/div>","protected":false},"excerpt":{"rendered":"Exploraci\u00f3n de nuevas fronteras contra la desinformaci\u00f3n y la manipulaci\u00f3n de la realidad. Invitados Gianni Riotta, Rita Cucchiara y Massimo Polidori. Vuelve tambi\u00e9n Smart School El campo de la informaci\u00f3n es uno de los principales...","protected":false},"author":1,"featured_media":3815,"comment_status":"closed","ping_status":"closed","sticky":false,"template":"","format":"standard","meta":{"wpupg_custom_link":[],"wpupg_custom_link_behaviour":["default"],"wpupg_custom_link_nofollow":[],"wpupg_custom_image":[],"wpupg_custom_image_id":[],"footnotes":""},"categories":[475],"tags":[],"class_list":["post-3811","post","type-post","status-publish","format-standard","has-post-thumbnail","category-news"],"_links":{"self":[{"href":"https:\/\/modenafuturacreativa.it\/es\/wp-json\/wp\/v2\/posts\/3811","targetHints":{"allow":["GET"]}}],"collection":[{"href":"https:\/\/modenafuturacreativa.it\/es\/wp-json\/wp\/v2\/posts"}],"about":[{"href":"https:\/\/modenafuturacreativa.it\/es\/wp-json\/wp\/v2\/types\/post"}],"author":[{"embeddable":true,"href":"https:\/\/modenafuturacreativa.it\/es\/wp-json\/wp\/v2\/users\/1"}],"replies":[{"embeddable":true,"href":"https:\/\/modenafuturacreativa.it\/es\/wp-json\/wp\/v2\/comments?post=3811"}],"version-history":[{"count":3,"href":"https:\/\/modenafuturacreativa.it\/es\/wp-json\/wp\/v2\/posts\/3811\/revisions"}],"predecessor-version":[{"id":4049,"href":"https:\/\/modenafuturacreativa.it\/es\/wp-json\/wp\/v2\/posts\/3811\/revisions\/4049"}],"wp:featuredmedia":[{"embeddable":true,"href":"https:\/\/modenafuturacreativa.it\/es\/wp-json\/wp\/v2\/media\/3815"}],"wp:attachment":[{"href":"https:\/\/modenafuturacreativa.it\/es\/wp-json\/wp\/v2\/media?parent=3811"}],"wp:term":[{"taxonomy":"category","embeddable":true,"href":"https:\/\/modenafuturacreativa.it\/es\/wp-json\/wp\/v2\/categories?post=3811"},{"taxonomy":"post_tag","embeddable":true,"href":"https:\/\/modenafuturacreativa.it\/es\/wp-json\/wp\/v2\/tags?post=3811"}],"curies":[{"name":"wp","href":"https:\/\/api.w.org\/{rel}","templated":true}]}}