{"id":3806,"date":"2024-07-23T16:16:30","date_gmt":"2024-07-23T14:16:30","guid":{"rendered":"https:\/\/modenafuturacreativa.it\/?p=3806"},"modified":"2025-03-21T14:18:26","modified_gmt":"2025-03-21T13:18:26","slug":"smart-life-festival-2024-indaga-il-confine-tra-vero-e-falso","status":"publish","type":"post","link":"https:\/\/modenafuturacreativa.it\/es\/smart-life-festival-2024-indaga-il-confine-tra-vero-e-falso\/","title":{"rendered":"SMART LIFE FESTIVAL 2024 INVESTIGA LA FRONTERA ENTRE LO VERDADERO Y LO FALSO"},"content":{"rendered":"<div id=\"fws_6a9b7c7400f5a\"  data-column-margin=\"60px\" data-midnight=\"dark\"  class=\"wpb_row vc_row-fluid vc_row\"  style=\"padding-top: 0px; padding-bottom: 0px; \"><div class=\"row-bg-wrap\" data-bg-animation=\"none\" data-bg-animation-delay=\"\" data-bg-overlay=\"false\"><div class=\"inner-wrap row-bg-layer\" ><div class=\"row-bg viewport-desktop\"  style=\"\"><\/div><\/div><\/div><div class=\"row_col_wrap_12 col span_12 dark left\">\n\t<div  class=\"vc_col-sm-12 wpb_column column_container vc_column_container col no-extra-padding inherit_tablet inherit_phone\"  data-padding-pos=\"all\" data-has-bg-color=\"false\" data-bg-color=\"\" data-bg-opacity=\"1\" data-animation=\"\" data-delay=\"0\" >\n\t\t<div class=\"vc_column-inner\" >\n\t\t\t<div class=\"wpb_wrapper\">\n\t\t\t\t\n\t<div class=\"wpb_gallery wpb_content_element clearfix\">\n\t\t<div class=\"wpb_wrapper\"><div class=\"wpb_gallery_slidesflickity_style\" data-onclick=\"link_image\" data-interval=\"5\"><div class=\"nectar-flickity not-initialized\" role=\"region\" aria-roledescription=\"carousel\" aria-label=\"Galer\u00eda de im\u00e1genes\"  data-touch-icon-color=\"default\" data-stagger=\"\" data-drag-scale=\"\" data-overflow=\"hidden\" data-wrap=\"wrap\" data-spacing=\"default\" data-shadow=\"large_depth\" data-autoplay=\"true\" data-autoplay-dur=\"\" data-free-scroll=\"\" data-controls=\"material_pagination\" data-desktop-columns=\"1\" data-small-desktop-columns=\"1\" data-tablet-columns=\"1\" data-phone-columns=\"1\"><div class=\"flickity-viewport\"> <div class=\"flickity-slider\"><div class=\"cell\" data-lazy=\"false\"><img decoding=\"async\" class=\"skip-lazy nectar-lazy\" src=\"https:\/\/modenafuturacreativa.it\/wp-content\/uploads\/2024\/07\/SLF024-Vero-Falso-X-VV-600x450.jpg\" width=\"600\" height=\"450\" alt=\"SLF024 - Vero- Falso- X - VV\" title=\"SLF024 - Verdadero - Falso - X - VV\" loading=\"lazy\" \/><a class=\"entire-slide-link\" aria-label=\"SLF024 - Verdadero - Falso - X - VV\"  href=\"https:\/\/modenafuturacreativa.it\/wp-content\/uploads\/2024\/07\/SLF024-Vero-Falso-X-VV.jpg\"><\/a><\/div><div class=\"cell\" data-lazy=\"false\"><img decoding=\"async\" class=\"skip-lazy nectar-lazy\" src=\"https:\/\/modenafuturacreativa.it\/wp-content\/uploads\/2024\/07\/SLF024-Vero-Falso-X-VO-1-600x450.jpg\" width=\"600\" height=\"450\" alt=\"SLF024 - Vero- Falso- X - VO (1)\" title=\"SLF024 - Verdadero - Falso - X - VO (1)\" loading=\"lazy\" \/><a class=\"entire-slide-link\" aria-label=\"SLF024 - Verdadero - Falso - X - VO (1)\"  href=\"https:\/\/modenafuturacreativa.it\/wp-content\/uploads\/2024\/07\/SLF024-Vero-Falso-X-VO-1.jpg\"><\/a><\/div><div class=\"cell\" data-lazy=\"false\"><img decoding=\"async\" class=\"skip-lazy nectar-lazy\" src=\"https:\/\/modenafuturacreativa.it\/wp-content\/uploads\/2024\/07\/PHOTO-2024-07-19-11-45-40-600x450.jpg\" width=\"600\" height=\"450\" alt=\"PHOTO-2024-07-19-11-45-40\" title=\"PHOTO-2024-07-19-11-45-40\" loading=\"lazy\" \/><a class=\"entire-slide-link\" aria-label=\"PHOTO-2024-07-19-11-45-40\"  href=\"https:\/\/modenafuturacreativa.it\/wp-content\/uploads\/2024\/07\/PHOTO-2024-07-19-11-45-40.jpg\"><\/a><\/div><\/div><\/div><\/div><\/div>\n\t\t<\/div> \n\t<\/div> \n<div class=\"wpb_text_column wpb_content_element\" >\n\t<div id=\"parent-fieldname-description\" class=\"documentDescription\"><strong>Fake news, \u00e9tica e inteligencia artificial, imaginaci\u00f3n y realidad centran la novena edici\u00f3n del festival de cultura digital: en M\u00f3dena del 26 al 29 de septiembre<\/strong><\/div>\n<div id=\"viewlet-above-content-body\"><\/div>\n<div id=\"content-core\">\n<div id=\"parent-fieldname-text\" class=\"plain\">\n<p>Del jueves 26 al domingo 29 de septiembre, el Smart Life Festival vuelve a M\u00f3dena. En su novena edici\u00f3n, el festival de cultura digital de este a\u00f1o est\u00e1 dedicado al tema \"Verdadero, falso, X\" y pretende reflexionar sobre la frontera entre lo verdadero y lo falso en la era de la transici\u00f3n digital, cuestionar qu\u00e9 conocimientos y habilidades se necesitan para entenderlo y saber moverse entre la realidad y la imaginaci\u00f3n en la era de la IA generativa.<\/p>\n<p>El Smart Life Festival est\u00e1 promovido por el Ayuntamiento de M\u00f3dena, en cooperaci\u00f3n con instituciones locales, como la Universidad de M\u00f3dena y Reggio Emilia, la Fondazione Collegio San Carlo, la Fondazione di Modena, la Fundaci\u00f3n Democenter, la Provincia de M\u00f3dena y la C\u00e1mara de Comercio de M\u00f3dena.<\/p>\n<p>\"El festival abordar\u00e1 temas de gran actualidad que deben tratarse con cuidado y competencia\", afirma el alcalde de M\u00f3dena, Massimo Mezzetti, \"por eso considero muy importantes los actos que tendr\u00e1n lugar en nuestra ciudad en lugares de gran belleza y que har\u00e1n a\u00fan m\u00e1s agradable escuchar las reflexiones de los invitados que participar\u00e1n. Debemos invertir en un trabajo cultural que investigue los temas de una tecnolog\u00eda al servicio de la verdad y de la construcci\u00f3n de un enfoque cr\u00edtico y correctamente informado de las cuestiones contempor\u00e1neas. Por eso quiero agradecer a todos los actores y socios del Smart Life Festival su compromiso en la realizaci\u00f3n de esta edici\u00f3n\".<\/p>\n<p>El evento representa un espacio de debate en el que participan ciudadanos, empresas, instituciones y realidades culturales y educativas arraigadas en el territorio, poni\u00e9ndolas en di\u00e1logo con experiencias nacionales e internacionales.<\/p>\n<p>\"Smart Life Festival se confirma como un espacio para explorar las transformaciones tecnol\u00f3gicas, culturales y sociales de nuestro presente y sus posibles consecuencias en nuestra vida cotidiana\", subraya el presidente de la Fondazione Collegio San Carlo, Vittorio Lugli. \"El festival de este a\u00f1o nos invita a reflexionar sobre c\u00f3mo la innovaci\u00f3n y la tecnolog\u00eda digital tienen un impacto decisivo en nuestra relaci\u00f3n con el mundo que nos rodea, incluidas las relaciones humanas y afectivas, as\u00ed como nuestra relaci\u00f3n con la naturaleza en general, tanto ayud\u00e1ndonos a adquirir una mayor conciencia de la realidad en la que vivimos, como generando oportunidades de condicionamiento o mistificaci\u00f3n con las que debemos aprender a lidiar. En la era de la infodemia, \u00bfpuede seguir existiendo una Verdad objetiva a la que aspirar para alcanzar la propia felicidad? Intentaremos comprenderlo en esta edici\u00f3n\".<\/p>\n<p>De la pol\u00edtica a la informaci\u00f3n, de la tecnolog\u00eda a la educaci\u00f3n, del derecho a la econom\u00eda, del arte a la alimentaci\u00f3n, e incluso el deporte: cada uno de estos \u00e1mbitos no sale indemne de los cambios que se est\u00e1n produciendo y de la llegada de la posverdad. Durante el Smart Life Festival, la transformaci\u00f3n de nuestra relaci\u00f3n con la verdad ser\u00e1 el centro de charlas, eventos y actuaciones. Numerosos invitados se turnar\u00e1n; entre ellos, el periodista Gianni Riotta, director del Centro de Investigaci\u00f3n Luiss Data Lab, que inaugurar\u00e1 el festival el jueves 26 centr\u00e1ndose en las nuevas fronteras de la informaci\u00f3n, junto con su colega Flavia Fratello (LA7), la experta en IA Rita Cucchiara y el documentalista y periodista de investigaci\u00f3n Alberto Nerazzini.<\/p>\n<p>Un a\u00f1o m\u00e1s, la programaci\u00f3n se dividir\u00e1 en \u00e1reas tem\u00e1ticas: Smart Tech, Smart Journalism, Smart School, Smart Politics, Smart Art, Smart Justice, Smart Food y Smart Design.<\/p>\n<p>Smart Life confirma asimismo su vocaci\u00f3n de \"festival generalizado\" mediante el desarrollo de numerosas iniciativas en colaboraci\u00f3n con realidades de la zona y de fuera de ella. Adem\u00e1s de los promotores, hay m\u00e1s de veinte socios que participan de diversas formas en la composici\u00f3n del programa. Entre ellos se encuentran: After Festival, ER2Digit, Laboratorio Aperto Modena, Lepida, Fmav Fondazione Modena Arti Visive, Future Film Festival, il Mulino, Aess - Agencia para la Energ\u00eda y el Desarrollo Sostenible, ForumPa, PAsocial, Fondazione per l'Italia Digitale, Cna Modena, Confesercenti Modena, Fondazione Architetti Modena, Dialoghi (think tank), Innova (think tank).<\/p>\n<p>Entre las colaboraciones puestas en marcha por la novena edici\u00f3n destacan las asociaciones con Dig Festival, festival internacional de periodismo de investigaci\u00f3n, y con Ferrara Busker Festival, el festival de m\u00fasica callejera m\u00e1s antiguo de Europa y el mayor del mundo, que propondr\u00e1 dentro de Smart Life un proyecto sonoro original, en la intersecci\u00f3n del canto l\u00edrico, el beatboxing y la inteligencia artificial, desarrollado junto con H-Farm.<\/p>\n<p>Como antesala de los d\u00edas del festival, se han programado varios actos previos en septiembre, que se celebrar\u00e1n en M\u00f3dena y su provincia. El calendario completo estar\u00e1 pronto disponible en el sitio web (<a href=\"https:\/\/www.smartlifefestival.it\/\">https:\/\/www.smartlifefestival.it\/<\/a>) y en las redes sociales.<\/p>\n<\/div>\n<\/div>\n<\/div>\n\n\n\n\n\t\t\t<\/div> \n\t\t<\/div>\n\t<\/div> \n<\/div><\/div>","protected":false},"excerpt":{"rendered":"Fake news, \u00e9tica e inteligencia artificial, imaginaci\u00f3n y realidad en el centro de la novena edici\u00f3n del festival de cultura digital: en M\u00f3dena del 26 al 29 de septiembre A partir del jueves...","protected":false},"author":1,"featured_media":3808,"comment_status":"closed","ping_status":"closed","sticky":false,"template":"","format":"standard","meta":{"wpupg_custom_link":[],"wpupg_custom_link_behaviour":["default"],"wpupg_custom_link_nofollow":[],"wpupg_custom_image":[],"wpupg_custom_image_id":[],"footnotes":""},"categories":[475],"tags":[],"class_list":["post-3806","post","type-post","status-publish","format-standard","has-post-thumbnail","category-news"],"_links":{"self":[{"href":"https:\/\/modenafuturacreativa.it\/es\/wp-json\/wp\/v2\/posts\/3806","targetHints":{"allow":["GET"]}}],"collection":[{"href":"https:\/\/modenafuturacreativa.it\/es\/wp-json\/wp\/v2\/posts"}],"about":[{"href":"https:\/\/modenafuturacreativa.it\/es\/wp-json\/wp\/v2\/types\/post"}],"author":[{"embeddable":true,"href":"https:\/\/modenafuturacreativa.it\/es\/wp-json\/wp\/v2\/users\/1"}],"replies":[{"embeddable":true,"href":"https:\/\/modenafuturacreativa.it\/es\/wp-json\/wp\/v2\/comments?post=3806"}],"version-history":[{"count":1,"href":"https:\/\/modenafuturacreativa.it\/es\/wp-json\/wp\/v2\/posts\/3806\/revisions"}],"predecessor-version":[{"id":3810,"href":"https:\/\/modenafuturacreativa.it\/es\/wp-json\/wp\/v2\/posts\/3806\/revisions\/3810"}],"wp:featuredmedia":[{"embeddable":true,"href":"https:\/\/modenafuturacreativa.it\/es\/wp-json\/wp\/v2\/media\/3808"}],"wp:attachment":[{"href":"https:\/\/modenafuturacreativa.it\/es\/wp-json\/wp\/v2\/media?parent=3806"}],"wp:term":[{"taxonomy":"category","embeddable":true,"href":"https:\/\/modenafuturacreativa.it\/es\/wp-json\/wp\/v2\/categories?post=3806"},{"taxonomy":"post_tag","embeddable":true,"href":"https:\/\/modenafuturacreativa.it\/es\/wp-json\/wp\/v2\/tags?post=3806"}],"curies":[{"name":"wp","href":"https:\/\/api.w.org\/{rel}","templated":true}]}}