{"id":3699,"date":"2024-05-15T12:41:11","date_gmt":"2024-05-15T10:41:11","guid":{"rendered":"https:\/\/modenafuturacreativa.it\/?p=3699"},"modified":"2025-03-21T14:18:26","modified_gmt":"2025-03-21T13:18:26","slug":"al-centro-musica-linstallazione-di-media-art-drawdown","status":"publish","type":"post","link":"https:\/\/modenafuturacreativa.it\/es\/al-centro-musica-linstallazione-di-media-art-drawdown\/","title":{"rendered":"INSTALACI\u00d3N DE ARTE MULTIMEDIA \"DRAWDOWN\" EN EL CENTRO DE M\u00daSICA"},"content":{"rendered":"<div id=\"fws_6a9b7bed30ccb\"  data-column-margin=\"60px\" data-midnight=\"dark\"  class=\"wpb_row vc_row-fluid vc_row\"  style=\"padding-top: 0px; padding-bottom: 0px; \"><div class=\"row-bg-wrap\" data-bg-animation=\"none\" data-bg-animation-delay=\"\" data-bg-overlay=\"false\"><div class=\"inner-wrap row-bg-layer\" ><div class=\"row-bg viewport-desktop\"  style=\"\"><\/div><\/div><\/div><div class=\"row_col_wrap_12 col span_12 dark left\">\n\t<div  class=\"vc_col-sm-12 wpb_column column_container vc_column_container col no-extra-padding inherit_tablet inherit_phone\"  data-padding-pos=\"all\" data-has-bg-color=\"false\" data-bg-color=\"\" data-bg-opacity=\"1\" data-animation=\"\" data-delay=\"0\" >\n\t\t<div class=\"vc_column-inner\" >\n\t\t\t<div class=\"wpb_wrapper\">\n\t\t\t\t\n\t<div class=\"wpb_gallery wpb_content_element clearfix\">\n\t\t<div class=\"wpb_wrapper\"><div class=\"wpb_gallery_slidesflickity_style\" data-onclick=\"link_image\" data-interval=\"5\"><div class=\"nectar-flickity not-initialized\" role=\"region\" aria-roledescription=\"carousel\" aria-label=\"Galer\u00eda de im\u00e1genes\"  data-touch-icon-color=\"default\" data-stagger=\"\" data-drag-scale=\"\" data-overflow=\"hidden\" data-wrap=\"wrap\" data-spacing=\"default\" data-shadow=\"large_depth\" data-autoplay=\"true\" data-autoplay-dur=\"\" data-free-scroll=\"\" data-controls=\"material_pagination\" data-desktop-columns=\"1\" data-small-desktop-columns=\"1\" data-tablet-columns=\"1\" data-phone-columns=\"1\"><div class=\"flickity-viewport\"> <div class=\"flickity-slider\"><div class=\"cell\" data-lazy=\"false\"><img decoding=\"async\" class=\"skip-lazy nectar-lazy\" src=\"https:\/\/modenafuturacreativa.it\/wp-content\/uploads\/2024\/05\/irrigation-circle-1-600x450.png\" width=\"600\" height=\"450\" alt=\"irrigation-circle 1\" title=\"riego-c\u00edrculo 1\" loading=\"lazy\" \/><a class=\"entire-slide-link\" aria-label=\"riego-c\u00edrculo 1\"  href=\"https:\/\/modenafuturacreativa.it\/wp-content\/uploads\/2024\/05\/irrigation-circle-1.png\"><\/a><\/div><div class=\"cell\" data-lazy=\"false\"><img decoding=\"async\" class=\"skip-lazy nectar-lazy\" src=\"https:\/\/modenafuturacreativa.it\/wp-content\/uploads\/2024\/05\/drawdown-4-600x450.jpg\" width=\"600\" height=\"450\" alt=\"drawdown-4\" title=\"detracci\u00f3n-4\" loading=\"lazy\" \/><a class=\"entire-slide-link\" aria-label=\"detracci\u00f3n-4\"  href=\"https:\/\/modenafuturacreativa.it\/wp-content\/uploads\/2024\/05\/drawdown-4.jpg\"><\/a><\/div><div class=\"cell\" data-lazy=\"false\"><img decoding=\"async\" class=\"skip-lazy nectar-lazy\" src=\"https:\/\/modenafuturacreativa.it\/wp-content\/uploads\/2024\/05\/irrigation-circle-3-600x450.png\" width=\"600\" height=\"450\" alt=\"irrigation-circle 3\" title=\"riego-c\u00edrculo 3\" loading=\"lazy\" \/><a class=\"entire-slide-link\" aria-label=\"riego-c\u00edrculo 3\"  href=\"https:\/\/modenafuturacreativa.it\/wp-content\/uploads\/2024\/05\/irrigation-circle-3.png\"><\/a><\/div><\/div><\/div><\/div><\/div>\n\t\t<\/div> \n\t<\/div> \n<div class=\"wpb_text_column wpb_content_element\" >\n\t<p><strong>S\u00e1bado 11 de mayo, con motivo del cumplea\u00f1os del centro, inauguraci\u00f3n de la obra creada por el compositor Riccardo La Foresta y la artista texana Lisa B Woods dentro del proyecto \"City to City\".<\/strong><\/p>\n<p>Se trata de \"Drawdown\", la instalaci\u00f3n medi\u00e1tica de tem\u00e1tica medioambiental creada por el compositor moden\u00e9s Riccardo La Foresta y la artista medi\u00e1tica tejana Lisa B Woods y presentada al p\u00fablico por primera vez el s\u00e1bado 11 de mayo con motivo de la celebraci\u00f3n del 30 aniversario del Centro Musical de M\u00f3dena en la sede del Centro, en via Morandi 71.<\/p>\n<p>La obra, realizada en el marco del proyecto \"City to City\" promovido por la Red de Ciudades Creativas de la Unesco para las Artes Audiovisuales, de la que forma parte M\u00f3dena, combina la visi\u00f3n de los \"c\u00edrculos de las cosechas\" del artista de Austin con las composiciones musicales de Riccardo La Foresta. \"Drawdown\" amplifica la misteriosa belleza de los patrones circulares de los cultivos, que la mayor\u00eda de la gente s\u00f3lo vislumbra brevemente desde las ventanillas de los aviones, utilizando im\u00e1genes de sat\u00e9lite de campos circulares para llamar la atenci\u00f3n sobre el modo en que los sistemas de riego de pivote central est\u00e1n agotando las reservas de agua f\u00f3sil en todo el mundo. La composici\u00f3n de acompa\u00f1amiento de Riccardo La Foresta es cinematogr\u00e1fica y dram\u00e1tica, caracterizada por ecos que perduran en la conciencia del oyente. Oscura y evocadora, confiere a \"Drawdown\" una sensaci\u00f3n de gravedad y urgencia. En este contexto sonoro, una t\u00e9cnica agr\u00edcola ordinaria se transforma en una realidad ominosa, los exuberantes campos de regad\u00edo en una plaga del paisaje. La intenci\u00f3n de la obra creada por los dos artistas es implicar emocionalmente a los espectadores, a trav\u00e9s de una forma de bucle que enmascara el principio y el final de la obra, en una evoluci\u00f3n constante y obsesiva, una espiral que les anima a buscar la concienciaci\u00f3n sobre la actual crisis del agua.<\/p>\n<p>Despu\u00e9s del s\u00e1bado, las obras volver\u00e1n a exponerse durante la Fiesta de la M\u00fasica, el pr\u00f3ximo mes de junio, y de nuevo en septiembre.<\/p>\n<p>El proyecto City to City se cre\u00f3 para fomentar los intercambios culturales y la cooperaci\u00f3n entre las ciudades creativas de la Unesco de todo el mundo que forman parte del cl\u00faster de Artes Audiovisuales prestando tambi\u00e9n apoyo al sector creativo, en consonancia con la Agenda 2030 de las Naciones Unidas. La edici\u00f3n 2023 del proyecto, sobre el tema \"Humanidad acrecentada\", ha elegido que trabajen juntos dos artistas de ciudades diferentes y, posiblemente, de continentes diferentes. En este contexto, M\u00f3dena ha sido emparejada con la ciudad de Austin, en Texas. Por ello, la administraci\u00f3n municipal lanz\u00f3 una convocatoria de propuestas para seleccionar a un artista activo en el campo del dise\u00f1o sonoro y la m\u00fasica electr\u00f3nica interesado en desarrollar un proyecto en colaboraci\u00f3n con un artista visual de Austin. A trav\u00e9s de la convocatoria se seleccion\u00f3 a Riccardo La Foresta, percusionista y artista sonoro que ha centrado su investigaci\u00f3n en el desarrollo de un sistema llamado Drummophone que permite tratar el tambor como un instrumento de aire. En la frontera entre la m\u00fasica de percusi\u00f3n, el arte sonoro, la improvisaci\u00f3n y la m\u00fasica drone, el planteamiento de La Foresta revela arquitecturas invisibles a trav\u00e9s del sonido.<\/p>\n<\/div>\n\n\n\n\n\t\t\t<\/div> \n\t\t<\/div>\n\t<\/div> \n<\/div><\/div>","protected":false},"excerpt":{"rendered":"El s\u00e1bado 11 de mayo, con motivo del cumplea\u00f1os del centro, se presentar\u00e1 la obra creada por el compositor Riccardo La Foresta y la artista texana Lisa B Woods en el proyecto \"City to City\" S\u00ed...","protected":false},"author":1,"featured_media":3703,"comment_status":"closed","ping_status":"closed","sticky":false,"template":"","format":"standard","meta":{"wpupg_custom_link":[],"wpupg_custom_link_behaviour":["default"],"wpupg_custom_link_nofollow":[],"wpupg_custom_image":[],"wpupg_custom_image_id":[],"footnotes":""},"categories":[475],"tags":[],"class_list":["post-3699","post","type-post","status-publish","format-standard","has-post-thumbnail","category-news"],"_links":{"self":[{"href":"https:\/\/modenafuturacreativa.it\/es\/wp-json\/wp\/v2\/posts\/3699","targetHints":{"allow":["GET"]}}],"collection":[{"href":"https:\/\/modenafuturacreativa.it\/es\/wp-json\/wp\/v2\/posts"}],"about":[{"href":"https:\/\/modenafuturacreativa.it\/es\/wp-json\/wp\/v2\/types\/post"}],"author":[{"embeddable":true,"href":"https:\/\/modenafuturacreativa.it\/es\/wp-json\/wp\/v2\/users\/1"}],"replies":[{"embeddable":true,"href":"https:\/\/modenafuturacreativa.it\/es\/wp-json\/wp\/v2\/comments?post=3699"}],"version-history":[{"count":1,"href":"https:\/\/modenafuturacreativa.it\/es\/wp-json\/wp\/v2\/posts\/3699\/revisions"}],"predecessor-version":[{"id":3704,"href":"https:\/\/modenafuturacreativa.it\/es\/wp-json\/wp\/v2\/posts\/3699\/revisions\/3704"}],"wp:featuredmedia":[{"embeddable":true,"href":"https:\/\/modenafuturacreativa.it\/es\/wp-json\/wp\/v2\/media\/3703"}],"wp:attachment":[{"href":"https:\/\/modenafuturacreativa.it\/es\/wp-json\/wp\/v2\/media?parent=3699"}],"wp:term":[{"taxonomy":"category","embeddable":true,"href":"https:\/\/modenafuturacreativa.it\/es\/wp-json\/wp\/v2\/categories?post=3699"},{"taxonomy":"post_tag","embeddable":true,"href":"https:\/\/modenafuturacreativa.it\/es\/wp-json\/wp\/v2\/tags?post=3699"}],"curies":[{"name":"wp","href":"https:\/\/api.w.org\/{rel}","templated":true}]}}