{"id":3489,"date":"2024-02-21T11:16:13","date_gmt":"2024-02-21T10:16:13","guid":{"rendered":"https:\/\/modenafuturacreativa.it\/?p=3489"},"modified":"2025-03-21T14:18:26","modified_gmt":"2025-03-21T13:18:26","slug":"modena-unesco-nuova-campagna-di-promozione-della-citta","status":"publish","type":"post","link":"https:\/\/modenafuturacreativa.it\/es\/modena-unesco-nuova-campagna-di-promozione-della-citta\/","title":{"rendered":"\"MODENA UNESCO\", NUEVA CAMPA\u00d1A DE PROMOCI\u00d3N DE LA CIUDAD"},"content":{"rendered":"<div id=\"fws_6a9b7bed1571b\"  data-column-margin=\"60px\" data-midnight=\"dark\"  class=\"wpb_row vc_row-fluid vc_row\"  style=\"padding-top: 0px; padding-bottom: 0px; \"><div class=\"row-bg-wrap\" data-bg-animation=\"none\" data-bg-animation-delay=\"\" data-bg-overlay=\"false\"><div class=\"inner-wrap row-bg-layer\" ><div class=\"row-bg viewport-desktop\"  style=\"\"><\/div><\/div><\/div><div class=\"row_col_wrap_12 col span_12 dark left\">\n\t<div  class=\"vc_col-sm-12 wpb_column column_container vc_column_container col no-extra-padding inherit_tablet inherit_phone\"  data-padding-pos=\"all\" data-has-bg-color=\"false\" data-bg-color=\"\" data-bg-opacity=\"1\" data-animation=\"\" data-delay=\"0\" >\n\t\t<div class=\"vc_column-inner\" >\n\t\t\t<div class=\"wpb_wrapper\">\n\t\t\t\t\n\t<div class=\"wpb_gallery wpb_content_element clearfix\">\n\t\t<div class=\"wpb_wrapper\"><div class=\"wpb_gallery_slidesflickity_style\" data-onclick=\"link_image\" data-interval=\"5\"><div class=\"nectar-flickity not-initialized\" role=\"region\" aria-roledescription=\"carousel\" aria-label=\"Galer\u00eda de im\u00e1genes\"  data-touch-icon-color=\"default\" data-stagger=\"\" data-drag-scale=\"\" data-overflow=\"hidden\" data-wrap=\"wrap\" data-spacing=\"default\" data-shadow=\"large_depth\" data-autoplay=\"true\" data-autoplay-dur=\"\" data-free-scroll=\"\" data-controls=\"material_pagination\" data-desktop-columns=\"1\" data-small-desktop-columns=\"1\" data-tablet-columns=\"1\" data-phone-columns=\"1\"><div class=\"flickity-viewport\"> <div class=\"flickity-slider\"><div class=\"cell\" data-lazy=\"false\"><img decoding=\"async\" class=\"skip-lazy nectar-lazy\" src=\"https:\/\/modenafuturacreativa.it\/wp-content\/uploads\/2024\/02\/Modena-Unesco-3-600x450.jpg\" width=\"600\" height=\"450\" alt=\"Modena Unesco 3\" title=\"M\u00f3dena Unesco 3\" loading=\"lazy\" \/><a class=\"entire-slide-link\" aria-label=\"M\u00f3dena Unesco 3\"  href=\"https:\/\/modenafuturacreativa.it\/wp-content\/uploads\/2024\/02\/Modena-Unesco-3.jpg\"><\/a><\/div><div class=\"cell\" data-lazy=\"false\"><img decoding=\"async\" class=\"skip-lazy nectar-lazy\" src=\"https:\/\/modenafuturacreativa.it\/wp-content\/uploads\/2024\/02\/Modena-Unesco_Logo-600x450.jpg\" width=\"600\" height=\"450\" alt=\"Modena-Unesco_Logo\" title=\"Modena-Unesco_Logo\" loading=\"lazy\" \/><a class=\"entire-slide-link\" aria-label=\"Modena-Unesco_Logo\"  href=\"https:\/\/modenafuturacreativa.it\/wp-content\/uploads\/2024\/02\/Modena-Unesco_Logo.jpg\"><\/a><\/div><\/div><\/div><\/div><\/div>\n\t\t<\/div> \n\t<\/div> \n<div class=\"wpb_text_column wpb_content_element\" >\n\t<p><strong>Catedral, Ghirlandina y Piazza Grande en la nueva marca tur\u00edstica en activo con Creative City for Media arts. Reforzar la identidad del destino<br \/>\n<\/strong><\/p>\n<p>'Modena Unesco' es la nueva marca tur\u00edstica de la ciudad que se centra en el sitio de la Unesco con la Catedral, la Ghirlandina y la Piazza Grande, Patrimonio de la Humanidad desde 1997, y el reconocimiento obtenido en 2021 como Ciudad Creativa de la Unesco para las Artes Medi\u00e1ticas, \u00fanica entre las ciudades italianas.<\/p>\n<p>Ser patrimonio de la Unesco representa un fuerte elemento de identidad para M\u00f3dena como destino tur\u00edstico y en ello se centra la nueva campa\u00f1a de comunicaci\u00f3n, que arranca en los pr\u00f3ximos d\u00edas con el objetivo de potenciar los dos reconocimientos y aumentar el posicionamiento de la ciudad como destino de turismo art\u00edstico, cultural y de city break, incrementando llegadas y presencias. El bien patrimonial de la Unesco, de hecho, completa y enriquece las propuestas ya existentes en los \u00e1mbitos de \"arte y cultura\", \"enogastronom\u00eda\", \"motores\" y \"Apeninos\" y refuerza la oferta de calidad y diversificada del territorio.<\/p>\n<p>El proyecto \"M\u00f3dena Unesco\" se ha presentado esta ma\u00f1ana, martes 20 de febrero, en el Ayuntamiento con una rueda de prensa en la que han participado la concejala de Turismo y Promoci\u00f3n de la Ciudad, Ludovica Carla Ferrari; el concejal de Cultura, Andrea Bortolamasi; Francesca Piccinini, responsable de la Coordinaci\u00f3n Unesco; Giovanni Bertugli, gerente del Servicio de Turismo del Ayuntamiento de M\u00f3dena; Federico Alberto, director creativo de Studiowiki; y Francesco Ferro, director general de Integra Solutions.<\/p>\n<p>El proyecto para la promoci\u00f3n del patrimonio de la Unesco y de las artes medi\u00e1ticas se divide en dos l\u00edneas de actuaci\u00f3n: el dise\u00f1o y la realizaci\u00f3n de una campa\u00f1a de comunicaci\u00f3n digital integrada de la nueva identidad de marca \"M\u00f3dena Unesco\", como signo distintivo destinado a perdurar en el tiempo y a identificar un\u00edvocamente las dos certificaciones, el sitio del patrimonio mundial y la ciudad creativa; el dise\u00f1o y la realizaci\u00f3n de las ediciones de 2024 y 2025 del evento M\u00f3dena Patrimonio Mundial, que se celebrar\u00e1 en octubre, y que pondr\u00e1 de relieve el di\u00e1logo con las artes medi\u00e1ticas. La campa\u00f1a incluye tambi\u00e9n los Museos del Duomo, situados en la zona declarada Patrimonio Mundial de la UNESCO y reabiertos al p\u00fablico la pasada primavera tras un proyecto de renovaci\u00f3n y ampliaci\u00f3n con una nueva disposici\u00f3n enriquecida con instalaciones multimedia e interactivas.<\/p>\n<p>La campa\u00f1a creativa, implementada a trav\u00e9s de un amplio conjunto de plataformas y canales digitales, pretende llegar al mercado italiano, con especial atenci\u00f3n a las regiones lim\u00edtrofes, y al mercado extranjero, en particular a los pa\u00edses de habla alemana e inglesa, a los que se dedicar\u00e1n ofertas tur\u00edsticas espec\u00edficas con estancias de distinta duraci\u00f3n.<\/p>\n<p>El portal visitmodena.it propondr\u00e1 el calendario de eventos y experiencias relacionados con los lugares tur\u00edsticos Patrimonio de la Unesco, que, como ya ocurre con las propuestas de las dem\u00e1s zonas, podr\u00e1n reservarse todos en l\u00ednea: el sitio contar\u00e1 con una secci\u00f3n dedicada a la promoci\u00f3n y comercializaci\u00f3n del producto tur\u00edstico \"M\u00f3dena Unesco\", vinculada al portal nacional italia.it, donde tambi\u00e9n se publicar\u00e1n las experiencias en v\u00eddeo y los itinerarios de los testimonios y personas influyentes que participar\u00e1n gradualmente en el proyecto. Se presta especial atenci\u00f3n al p\u00fablico joven, gracias al uso de herramientas innovadoras que ofrece la tecnolog\u00eda para integrar los componentes culturales.<\/p>\n<p>El proyecto de marca y comunicaci\u00f3n \"M\u00f3dena Unesco\" est\u00e1 promovido por el Ayuntamiento de M\u00f3dena-Servicio de Promoci\u00f3n y Turismo de la Ciudad y financiado \u00edntegramente por el Ministerio de Turismo (a trav\u00e9s del \"Fondo en favor de los municipios con vocaci\u00f3n cultural, hist\u00f3rica, art\u00edstica y paisaj\u00edstica en cuyos territorios se encuentran sitios reconocidos por la Unesco como patrimonio mundial\") con una aportaci\u00f3n de 664.499 euros. La campa\u00f1a, que durar\u00e1 dos a\u00f1os y finalizar\u00e1 en 2025, est\u00e1 siendo realizada por Studiowiki e Integra Solutions, unidas en Ati, que gan\u00f3 el concurso convocado por el Ayuntamiento. Ambas agencias de comunicaci\u00f3n ya han desarrollado campa\u00f1as de promoci\u00f3n de la ciudad de M\u00f3dena con sus respectivos proyectos \"El sonido de M\u00f3dena\" y \"Perdidos en M\u00f3dena\". La nueva campa\u00f1a \"M\u00f3dena Unesco\" forma parte adicional y sin\u00e9rgica de la estrategia plurianual de promoci\u00f3n y valorizaci\u00f3n tur\u00edstica y cultural de la ciudad, aprovechando las oportunidades que ofrece la licitaci\u00f3n ministerial en una l\u00f3gica de refuerzo de lo ya existente.<\/p>\n<\/div>\n\n\n\n\n\t\t\t<\/div> \n\t\t<\/div>\n\t<\/div> \n<\/div><\/div>","protected":false},"excerpt":{"rendered":"Catedral, Ghirlandina y Piazza Grande en la nueva marca tur\u00edstica en activo con la Ciudad Creativa para las artes medi\u00e1ticas. Para reforzar la identidad del destino, \"M\u00f3dena Unesco\" es la nueva marca...","protected":false},"author":1,"featured_media":3485,"comment_status":"closed","ping_status":"closed","sticky":false,"template":"","format":"standard","meta":{"wpupg_custom_link":[],"wpupg_custom_link_behaviour":["default"],"wpupg_custom_link_nofollow":[],"wpupg_custom_image":[],"wpupg_custom_image_id":[],"footnotes":""},"categories":[475],"tags":[],"class_list":["post-3489","post","type-post","status-publish","format-standard","has-post-thumbnail","category-news"],"_links":{"self":[{"href":"https:\/\/modenafuturacreativa.it\/es\/wp-json\/wp\/v2\/posts\/3489","targetHints":{"allow":["GET"]}}],"collection":[{"href":"https:\/\/modenafuturacreativa.it\/es\/wp-json\/wp\/v2\/posts"}],"about":[{"href":"https:\/\/modenafuturacreativa.it\/es\/wp-json\/wp\/v2\/types\/post"}],"author":[{"embeddable":true,"href":"https:\/\/modenafuturacreativa.it\/es\/wp-json\/wp\/v2\/users\/1"}],"replies":[{"embeddable":true,"href":"https:\/\/modenafuturacreativa.it\/es\/wp-json\/wp\/v2\/comments?post=3489"}],"version-history":[{"count":4,"href":"https:\/\/modenafuturacreativa.it\/es\/wp-json\/wp\/v2\/posts\/3489\/revisions"}],"predecessor-version":[{"id":3493,"href":"https:\/\/modenafuturacreativa.it\/es\/wp-json\/wp\/v2\/posts\/3489\/revisions\/3493"}],"wp:featuredmedia":[{"embeddable":true,"href":"https:\/\/modenafuturacreativa.it\/es\/wp-json\/wp\/v2\/media\/3485"}],"wp:attachment":[{"href":"https:\/\/modenafuturacreativa.it\/es\/wp-json\/wp\/v2\/media?parent=3489"}],"wp:term":[{"taxonomy":"category","embeddable":true,"href":"https:\/\/modenafuturacreativa.it\/es\/wp-json\/wp\/v2\/categories?post=3489"},{"taxonomy":"post_tag","embeddable":true,"href":"https:\/\/modenafuturacreativa.it\/es\/wp-json\/wp\/v2\/tags?post=3489"}],"curies":[{"name":"wp","href":"https:\/\/api.w.org\/{rel}","templated":true}]}}