{"id":3479,"date":"2024-02-05T17:57:35","date_gmt":"2024-02-05T16:57:35","guid":{"rendered":"https:\/\/modenafuturacreativa.it\/?p=3479"},"modified":"2024-02-05T17:57:35","modified_gmt":"2024-02-05T16:57:35","slug":"modena-citta-creativa-per-le-media-arts","status":"publish","type":"post","link":"https:\/\/modenafuturacreativa.it\/es\/modena-citta-creativa-per-le-media-arts\/","title":{"rendered":"M\u00f3dena, ciudad creativa para las artes medi\u00e1ticas"},"content":{"rendered":"<div id=\"fws_6a9b7b0f34d9c\"  data-column-margin=\"default\" data-midnight=\"dark\"  class=\"wpb_row vc_row-fluid vc_row\"  style=\"padding-top: 0px; padding-bottom: 0px; \"><div class=\"row-bg-wrap\" data-bg-animation=\"none\" data-bg-animation-delay=\"\" data-bg-overlay=\"false\"><div class=\"inner-wrap row-bg-layer\" ><div class=\"row-bg viewport-desktop\"  style=\"\"><\/div><\/div><\/div><div class=\"row_col_wrap_12 col span_12 dark left\">\n\t<div  class=\"vc_col-sm-12 wpb_column column_container vc_column_container col no-extra-padding inherit_tablet inherit_phone\"  data-padding-pos=\"all\" data-has-bg-color=\"false\" data-bg-color=\"\" data-bg-opacity=\"1\" data-animation=\"\" data-delay=\"0\" >\n\t\t<div class=\"vc_column-inner\" >\n\t\t\t<div class=\"wpb_wrapper\">\n\t\t\t\t<div class=\"img-with-aniamtion-wrap center\" data-max-width=\"100%\" data-max-width-mobile=\"default\" data-shadow=\"none\" data-animation=\"none\" >\n      <div class=\"inner\">\n        <div class=\"hover-wrap\"> \n          <div class=\"hover-wrap-inner\">\n            <a href=\"https:\/\/modenafuturacreativa.it\/wp-content\/uploads\/2024\/02\/image-800-e5ea11d02877d43ec2aef3bc9c7b6ad5.jpeg\" class=\"pp center\">\n              <img loading=\"lazy\" decoding=\"async\" class=\"img-with-animation skip-lazy\" data-delay=\"0\" height=\"496\" width=\"800\" data-animation=\"none\" src=\"https:\/\/modenafuturacreativa.it\/wp-content\/uploads\/2024\/02\/image-800-e5ea11d02877d43ec2aef3bc9c7b6ad5.jpeg\" alt=\"\" srcset=\"https:\/\/modenafuturacreativa.it\/wp-content\/uploads\/2024\/02\/image-800-e5ea11d02877d43ec2aef3bc9c7b6ad5.jpeg 800w, https:\/\/modenafuturacreativa.it\/wp-content\/uploads\/2024\/02\/image-800-e5ea11d02877d43ec2aef3bc9c7b6ad5-300x186.jpeg 300w, https:\/\/modenafuturacreativa.it\/wp-content\/uploads\/2024\/02\/image-800-e5ea11d02877d43ec2aef3bc9c7b6ad5-768x476.jpeg 768w\" sizes=\"auto, (max-width: 800px) 100vw, 800px\" \/>\n            <\/a>\n          <\/div>\n        <\/div>\n         \n      <\/div>\n      <\/div>\n<div class=\"wpb_text_column wpb_content_element\" >\n\t<h3>Creatividad, Arte, M\u00fasica, Educaci\u00f3n, Industrias Creativas, Humanidades Digitales, Artes Digitales, Nuevas Tecnolog\u00edas, Innovaci\u00f3n, Sostenibilidad e Inclusi\u00f3n<\/h3>\n<p>M\u00f3dena, primera ciudad creativa de Italia por la Unesco para las artes medi\u00e1ticas, es un centro de excelencia para la innovaci\u00f3n y la experimentaci\u00f3n, centrado en las Humanidades Digitales, las Artes Digitales, las Nuevas Tecnolog\u00edas y el desarrollo de las industrias culturales y creativas.<\/p>\n<p>Desde 2021, la ciudad forma parte de la red internacional de Ciudades Creativas de la Unesco, compuesta por 350 ciudades, de las cuales 14 son italianas y 25 forman parte del cl\u00faster Media Arts.<\/p>\n<p>Este prestigioso galard\u00f3n consolida la posici\u00f3n de M\u00f3dena como lugar donde convergen el conocimiento human\u00edstico y cient\u00edfico, dando lugar a un ecosistema cultural innovador basado en la creatividad, la experimentaci\u00f3n y la investigaci\u00f3n...<\/p>\n<\/div>\n\n\n\n<div class=\"divider-wrap\" data-alignment=\"default\"><div style=\"height: 3vh;\" class=\"divider\"><\/div><\/div><div class=\"nectar-cta freccia alignment_tablet_default alignment_phone_default display_tablet_inherit display_phone_inherit\" data-color=\"default\" data-using-bg=\"false\" data-display=\"block\" data-style=\"underline\" data-alignment=\"left\" data-text-color=\"custom\" style=\"--nectar-text-color: #000000; --nectar-button-color: var(--nectar-default); --nectar-icon-gap: 10px; \"><h6 style=\"color: #000000;\"> <span class=\"link_wrap\" ><a target=\"_blank\" class=\"link_text\" style=\"border-color: #000000;\" role=\"button\" href=\"https:\/\/www.comune.modena.it\/novita\/notizie\/2024\/modena-citta-creativa-per-le-media-arts\">LEER EL ART\u00cdCULO COMPLETO <\/a><\/span><\/h6><\/div>\n\t\t\t<\/div> \n\t\t<\/div>\n\t<\/div> \n<\/div><\/div>","protected":false},"excerpt":{"rendered":"Creatividad, Arte, M\u00fasica, Educaci\u00f3n, Industrias creativas, Humanidades digitales, Artes digitales, Nuevas tecnolog\u00edas, Innovaci\u00f3n, Sostenibilidad e Inclusi\u00f3n M\u00f3dena, primera ciudad creativa de Italia para las artes medi\u00e1ticas, es un centro...","protected":false},"author":1,"featured_media":3480,"comment_status":"closed","ping_status":"closed","sticky":false,"template":"","format":"standard","meta":{"wpupg_custom_link":[],"wpupg_custom_link_behaviour":["default"],"wpupg_custom_link_nofollow":[],"wpupg_custom_image":[],"wpupg_custom_image_id":[],"footnotes":""},"categories":[135],"tags":[],"class_list":["post-3479","post","type-post","status-publish","format-standard","has-post-thumbnail","category-dicono-di-noi"],"_links":{"self":[{"href":"https:\/\/modenafuturacreativa.it\/es\/wp-json\/wp\/v2\/posts\/3479","targetHints":{"allow":["GET"]}}],"collection":[{"href":"https:\/\/modenafuturacreativa.it\/es\/wp-json\/wp\/v2\/posts"}],"about":[{"href":"https:\/\/modenafuturacreativa.it\/es\/wp-json\/wp\/v2\/types\/post"}],"author":[{"embeddable":true,"href":"https:\/\/modenafuturacreativa.it\/es\/wp-json\/wp\/v2\/users\/1"}],"replies":[{"embeddable":true,"href":"https:\/\/modenafuturacreativa.it\/es\/wp-json\/wp\/v2\/comments?post=3479"}],"version-history":[{"count":1,"href":"https:\/\/modenafuturacreativa.it\/es\/wp-json\/wp\/v2\/posts\/3479\/revisions"}],"predecessor-version":[{"id":3481,"href":"https:\/\/modenafuturacreativa.it\/es\/wp-json\/wp\/v2\/posts\/3479\/revisions\/3481"}],"wp:featuredmedia":[{"embeddable":true,"href":"https:\/\/modenafuturacreativa.it\/es\/wp-json\/wp\/v2\/media\/3480"}],"wp:attachment":[{"href":"https:\/\/modenafuturacreativa.it\/es\/wp-json\/wp\/v2\/media?parent=3479"}],"wp:term":[{"taxonomy":"category","embeddable":true,"href":"https:\/\/modenafuturacreativa.it\/es\/wp-json\/wp\/v2\/categories?post=3479"},{"taxonomy":"post_tag","embeddable":true,"href":"https:\/\/modenafuturacreativa.it\/es\/wp-json\/wp\/v2\/tags?post=3479"}],"curies":[{"name":"wp","href":"https:\/\/api.w.org\/{rel}","templated":true}]}}