{"id":3334,"date":"2023-11-30T11:04:30","date_gmt":"2023-11-30T10:04:30","guid":{"rendered":"https:\/\/modenafuturacreativa.it\/?p=3334"},"modified":"2025-03-21T14:18:26","modified_gmt":"2025-03-21T13:18:26","slug":"capodanno2024-modena","status":"publish","type":"post","link":"https:\/\/modenafuturacreativa.it\/es\/capodanno2024-modena\/","title":{"rendered":"L\u00c1SERES Y NOTAS EN LA FIESTA DE FIN DE A\u00d1O EN EL CENTRO DE LA CIUDAD"},"content":{"rendered":"<div id=\"fws_6a9b7becd48cf\"  data-column-margin=\"60px\" data-midnight=\"dark\"  class=\"wpb_row vc_row-fluid vc_row\"  style=\"padding-top: 0px; padding-bottom: 0px; \"><div class=\"row-bg-wrap\" data-bg-animation=\"none\" data-bg-animation-delay=\"\" data-bg-overlay=\"false\"><div class=\"inner-wrap row-bg-layer\" ><div class=\"row-bg viewport-desktop\"  style=\"\"><\/div><\/div><\/div><div class=\"row_col_wrap_12 col span_12 dark left\">\n\t<div  class=\"vc_col-sm-12 wpb_column column_container vc_column_container col no-extra-padding inherit_tablet inherit_phone\"  data-padding-pos=\"all\" data-has-bg-color=\"false\" data-bg-color=\"\" data-bg-opacity=\"1\" data-animation=\"\" data-delay=\"0\" >\n\t\t<div class=\"vc_column-inner\" >\n\t\t\t<div class=\"wpb_wrapper\">\n\t\t\t\t<div class=\"img-with-aniamtion-wrap\" data-max-width=\"100%\" data-max-width-mobile=\"default\" data-shadow=\"none\" data-animation=\"fade-in\" >\n      <div class=\"inner\">\n        <div class=\"hover-wrap\"> \n          <div class=\"hover-wrap-inner\">\n            <img loading=\"lazy\" decoding=\"async\" class=\"img-with-animation skip-lazy\" data-delay=\"0\" height=\"560\" width=\"1680\" data-animation=\"fade-in\" src=\"https:\/\/modenafuturacreativa.it\/wp-content\/uploads\/2023\/10\/ago-modena-progetto.jpg\" alt=\"\" srcset=\"https:\/\/modenafuturacreativa.it\/wp-content\/uploads\/2023\/10\/ago-modena-progetto.jpg 1680w, https:\/\/modenafuturacreativa.it\/wp-content\/uploads\/2023\/10\/ago-modena-progetto-300x100.jpg 300w, https:\/\/modenafuturacreativa.it\/wp-content\/uploads\/2023\/10\/ago-modena-progetto-1024x341.jpg 1024w, https:\/\/modenafuturacreativa.it\/wp-content\/uploads\/2023\/10\/ago-modena-progetto-768x256.jpg 768w, https:\/\/modenafuturacreativa.it\/wp-content\/uploads\/2023\/10\/ago-modena-progetto-1536x512.jpg 1536w\" sizes=\"auto, (max-width: 1680px) 100vw, 1680px\" \/>\n          <\/div>\n        <\/div>\n        \n      <\/div>\n    <\/div>\n<div class=\"wpb_text_column wpb_content_element\" >\n\t<p><strong>En el inmersivo espect\u00e1culo multimedia del artista Robert Henke, la m\u00fasica se \"proyecta\" sobre la fachada del antiguo Sant'Agostino, uni\u00e9ndolo al Palazzo dei Musei.<\/strong><\/p>\n<p>M\u00f3dena celebra el comienzo de 2024 iluminando Piazzale Sant'Agostino con la m\u00fasica y los l\u00e1seres del espect\u00e1culo audiovisual \"20232024\" del artista alem\u00e1n Robert Henke. Un espect\u00e1culo multimedia sin precedentes encargado por Node Festival en el que cada nota es al mismo tiempo luz y sonido y se compone creando un espect\u00e1culo de estreno mundial, elegante y refinado, envolvente y emocionante, en di\u00e1logo con el lugar donde tiene lugar y, por ello, \u00fanico.<\/p>\n<p>Henke, tambi\u00e9n conocido como Monolake y considerado uno de los mayores innovadores en el campo de la producci\u00f3n musical contempor\u00e1nea, ha entrelazado desde el principio de su carrera la experimentaci\u00f3n sonora y la programaci\u00f3n inform\u00e1tica, su trabajo como artista con el de ingeniero de sonido que construye sus propios \"instrumentos\". El nuevo trabajo que presentar\u00e1 en M\u00f3dena la noche del domingo 31 de diciembre, titulado \"20232024\", es precisamente la continuaci\u00f3n ideal de uno de sus espect\u00e1culos m\u00e1s populares, \"Lumiere\", que debut\u00f3 en el Centro Pompidou de Par\u00eds en 2015 y que tambi\u00e9n trajo a M\u00f3dena en 2016, como invitado de Node.<\/p>\n<p>Para el Consejero de Cultura y Pol\u00edticas de Juventud, Andrea Bortolamasi, \"la m\u00fasica y el arte electr\u00f3nico, juntos, dar\u00e1n vida a un espect\u00e1culo \u00fanico que llega a M\u00f3dena\", afirma, \"con el objetivo de acompa\u00f1ar a la ciudad en el nuevo a\u00f1o. Se trata de una cita realmente valiosa que cerrar\u00e1 el a\u00f1o 2023: gracias a Node, por tanto, que se confirma como uno de los actores m\u00e1s innovadores del panorama cultural italiano: nuevos sonidos y nuevas im\u00e1genes para un espect\u00e1culo, en efecto, innovador\". El concejal, por tanto, recuerda tambi\u00e9n que el Teatro Municipal Pavarotti-Freni propondr\u00e1 el primer d\u00eda de 2024, como ya hizo este a\u00f1o, \"un importante evento musical\" como el 'Concierto de Nochevieja' interpretado por la Filarmonica del Comunale, y que la noche del 31, el Teatro Storchi ofrecer\u00e1 \"un espect\u00e1culo relevante sobre los temas de la risa\" como 'La macchina comica'; mientras otros temas ultiman sus propias propuestas culturales y art\u00edsticas \"para un programa\", apunta Bortolamasi, \"que entre el 31 de diciembre y el 1 de enero ser\u00e1 tan rico en iniciativas en la ciudad como siempre\".<\/p>\n<p>El presidente de la Fondazione di Modena Matteo Tiezzi a\u00f1ade que \"la esfera performativa que vincula creatividad, sonido y artes medi\u00e1ticas representa el rasgo estil\u00edstico de esta propuesta altamente innovadora. Su \u00e9xito\", especifica Tiezzi, \"radica en la fascinaci\u00f3n y relevancia de la exploraci\u00f3n art\u00edstica, en su capacidad para emocionar y conmover la imaginaci\u00f3n del p\u00fablico\".<\/p>\n<p>Entrando en los detalles del espect\u00e1culo audiovisual de Henke \"20232024\", la obra representa la \u00faltima etapa en la exploraci\u00f3n por parte de Henke del l\u00e1ser como herramienta de expresi\u00f3n art\u00edstica, explotando las propiedades intr\u00ednsecas del medio y llev\u00e1ndolo m\u00e1s all\u00e1 de su potencial m\u00e1s extremo. Desde la pureza del blanco absoluto hasta la oscuridad casi total, desde colores imposibles de obtener mediante las tecnolog\u00edas de v\u00eddeo tradicionales hasta formas y fen\u00f3menos cin\u00e9ticos elegantes y elaborados, todo ello en profunda conexi\u00f3n con el elemento sonoro para realizar una experiencia multimedia cautivadora y emocionante.<\/p>\n<p>En el evento de M\u00f3dena, en concreto, diez l\u00e1seres de alta precisi\u00f3n, maniobrados por el propio artista, que se encarga tanto de la parte sonora como de la visual, crear\u00e1n formas, objetos y texturas sobre la l\u00e1mina que cubre la fachada del antiguo hospital de Sant'Agostino, uni\u00e9ndolo idealmente con el Palazzo dei Musei y creando una proyecci\u00f3n monumental de m\u00e1s de 80 metros. El espect\u00e1culo durar\u00e1 aproximadamente una hora.<\/p>\n<p>Nochevieja 2024 fusiona as\u00ed tambi\u00e9n los nuevos lenguajes de la tecnolog\u00eda con el arte y la creatividad en el \u00e1mbito de M\u00f3dena como Ciudad Creativa de la Unesco para las Artes Medi\u00e1ticas. La muestra est\u00e1 promovida por el Ayuntamiento de M\u00f3dena y comisariada por Node con el apoyo de la Fondazione di Modena y en colaboraci\u00f3n con Ago Modena Fabbriche Culturali.<\/p>\n<\/div>\n\n\n\n<div class=\"divider-wrap\" data-alignment=\"default\"><div style=\"height: 5vh;\" class=\"divider\"><\/div><\/div>\n\t\t\t<\/div> \n\t\t<\/div>\n\t<\/div> \n<\/div><\/div>","protected":false},"excerpt":{"rendered":"En el espect\u00e1culo inmersivo y multimedia del artista Robert Henke, la m\u00fasica se \"proyecta\" sobre la fachada del antiguo Sant'Agostino, uni\u00e9ndolo al Palazzo dei Musei. M\u00f3dena celebra el comienzo de 2024 iluminando la Piazzale Sant'Agostino con...","protected":false},"author":1,"featured_media":3335,"comment_status":"closed","ping_status":"closed","sticky":false,"template":"","format":"standard","meta":{"wpupg_custom_link":[],"wpupg_custom_link_behaviour":["default"],"wpupg_custom_link_nofollow":[],"wpupg_custom_image":[],"wpupg_custom_image_id":[],"footnotes":""},"categories":[475],"tags":[],"class_list":["post-3334","post","type-post","status-publish","format-standard","has-post-thumbnail","category-news"],"_links":{"self":[{"href":"https:\/\/modenafuturacreativa.it\/es\/wp-json\/wp\/v2\/posts\/3334","targetHints":{"allow":["GET"]}}],"collection":[{"href":"https:\/\/modenafuturacreativa.it\/es\/wp-json\/wp\/v2\/posts"}],"about":[{"href":"https:\/\/modenafuturacreativa.it\/es\/wp-json\/wp\/v2\/types\/post"}],"author":[{"embeddable":true,"href":"https:\/\/modenafuturacreativa.it\/es\/wp-json\/wp\/v2\/users\/1"}],"replies":[{"embeddable":true,"href":"https:\/\/modenafuturacreativa.it\/es\/wp-json\/wp\/v2\/comments?post=3334"}],"version-history":[{"count":5,"href":"https:\/\/modenafuturacreativa.it\/es\/wp-json\/wp\/v2\/posts\/3334\/revisions"}],"predecessor-version":[{"id":3340,"href":"https:\/\/modenafuturacreativa.it\/es\/wp-json\/wp\/v2\/posts\/3334\/revisions\/3340"}],"wp:featuredmedia":[{"embeddable":true,"href":"https:\/\/modenafuturacreativa.it\/es\/wp-json\/wp\/v2\/media\/3335"}],"wp:attachment":[{"href":"https:\/\/modenafuturacreativa.it\/es\/wp-json\/wp\/v2\/media?parent=3334"}],"wp:term":[{"taxonomy":"category","embeddable":true,"href":"https:\/\/modenafuturacreativa.it\/es\/wp-json\/wp\/v2\/categories?post=3334"},{"taxonomy":"post_tag","embeddable":true,"href":"https:\/\/modenafuturacreativa.it\/es\/wp-json\/wp\/v2\/tags?post=3334"}],"curies":[{"name":"wp","href":"https:\/\/api.w.org\/{rel}","templated":true}]}}