{"id":3280,"date":"2023-10-31T18:34:53","date_gmt":"2023-10-31T17:34:53","guid":{"rendered":"https:\/\/modenafuturacreativa.it\/?p=3280"},"modified":"2023-10-31T18:34:53","modified_gmt":"2023-10-31T17:34:53","slug":"media-arts-unesco-modena-at-the-international-meeting","status":"publish","type":"post","link":"https:\/\/modenafuturacreativa.it\/es\/media-arts-unesco-modena-at-the-international-meeting\/","title":{"rendered":"MEDIA ARTS UNESCO, MODENA EN EL ENCUENTRO INTERNACIONAL"},"content":{"rendered":"<div id=\"fws_6a9b912e10615\"  data-column-margin=\"60px\" data-midnight=\"dark\"  class=\"wpb_row vc_row-fluid vc_row\"  style=\"padding-top: 0px; padding-bottom: 0px; \"><div class=\"row-bg-wrap\" data-bg-animation=\"none\" data-bg-animation-delay=\"\" data-bg-overlay=\"false\"><div class=\"inner-wrap row-bg-layer\" ><div class=\"row-bg viewport-desktop\"  style=\"\"><\/div><\/div><\/div><div class=\"row_col_wrap_12 col span_12 dark left\">\n\t<div  class=\"vc_col-sm-12 wpb_column column_container vc_column_container col no-extra-padding inherit_tablet inherit_phone\"  data-padding-pos=\"all\" data-has-bg-color=\"false\" data-bg-color=\"\" data-bg-opacity=\"1\" data-animation=\"\" data-delay=\"0\" >\n\t\t<div class=\"vc_column-inner\" >\n\t\t\t<div class=\"wpb_wrapper\">\n\t\t\t\t<div class=\"img-with-aniamtion-wrap\" data-max-width=\"100%\" data-max-width-mobile=\"default\" data-shadow=\"none\" data-animation=\"fade-in\" >\n      <div class=\"inner\">\n        <div class=\"hover-wrap\"> \n          <div class=\"hover-wrap-inner\">\n            <img loading=\"lazy\" decoding=\"async\" class=\"img-with-animation skip-lazy\" data-delay=\"0\" height=\"1046\" width=\"1531\" data-animation=\"fade-in\" src=\"https:\/\/modenafuturacreativa.it\/wp-content\/uploads\/2023\/10\/KV_ANNUALMEETING_6OCTUBRE.ai_Mesa-de-trabajo-1.jpg\" alt=\"\" srcset=\"https:\/\/modenafuturacreativa.it\/wp-content\/uploads\/2023\/10\/KV_ANNUALMEETING_6OCTUBRE.ai_Mesa-de-trabajo-1.jpg 1531w, https:\/\/modenafuturacreativa.it\/wp-content\/uploads\/2023\/10\/KV_ANNUALMEETING_6OCTUBRE.ai_Mesa-de-trabajo-1-300x205.jpg 300w, https:\/\/modenafuturacreativa.it\/wp-content\/uploads\/2023\/10\/KV_ANNUALMEETING_6OCTUBRE.ai_Mesa-de-trabajo-1-1024x700.jpg 1024w, https:\/\/modenafuturacreativa.it\/wp-content\/uploads\/2023\/10\/KV_ANNUALMEETING_6OCTUBRE.ai_Mesa-de-trabajo-1-768x525.jpg 768w\" sizes=\"auto, (max-width: 1531px) 100vw, 1531px\" \/>\n          <\/div>\n        <\/div>\n        \n      <\/div>\n    <\/div>\n<div class=\"wpb_text_column wpb_content_element\" >\n\t<h3><strong>MEDIA ARTS UNESCO, MODENA EN EL ENCUENTRO INTERNACIONAL<br \/>\n<\/strong><\/h3>\n<p><strong>En Cali, Colombia, del 1 al 3 de noviembre, encuentro de las 16 ciudades creativas que integran la red. Oportunidad de promover y compartir proyectos<\/strong><\/p>\n<p>M\u00f3dena debuta en el encuentro internacional de ciudades creativas de la UNESCO para las Artes Medi\u00e1ticas que se celebra en Cali (Colombia) del 1 al 3 de noviembre y que re\u00fane a los componentes de la red fundada en 2004 para promover la cooperaci\u00f3n entre ciudades que de la creatividad un factor estrat\u00e9gico para el desarrollo urbano sostenible.<\/p>\n<p>16 de las 21 ciudades creativas de la UNESCO en el mundo participan en el evento, organizado por primera vez en Am\u00e9rica Latina, con el objetivo de compartir experiencias y conocimientos y debatir sobre futuros proyectos y retos, pero tambi\u00e9n de promocionarse internacionalmente.<\/p>\n<p>El encuentro, como subray\u00f3 el Concejal de Cultura del Ayuntamiento de M\u00f3dena, Andrea Bortolamasi, es una etapa m\u00e1s en el crecimiento de M\u00f3dena como ciudad creativa de la UNESCO: \"La presencia en Cali es una importante oportunidad para promover nuestra ciudad como lugar de cultura , creatividad e innovaci\u00f3n y para sentar las bases de nuevos proyectos en red con otras ciudades, abri\u00e9ndonos a nuevas realidades y confirmando la vocaci\u00f3n de internacionalizaci\u00f3n de los protagonistas de la escena cultural de la ciudad\".<\/p>\n<p>M\u00f3dena, ciudad creativa de la UNESCO para las artes medi\u00e1ticas desde el 8 de noviembre de 2021 y la \u00fanica de las ciudades creativas italianas en el grupo de las artes medi\u00e1ticas, se presenta con un v\u00eddeo (visible en el sitio web modenafuturacreativa.it y en el sitio web www.comune.modena.it) en el que se relatan las principales actividades, festivales y eventos culturales y art\u00edsticos que la ciudad acoge, propone y organiza en el \u00e1mbito de las artes medi\u00e1ticas: de la editorial digital Il Dondolo a DhMoRe, el centro UniMoRe que se ocupa de la digitalizaci\u00f3n del material documental de museos, bibliotecas y archivos del patrimonio de M\u00f3dena y nacional; de \"Node\" a los espect\u00e1culos multimedia propuestos por el Teatro Municipal Pavarotti-Freni; desde el FestivalFilosofia a la realidad virtual del Laboratorio Abierto hasta los proyectos que entrelazan m\u00e1s estrechamente las artes \"cl\u00e1sicas\" con los lenguajes tecnol\u00f3gicos y digitales propuestos, por ejemplo, por Fem-Future education Modena, por Ago Fabbriche cultural y por Fmav-Fondazione Modena visual arts, as\u00ed como los que implican al sistema de bibliotecas y al Museo C\u00edvico de M\u00f3dena. Todos los proyectos, actividades y perfiles de las entidades participantes en Modena ciudad creativa de la UNESCO para las artes medi\u00e1ticas pueden consultarse en el sitio web dedicado (modenafuturacreativa.it).<\/p>\n<p>La ciudad de M\u00f3dena est\u00e1 representada en Cali por Silvia Sitton, del Ayuntamiento de M\u00f3dena y punto focal Unesco Ciudad Creativa, y por Lorenzo Respi, director de Exposiciones y Colecciones de Fmav-Fondazione Modena Arti Visive. Participan en la reuni\u00f3n representantes de las ciudades danesas de Copenhague y Viborg; Par\u00eds y Enghien les Bains (Francia); Namur en B\u00e9lgica; Tiflis en Georgia; Toronto (Canad\u00e1); Gwanju (Corea del Sur); Karlsruhe (Alemania); Sapporo (Jap\u00f3n); Hamar (Noruega); Campina Grande (Brasil) Austin (Texas, Estados Unidos).<\/p>\n<p>El programa del encuentro incluye la presentaci\u00f3n de las ciudades participantes y de las actividades art\u00edsticas medi\u00e1ticas que llevan a cabo, as\u00ed como reuniones individuales de conocimiento e intercambio entre las ciudades con vistas al futuro desarrollo de proyectos comunes, interceptando tambi\u00e9n, cuando sea posible, financiaci\u00f3n europea.<\/p>\n<\/div>\n\n\n\n<div class=\"divider-wrap\" data-alignment=\"default\"><div style=\"height: 5vh;\" class=\"divider\"><\/div><\/div>\n\t\t\t<\/div> \n\t\t<\/div>\n\t<\/div> \n<\/div><\/div>","protected":false},"excerpt":{"rendered":"MEDIA ARTS UNESCO, MODENA EN LA REUNI\u00d3N INTERNACIONAL En Cali, Colombia, del 1 al 3 de noviembre, reuni\u00f3n de las 16 ciudades creativas que integran la red. Oportunidad para promover...","protected":false},"author":1,"featured_media":3260,"comment_status":"closed","ping_status":"closed","sticky":false,"template":"","format":"standard","meta":{"wpupg_custom_link":[],"wpupg_custom_link_behaviour":["default"],"wpupg_custom_link_nofollow":[],"wpupg_custom_image":[],"wpupg_custom_image_id":[],"footnotes":""},"categories":[39],"tags":[],"class_list":["post-3280","post","type-post","status-publish","format-standard","has-post-thumbnail","category-senza-categoria-en"],"_links":{"self":[{"href":"https:\/\/modenafuturacreativa.it\/es\/wp-json\/wp\/v2\/posts\/3280","targetHints":{"allow":["GET"]}}],"collection":[{"href":"https:\/\/modenafuturacreativa.it\/es\/wp-json\/wp\/v2\/posts"}],"about":[{"href":"https:\/\/modenafuturacreativa.it\/es\/wp-json\/wp\/v2\/types\/post"}],"author":[{"embeddable":true,"href":"https:\/\/modenafuturacreativa.it\/es\/wp-json\/wp\/v2\/users\/1"}],"replies":[{"embeddable":true,"href":"https:\/\/modenafuturacreativa.it\/es\/wp-json\/wp\/v2\/comments?post=3280"}],"version-history":[{"count":1,"href":"https:\/\/modenafuturacreativa.it\/es\/wp-json\/wp\/v2\/posts\/3280\/revisions"}],"predecessor-version":[{"id":3281,"href":"https:\/\/modenafuturacreativa.it\/es\/wp-json\/wp\/v2\/posts\/3280\/revisions\/3281"}],"wp:featuredmedia":[{"embeddable":true,"href":"https:\/\/modenafuturacreativa.it\/es\/wp-json\/wp\/v2\/media\/3260"}],"wp:attachment":[{"href":"https:\/\/modenafuturacreativa.it\/es\/wp-json\/wp\/v2\/media?parent=3280"}],"wp:term":[{"taxonomy":"category","embeddable":true,"href":"https:\/\/modenafuturacreativa.it\/es\/wp-json\/wp\/v2\/categories?post=3280"},{"taxonomy":"post_tag","embeddable":true,"href":"https:\/\/modenafuturacreativa.it\/es\/wp-json\/wp\/v2\/tags?post=3280"}],"curies":[{"name":"wp","href":"https:\/\/api.w.org\/{rel}","templated":true}]}}