{"id":2747,"date":"2023-08-03T17:23:55","date_gmt":"2023-08-03T15:23:55","guid":{"rendered":"https:\/\/modenafuturacreativa.it\/?p=2747"},"modified":"2025-03-21T14:18:26","modified_gmt":"2025-03-21T13:18:26","slug":"online-la-mappa-delle-media-arts","status":"publish","type":"post","link":"https:\/\/modenafuturacreativa.it\/es\/online-la-mappa-delle-media-arts\/","title":{"rendered":"Mapa en l\u00ednea de las artes medi\u00e1ticas"},"content":{"rendered":"<div id=\"fws_6a9b7b9b49809\"  data-column-margin=\"60px\" data-midnight=\"dark\"  class=\"wpb_row vc_row-fluid vc_row\"  style=\"padding-top: 0px; padding-bottom: 0px; \"><div class=\"row-bg-wrap\" data-bg-animation=\"none\" data-bg-animation-delay=\"\" data-bg-overlay=\"false\"><div class=\"inner-wrap row-bg-layer\" ><div class=\"row-bg viewport-desktop\"  style=\"\"><\/div><\/div><\/div><div class=\"row_col_wrap_12 col span_12 dark left\">\n\t<div  class=\"vc_col-sm-12 wpb_column column_container vc_column_container col no-extra-padding inherit_tablet inherit_phone\"  data-padding-pos=\"all\" data-has-bg-color=\"false\" data-bg-color=\"\" data-bg-opacity=\"1\" data-animation=\"\" data-delay=\"0\" >\n\t\t<div class=\"vc_column-inner\" >\n\t\t\t<div class=\"wpb_wrapper\">\n\t\t\t\t<div class=\"divider-wrap\" data-alignment=\"default\"><div style=\"height: 5vh;\" class=\"divider\"><\/div><\/div><div id=\"fws_6a9b7b9b49c82\" data-midnight=\"\" data-column-margin=\"default\" class=\"wpb_row vc_row-fluid vc_row inner_row\"  style=\"\"><div class=\"row-bg-wrap\"> <div class=\"row-bg\" ><\/div> <\/div><div class=\"row_col_wrap_12_inner col span_12  left\">\n\t<div  class=\"vc_col-sm-12 wpb_column column_container vc_column_container col child_column no-extra-padding inherit_tablet inherit_phone\"   data-padding-pos=\"all\" data-has-bg-color=\"false\" data-bg-color=\"\" data-bg-opacity=\"1\" data-animation=\"\" data-delay=\"0\" >\n\t\t<div class=\"vc_column-inner\" >\n\t\t<div class=\"wpb_wrapper\">\n\t\t\t\n<div class=\"wpb_text_column wpb_content_element\" >\n\t<h3 id=\"parent-fieldname-description\">Un viaje para conocer a todos los socios entre festivales, itinerarios expositivos innovadores, formaci\u00f3n avanzada, talleres, residencias art\u00edsticas y proyectos de digitalizaci\u00f3n.<\/h3>\n<div id=\"viewlet-above-content-body\">\n<p>Un gimnasio digital, una editorial digital, un festival dedicado al encuentro entre m\u00fasica y nuevas tecnolog\u00edas, un centro de producci\u00f3n cultural e investigaci\u00f3n sobre artes digitales. Estas son s\u00f3lo algunas de las actividades que dan vida al proyecto de M\u00f3dena como Ciudad Creativa de la Unesco para las Artes Medi\u00e1ticas indicado en el nuevo mapa de la creatividad que acaba de publicarse en el sitio web dedicado a M\u00f3dena futura creativa (<a href=\"https:\/\/modenafuturacreativa.it\/es\/mappa-della-creativita\/\">https:\/\/modenafuturacreativa.it\/mappa-della-creativita<\/a>) y tambi\u00e9n accesible desde la web municipal (<a href=\"http:\/\/www.comune.modena.it\/\">www.comune.modena.it<\/a>). El mapa va acompa\u00f1ado de un breve v\u00eddeo de presentaci\u00f3n.<\/p>\n<p>El mapa, que actualmente contiene 23 perfiles, permite al visitante orientarse sobre todas las entidades y organizaciones p\u00fablicas y privadas que llevan a cabo proyectos en el \u00e1mbito de las artes medi\u00e1ticas y estar al d\u00eda de las actividades y eventos: festivales, itinerarios expositivos innovadores, formaci\u00f3n avanzada, talleres creativos, residencias art\u00edsticas, proyectos de digitalizaci\u00f3n del patrimonio hist\u00f3rico y art\u00edstico, instalaciones interactivas y mucho m\u00e1s.<\/p>\n<p>\"Una oportunidad\", como subraya el Concejal de Cultura Andrea Bortolamasi, \"para descubrir los acontecimientos actuales y previstos con la cultura, la creatividad y la innovaci\u00f3n como ejes de referencia. Pero tambi\u00e9n una forma de contar, visualmente y con inmediatez, las transformaciones del presente y de imaginar el futuro. El mapa crea una relaci\u00f3n y una sinergia entre todos los sujetos que trabajan por la innovaci\u00f3n en el arte y la cultura y nos permite -contin\u00faa el concejal- tener una visi\u00f3n exhaustiva de todo lo que la ciudad ha propuesto y propone en el \u00e1mbito de las artes medi\u00e1ticas\".<\/p>\n<p>El mapa propone un perfil para cada organizaci\u00f3n que destaca el segmento de las artes medi\u00e1ticas de la organizaci\u00f3n y las iniciativas y proyectos llevados a cabo en este \u00e1mbito. Todas las actividades se agrupan en cinco categor\u00edas, cada una de las cuales se identifica con un color diferente: artes visuales, artes esc\u00e9nicas, educaci\u00f3n, m\u00fasica, digitalizaci\u00f3n. Y, de nuevo dentro de la ficha de presentaci\u00f3n de cada tema, tambi\u00e9n se recogen v\u00eddeos y entrevistas para \"entrar\" a\u00fan mejor en proyectos individuales como festivales, exposiciones, formaci\u00f3n avanzada, talleres, v\u00eddeos, residencias art\u00edsticas, lecturas, instalaciones interactivas.<\/p>\n<\/div>\n<\/div>\n\n\n\n\n\t\t<\/div> \n\t<\/div>\n\t<\/div> \n<\/div><\/div><div class=\"divider-wrap\" data-alignment=\"default\"><div style=\"height: 5vh;\" class=\"divider\"><\/div><\/div>\n\t<div class=\"wpb_video_widget wpb_content_element vc_clearfix   vc_video-aspect-ratio-169 vc_video-el-width-100 vc_video-align-center\" >\n\t\t<div class=\"wpb_wrapper\">\n\t\t\t\n\t\t\t<div class=\"wpb_video_wrapper\"><iframe loading=\"lazy\" title=\"MODENA CIUDAD CREATIVA, MAPA EN L\u00cdNEA DE LAS ARTES MEDI\u00c1TICAS\" width=\"500\" height=\"281\" src=\"https:\/\/www.youtube.com\/embed\/VZMH_kBEobc?feature=oembed\" frameborder=\"0\" allow=\"accelerometer; autoplay; clipboard-write; encrypted-media; gyroscope; picture-in-picture; web-share\" referrerpolicy=\"strict-origin-when-cross-origin\" allowfullscreen><\/iframe><\/div>\n\t\t<\/div>\n\t<\/div>\n\n\t\t\t<\/div> \n\t\t<\/div>\n\t<\/div> \n<\/div><\/div>","protected":false},"excerpt":{"rendered":"Un viaje para conocer a todos los socios entre festivales, recorridos expositivos innovadores, formaci\u00f3n avanzada, talleres, residencias art\u00edsticas y proyectos de digitalizaci\u00f3n Un gimnasio digital, una editorial digital, un festival dedicado...","protected":false},"author":1,"featured_media":2748,"comment_status":"closed","ping_status":"closed","sticky":false,"template":"","format":"standard","meta":{"wpupg_custom_link":[],"wpupg_custom_link_behaviour":["default"],"wpupg_custom_link_nofollow":[],"wpupg_custom_image":[],"wpupg_custom_image_id":[],"footnotes":""},"categories":[475],"tags":[],"class_list":["post-2747","post","type-post","status-publish","format-standard","has-post-thumbnail","category-news"],"_links":{"self":[{"href":"https:\/\/modenafuturacreativa.it\/es\/wp-json\/wp\/v2\/posts\/2747","targetHints":{"allow":["GET"]}}],"collection":[{"href":"https:\/\/modenafuturacreativa.it\/es\/wp-json\/wp\/v2\/posts"}],"about":[{"href":"https:\/\/modenafuturacreativa.it\/es\/wp-json\/wp\/v2\/types\/post"}],"author":[{"embeddable":true,"href":"https:\/\/modenafuturacreativa.it\/es\/wp-json\/wp\/v2\/users\/1"}],"replies":[{"embeddable":true,"href":"https:\/\/modenafuturacreativa.it\/es\/wp-json\/wp\/v2\/comments?post=2747"}],"version-history":[{"count":1,"href":"https:\/\/modenafuturacreativa.it\/es\/wp-json\/wp\/v2\/posts\/2747\/revisions"}],"predecessor-version":[{"id":2749,"href":"https:\/\/modenafuturacreativa.it\/es\/wp-json\/wp\/v2\/posts\/2747\/revisions\/2749"}],"wp:featuredmedia":[{"embeddable":true,"href":"https:\/\/modenafuturacreativa.it\/es\/wp-json\/wp\/v2\/media\/2748"}],"wp:attachment":[{"href":"https:\/\/modenafuturacreativa.it\/es\/wp-json\/wp\/v2\/media?parent=2747"}],"wp:term":[{"taxonomy":"category","embeddable":true,"href":"https:\/\/modenafuturacreativa.it\/es\/wp-json\/wp\/v2\/categories?post=2747"},{"taxonomy":"post_tag","embeddable":true,"href":"https:\/\/modenafuturacreativa.it\/es\/wp-json\/wp\/v2\/tags?post=2747"}],"curies":[{"name":"wp","href":"https:\/\/api.w.org\/{rel}","templated":true}]}}