{"id":253,"date":"2021-09-14T11:17:02","date_gmt":"2021-09-14T09:17:02","guid":{"rendered":"https:\/\/modenafutura.com\/?p=253"},"modified":"2025-03-21T14:18:27","modified_gmt":"2025-03-21T13:18:27","slug":"modena-percorso-di-candidatura-citta-creativa-unesco-appuntamento-ai-giardini","status":"publish","type":"post","link":"https:\/\/modenafuturacreativa.it\/es\/modena-percorso-di-candidatura-citta-creativa-unesco-appuntamento-ai-giardini\/","title":{"rendered":"MODENA CANDIDATA A CIUDAD CREATIVA DE LA UNESCO, CITA EN LOS JARDINES"},"content":{"rendered":"<div id=\"fws_6a9b7beb8acdc\"  data-column-margin=\"60px\" data-midnight=\"dark\"  class=\"wpb_row vc_row-fluid vc_row\"  style=\"padding-top: 0px; padding-bottom: 0px; \"><div class=\"row-bg-wrap\" data-bg-animation=\"none\" data-bg-animation-delay=\"\" data-bg-overlay=\"false\"><div class=\"inner-wrap row-bg-layer\" ><div class=\"row-bg viewport-desktop\"  style=\"\"><\/div><\/div><\/div><div class=\"row_col_wrap_12 col span_12 dark left\">\n\t<div  class=\"vc_col-sm-6 wpb_column column_container vc_column_container col no-extra-padding inherit_tablet inherit_phone\"  data-padding-pos=\"all\" data-has-bg-color=\"false\" data-bg-color=\"\" data-bg-opacity=\"1\" data-animation=\"\" data-delay=\"0\" >\n\t\t<div class=\"vc_column-inner\" >\n\t\t\t<div class=\"wpb_wrapper\">\n\t\t\t\t\n<div class=\"wpb_text_column wpb_content_element\" >\n\t<div id=\"parent-fieldname-description\">\n<div id=\"parent-fieldname-description\">\n<div id=\"parent-fieldname-description\">\n<div id=\"parent-fieldname-description\"><strong>El mi\u00e9rcoles 15 de septiembre, a las 18.30 horas, en el Parque Ducal, reuni\u00f3n de \"Futura creativa\u00b2\" para presentar a la ciudad el proyecto que el municipio ha nominado para Media arts en Par\u00eds.<\/strong><\/div>\n<div id=\"viewlet-above-content-body\"><\/div>\n<div id=\"content-core\">\n<div id=\"parent-fieldname-text\">\n<p>Innovaci\u00f3n digital, inteligencia artificial, nuevos productos culturales y proyectos tecnol\u00f3gicamente avanzados aplicados a la m\u00fasica, las artes figurativas, el teatro y la educaci\u00f3n. Estos son los temas centrales de \"Futura creativa\u00b2\", el encuentro previsto para el mi\u00e9rcoles 15 de septiembre, a las 18.30 horas, en los Jardines Ducales, para presentar al p\u00fablico la candidatura de M\u00f3dena como Ciudad Creativa de la Unesco para las artes medi\u00e1ticas.<\/p>\n<p>Tras haber superado la selecci\u00f3n nacional, junto con la ciudad de Como nominada para Artesan\u00eda y Arte Popular, M\u00f3dena representar\u00e1 de hecho a Italia en la selecci\u00f3n final para el ingreso en la red de Ciudades Creativas de la Unesco que tendr\u00e1 lugar en Par\u00eds a finales de octubre. La red de ciudades creativas consta actualmente de 246 ciudades en unos ochenta pa\u00edses de los cinco continentes. En Italia hay once ciudades creativas y M\u00f3dena ser\u00eda la \u00fanica seleccionada para las artes medi\u00e1ticas. Antes de llegar a Par\u00eds, la candidatura de M\u00f3dena se presentar\u00e1 tambi\u00e9n en Carrara, del 24 al 26 de septiembre, y en Biella, los d\u00edas 2 y 3 de octubre, en el marco de los foros de la red de ciudades creativas.<\/p>\n<p>\"Futura creativa\u00b2\", el segundo acto de presentaci\u00f3n de la candidatura, es una oportunidad para dialogar con las numerosas entidades p\u00fablicas y privadas que contribuyen al desarrollo del proyecto y se centrar\u00e1 en el reto de la innovaci\u00f3n digital en el \u00e1mbito cultural y art\u00edstico. La entrada debe reservarse con antelaci\u00f3n, en l\u00ednea (<a href=\"mailto:biglietteria@emiliaromagnateatro.com\">biglietteria@emiliaromagnateatro.com<\/a>), por tel\u00e9fono en el 059 213 6021, en la taquilla del Teatro Storchi o directamente en los Jardines Ducales desde una hora antes del comienzo. Para acceder es necesario presentar el Pase Verde. El evento se retransmitir\u00e1 en directo en la p\u00e1gina fb de la Ciudad de M\u00f3dena (<a href=\"http:\/\/www.facebook.com\/cittadimodena\">www.facebook.com\/cittadimodena<\/a>).<\/p>\n<p>Tras los saludos del alcalde Gian Carlo Muzzarelli, Mauro Felicori, consejero regional de Cultura (presente con un mensaje de v\u00eddeo), y Paolo Cavicchioli, presidente de la Fundaci\u00f3n M\u00f3dena, el consejero de Cultura Andrea Bortolamasi presentar\u00e1 un avance del v\u00eddeo de la candidatura.<\/p>\n<p>En las ponencias se explorar\u00e1n numerosos temas: \"Ciudad de nueva generaci\u00f3n: c\u00f3mo valorizar a los j\u00f3venes talentos a trav\u00e9s de las artes medi\u00e1ticas\" es el discurso de Lara Oliveti, fundadora de la empresa de juegos Melazeta; la innovaci\u00f3n en la formaci\u00f3n y la educaci\u00f3n es el tema de Donatella Solda, directora de Fem-Future education Modena, mientras que el desarrollo de las tecnolog\u00edas digitales en las actividades teatrales ser\u00e1 explicado por Patrizia Ghedini, presidenta de Ater Fondazione.<\/p>\n<p>Rita Cucchiara, profesora de Visi\u00f3n Artificial en Unimore, introducir\u00e1 al p\u00fablico en el mundo de la inteligencia artificial aplicada a la creatividad y la cultura. La inteligencia artificial desde el punto de vista del impacto cultural es tambi\u00e9n el tema de Luca Baraldi (responsable de identidad corporativa en Ammagamma), mientras que \"La inteligencia natural como alimento de la inteligencia artificial\" es el t\u00edtulo de la intervenci\u00f3n de Maurizio Ferraris, profesor de Filosof\u00eda Te\u00f3rica en la Universidad de Tur\u00edn (a distancia). Por \u00faltimo, \"Ciudades creativas y resilientes\" es el tema de la intervenci\u00f3n de Costanza Ferrarini, de la Oficina de Proyectos Unesco de la Fundaci\u00f3n Alessandro Volta de Como.<\/p>\n<p>El encuentro finalizar\u00e1 con una actuaci\u00f3n audiovisual del artista multimedia JesterN, titulada \"Laser drawing\".<\/p>\n<p>En caso de mal tiempo, la reuni\u00f3n se celebrar\u00e1 en la iglesia de San Carlo (M\u00f3dena - via San Carlo, 7).\n<\/p><\/div>\n<\/div>\n<\/div>\n<\/div>\n<\/div>\n<\/div>\n\n\n\n\n\t\t\t<\/div> \n\t\t<\/div>\n\t<\/div> \n\n\t<div  class=\"vc_col-sm-6 wpb_column column_container vc_column_container col no-extra-padding inherit_tablet inherit_phone\"  data-padding-pos=\"all\" data-has-bg-color=\"false\" data-bg-color=\"\" data-bg-opacity=\"1\" data-animation=\"\" data-delay=\"0\" >\n\t\t<div class=\"vc_column-inner\" >\n\t\t\t<div class=\"wpb_wrapper\">\n\t\t\t\t\n<div class=\"wpb_text_column wpb_content_element\" >\n\t<h6><strong>GALER\u00cdA DE IM\u00c1GENES<\/strong><\/h6>\n<\/div>\n\n\n\n\n\t<div class=\"wpb_gallery wpb_content_element clearfix\">\n\t\t<div class=\"wpb_wrapper\"><div class=\"wpb_gallery_slidesimage_grid\" data-onclick=\"link_image\" data-interval=\"5\">\n\n\t<div class=\"portfolio-wrap\">\n\n\t\t\t<span class=\"portfolio-loading\"><\/span>\n\n\t\t\t<div class=\"row portfolio-items no-masonry\" data-starting-filter=\"\" data-gutter=\"default\" data-masonry-type=\"default\" data-bypass-cropping=\"\"  data-ps=\"7\" data-loading=\"default\" data-categories-to-show=\"\" data-col-num=\"cols-2\">\n\n\n\n\t\n\t\t\t\t\t\t\t<div class=\"col span_6  element\" data-project-cat=\"\" data-default-color=\"true\" data-title-color=\"\" data-subtitle-color=\"\">\n\n\t\t\t\t\t\t\t<div class=\"inner-wrap animated\" data-animation=\"none\">\n\n\t\t\t\t\t\t\t\n\t\t\t\t\t\t\t<div class=\"work-item style-2\">\n\n\t\t\t\t\t\t\t\t<img decoding=\"async\" class=\"skip-lazy top-level-image\" src=\"https:\/\/modenafuturacreativa.it\/wp-content\/uploads\/2021\/09\/futura-creativa-552x400.jpg\" width=\"552\" height=\"400\" alt=\"futura-creativa\" title=\"futuro-creativo\" loading=\"lazy\" \/>\n\t\t\t\t\t\t\t\t<div class=\"work-info-bg\"><\/div>\n\t\t\t\t\t\t\t\t<div class=\"work-info\">\n\n\n\t\t\t\t\t\t\t\t\t\t\t\t\t\t\t\t\t   \t\t\t <a href=\"https:\/\/modenafuturacreativa.it\/wp-content\/uploads\/2021\/09\/futura-creativa.jpg\" class=\"pretty_photo\"><span class=\"screen-reader-text\">futuro-creativo<\/span><\/a>\n\t\t\t\t\t\t\t\t   \t\t\n\t\t\t\t\t\t\t\t\t\t<div class=\"vert-center\">\n\t\t\t\t\t\t\t\t\t\t\t\t\t\t\t\t\t\t\t\t\t<\/div><!--\/vert-center-->\n\n\t\t\t\t\t\t\t\t\t\n\n\t\t\t\t\t\t\t\t<\/div>\n\t\t\t\t\t\t\t<\/div><!--work-item-->\n\n\t\t\t\t\t\t\n\n\t\t\t\t\t\t<\/div><\/div> \n\t\t\t\t\t\t\n\t\t\t\t\t\t\t<div class=\"col span_6  element\" data-project-cat=\"\" data-default-color=\"true\" data-title-color=\"\" data-subtitle-color=\"\">\n\n\t\t\t\t\t\t\t<div class=\"inner-wrap animated\" data-animation=\"none\">\n\n\t\t\t\t\t\t\t\n\t\t\t\t\t\t\t<div class=\"work-item style-2\">\n\n\t\t\t\t\t\t\t\t<img decoding=\"async\" class=\"skip-lazy top-level-image\" src=\"https:\/\/modenafuturacreativa.it\/wp-content\/uploads\/2021\/09\/futura-creativa2-552x400.jpg\" width=\"552\" height=\"400\" alt=\"futura-creativa2\" title=\"futuro-creativo2\" loading=\"lazy\" \/>\n\t\t\t\t\t\t\t\t<div class=\"work-info-bg\"><\/div>\n\t\t\t\t\t\t\t\t<div class=\"work-info\">\n\n\n\t\t\t\t\t\t\t\t\t\t\t\t\t\t\t\t\t   \t\t\t <a href=\"https:\/\/modenafuturacreativa.it\/wp-content\/uploads\/2021\/09\/futura-creativa2.jpg\" class=\"pretty_photo\"><span class=\"screen-reader-text\">futuro-creativo2<\/span><\/a>\n\t\t\t\t\t\t\t\t   \t\t\n\t\t\t\t\t\t\t\t\t\t<div class=\"vert-center\">\n\t\t\t\t\t\t\t\t\t\t\t\t\t\t\t\t\t\t\t\t\t<\/div><!--\/vert-center-->\n\n\t\t\t\t\t\t\t\t\t\n\n\t\t\t\t\t\t\t\t<\/div>\n\t\t\t\t\t\t\t<\/div><!--work-item-->\n\n\t\t\t\t\t\t\n\n\t\t\t\t\t\t<\/div><\/div> \n\t\t\t\t\t\t<\/div><\/div><\/div>\n\t\t<\/div> \n\t<\/div> \n\t\t\t<\/div> \n\t\t<\/div>\n\t<\/div> \n<\/div><\/div>","protected":false},"excerpt":{"rendered":"<p>El mi\u00e9rcoles 15 de septiembre, a las 18.30 horas, en el Parque Ducal, reuni\u00f3n de \"Futura creativa\u00b2\" para presentar a la ciudad el proyecto que el municipio ha nominado para Media arts en Par\u00eds.<\/p>","protected":false},"author":1,"featured_media":288,"comment_status":"closed","ping_status":"closed","sticky":false,"template":"","format":"standard","meta":{"wpupg_custom_link":[],"wpupg_custom_link_behaviour":[],"wpupg_custom_link_nofollow":[],"wpupg_custom_image":[],"wpupg_custom_image_id":[],"footnotes":""},"categories":[475],"tags":[],"class_list":["post-253","post","type-post","status-publish","format-standard","has-post-thumbnail","category-news"],"_links":{"self":[{"href":"https:\/\/modenafuturacreativa.it\/es\/wp-json\/wp\/v2\/posts\/253","targetHints":{"allow":["GET"]}}],"collection":[{"href":"https:\/\/modenafuturacreativa.it\/es\/wp-json\/wp\/v2\/posts"}],"about":[{"href":"https:\/\/modenafuturacreativa.it\/es\/wp-json\/wp\/v2\/types\/post"}],"author":[{"embeddable":true,"href":"https:\/\/modenafuturacreativa.it\/es\/wp-json\/wp\/v2\/users\/1"}],"replies":[{"embeddable":true,"href":"https:\/\/modenafuturacreativa.it\/es\/wp-json\/wp\/v2\/comments?post=253"}],"version-history":[{"count":5,"href":"https:\/\/modenafuturacreativa.it\/es\/wp-json\/wp\/v2\/posts\/253\/revisions"}],"predecessor-version":[{"id":425,"href":"https:\/\/modenafuturacreativa.it\/es\/wp-json\/wp\/v2\/posts\/253\/revisions\/425"}],"wp:featuredmedia":[{"embeddable":true,"href":"https:\/\/modenafuturacreativa.it\/es\/wp-json\/wp\/v2\/media\/288"}],"wp:attachment":[{"href":"https:\/\/modenafuturacreativa.it\/es\/wp-json\/wp\/v2\/media?parent=253"}],"wp:term":[{"taxonomy":"category","embeddable":true,"href":"https:\/\/modenafuturacreativa.it\/es\/wp-json\/wp\/v2\/categories?post=253"},{"taxonomy":"post_tag","embeddable":true,"href":"https:\/\/modenafuturacreativa.it\/es\/wp-json\/wp\/v2\/tags?post=253"}],"curies":[{"name":"wp","href":"https:\/\/api.w.org\/{rel}","templated":true}]}}