{"id":251,"date":"2021-09-14T11:09:34","date_gmt":"2021-09-14T09:09:34","guid":{"rendered":"https:\/\/modenafutura.com\/?p=251"},"modified":"2025-03-21T14:18:27","modified_gmt":"2025-03-21T13:18:27","slug":"la-nuova-porta-multimediale-per-la-cultura-della-citta","status":"publish","type":"post","link":"https:\/\/modenafuturacreativa.it\/es\/la-nuova-porta-multimediale-per-la-cultura-della-citta\/","title":{"rendered":"LA NUEVA PUERTA MULTIMEDIA A LA CULTURA DE LA CIUDAD"},"content":{"rendered":"<div id=\"fws_6a9b7c02bcf37\"  data-column-margin=\"60px\" data-midnight=\"dark\"  class=\"wpb_row vc_row-fluid vc_row\"  style=\"padding-top: 0px; padding-bottom: 0px; \"><div class=\"row-bg-wrap\" data-bg-animation=\"none\" data-bg-animation-delay=\"\" data-bg-overlay=\"false\"><div class=\"inner-wrap row-bg-layer\" ><div class=\"row-bg viewport-desktop\"  style=\"\"><\/div><\/div><\/div><div class=\"row_col_wrap_12 col span_12 dark left\">\n\t<div  class=\"vc_col-sm-12 wpb_column column_container vc_column_container col no-extra-padding inherit_tablet inherit_phone\"  data-padding-pos=\"all\" data-has-bg-color=\"false\" data-bg-color=\"\" data-bg-opacity=\"1\" data-animation=\"\" data-delay=\"0\" >\n\t\t<div class=\"vc_column-inner\" >\n\t\t\t<div class=\"wpb_wrapper\">\n\t\t\t\t\n<div class=\"wpb_text_column wpb_content_element\" >\n\t<div id=\"parent-fieldname-description\">\n<div id=\"parent-fieldname-description\">\n<div id=\"parent-fieldname-description\">\n<div id=\"parent-fieldname-description\">\n<div id=\"parent-fieldname-description\">\n<div id=\"parent-fieldname-description\"><strong>El proyecto \"Puerta Abierta\", que se realizar\u00e1 en la planta baja del antiguo Ospedale Estense con el Museo C\u00edvico y los Archivos, se present\u00f3 a la convocatoria de ayudas del Ministerio<\/strong><\/div>\n<div id=\"viewlet-above-content-body\"><\/div>\n<div id=\"content-core\">\n<div id=\"parent-fieldname-text\">\n<p>Crear una verdadera puerta de entrada, f\u00edsica y virtual, al sistema cultural y muse\u00edstico de la ciudad que se est\u00e1 desarrollando en el Palacio de los Museos de M\u00f3dena con los proyectos de Sant'Agostino y la obra ya en marcha en el antiguo Ospedale Estense. M\u00e1s de 2.500 metros cuadrados de la planta baja de este edificio, al que pronto se podr\u00e1 acceder tambi\u00e9n desde la entrada del Palacio por la plaza Sant'Agostino, se reurbanizar\u00e1n, de los cuales casi 1.500 se destinar\u00e1n a nuevos espacios de exposici\u00f3n, recepci\u00f3n y laboratorio, con la creaci\u00f3n de un \u00e1rea multimedia e interactiva, tambi\u00e9n de car\u00e1cter inmersivo, para valorizar el patrimonio del Museo C\u00edvico, el Archivo Hist\u00f3rico Municipal y la Biblioteca Poletti. Al mismo tiempo, est\u00e1 en marcha un proceso de digitalizaci\u00f3n de miles de obras del Museo y el Archivo para facilitar su conservaci\u00f3n, acceso y puesta en valor.<\/p>\n<p>Estas son las principales caracter\u00edsticas del proyecto \"Puerta Abierta, la nueva puerta de la ciudad\" aprobado por el Ayuntamiento, a propuesta de la concejala de Cultura, Andrea Bortolamasi, para optar a la convocatoria del Fondo de Cultura del Ministerio de Cultura y Turismo. El proyecto tiene un valor total de un mill\u00f3n 390 mil euros y cuenta con una financiaci\u00f3n ministerial de un mill\u00f3n de euros, que es el m\u00e1ximo posible, con una cofinanciaci\u00f3n que supera ampliamente el 20% exigido por los criterios de la convocatoria.<\/p>\n<p>El proyecto ha sido desarrollado por el Ayuntamiento de M\u00f3dena (Museo C\u00edvico, Archivo Hist\u00f3rico y Servicio de Edificios Hist\u00f3ricos) con la colaboraci\u00f3n del Departamento de Arquitectura de la Universidad de Bolonia, como parte de las iniciativas que desarrollan el di\u00e1logo entre las innovaciones tecnol\u00f3gicas y las herramientas digitales aplicadas a la conservaci\u00f3n, protecci\u00f3n y fruici\u00f3n cultural, art\u00edstica y arquitect\u00f3nica. Estos temas se refieren a la digitalizaci\u00f3n como medio necesario para contribuir a las pol\u00edticas de desarrollo sostenible establecidas en la Agenda 2030 de las Naciones Unidas y recuerdan expl\u00edcitamente el trabajo en curso para la candidatura en la red de Ciudades Creativas de la Unesco. El marco de referencia del proyecto es, por tanto, uno en el que, adem\u00e1s de los institutos culturales, participan el Laboratorio Abierto, Fem, el proyecto de recuperaci\u00f3n de las Ex-Fundiciones con el Dast, el Centro de Datos y el uso de big data para la formaci\u00f3n.<\/p>\n<p>La resoluci\u00f3n tambi\u00e9n se\u00f1ala entre los objetivos el desarrollo de la capacidad de interceptar y comprometer al p\u00fablico mediante el uso de recursos digitales en una perspectiva multimedia y la posibilidad de mejorar la accesibilidad y usabilidad de obras y documentos gracias a las nuevas tecnolog\u00edas y la interoperabilidad de datos.<\/p>\n<p>&nbsp;<\/p>\n<\/div>\n<\/div>\n<\/div>\n<\/div>\n<\/div>\n<\/div>\n<\/div>\n<\/div>\n\n\n\n\n\t\t\t<\/div> \n\t\t<\/div>\n\t<\/div> \n<\/div><\/div>","protected":false},"excerpt":{"rendered":"El proyecto \"Puerta Abierta\", que se realizar\u00e1 en la planta baja del antiguo Hospital Estense con el Museo C\u00edvico y Archivo, se present\u00f3 a la convocatoria de ayudas del Ministerio Para realizar una verdadera...","protected":false},"author":1,"featured_media":186,"comment_status":"closed","ping_status":"closed","sticky":false,"template":"","format":"standard","meta":{"wpupg_custom_link":[],"wpupg_custom_link_behaviour":[],"wpupg_custom_link_nofollow":[],"wpupg_custom_image":[],"wpupg_custom_image_id":[],"footnotes":""},"categories":[475],"tags":[],"class_list":["post-251","post","type-post","status-publish","format-standard","has-post-thumbnail","category-news"],"_links":{"self":[{"href":"https:\/\/modenafuturacreativa.it\/es\/wp-json\/wp\/v2\/posts\/251","targetHints":{"allow":["GET"]}}],"collection":[{"href":"https:\/\/modenafuturacreativa.it\/es\/wp-json\/wp\/v2\/posts"}],"about":[{"href":"https:\/\/modenafuturacreativa.it\/es\/wp-json\/wp\/v2\/types\/post"}],"author":[{"embeddable":true,"href":"https:\/\/modenafuturacreativa.it\/es\/wp-json\/wp\/v2\/users\/1"}],"replies":[{"embeddable":true,"href":"https:\/\/modenafuturacreativa.it\/es\/wp-json\/wp\/v2\/comments?post=251"}],"version-history":[{"count":1,"href":"https:\/\/modenafuturacreativa.it\/es\/wp-json\/wp\/v2\/posts\/251\/revisions"}],"predecessor-version":[{"id":252,"href":"https:\/\/modenafuturacreativa.it\/es\/wp-json\/wp\/v2\/posts\/251\/revisions\/252"}],"wp:featuredmedia":[{"embeddable":true,"href":"https:\/\/modenafuturacreativa.it\/es\/wp-json\/wp\/v2\/media\/186"}],"wp:attachment":[{"href":"https:\/\/modenafuturacreativa.it\/es\/wp-json\/wp\/v2\/media?parent=251"}],"wp:term":[{"taxonomy":"category","embeddable":true,"href":"https:\/\/modenafuturacreativa.it\/es\/wp-json\/wp\/v2\/categories?post=251"},{"taxonomy":"post_tag","embeddable":true,"href":"https:\/\/modenafuturacreativa.it\/es\/wp-json\/wp\/v2\/tags?post=251"}],"curies":[{"name":"wp","href":"https:\/\/api.w.org\/{rel}","templated":true}]}}