{"id":249,"date":"2021-09-14T11:08:27","date_gmt":"2021-09-14T09:08:27","guid":{"rendered":"https:\/\/modenafutura.com\/?p=249"},"modified":"2025-03-21T14:18:27","modified_gmt":"2025-03-21T13:18:27","slug":"citta-creative-unesco-modena-in-finale-a-parigi","status":"publish","type":"post","link":"https:\/\/modenafuturacreativa.it\/es\/citta-creative-unesco-modena-in-finale-a-parigi\/","title":{"rendered":"CIUDADES CREATIVAS DE LA UNESCO, MODENA EN LA FINAL DE PARIS"},"content":{"rendered":"<div id=\"fws_6a9b7b89459e3\"  data-column-margin=\"60px\" data-midnight=\"dark\"  class=\"wpb_row vc_row-fluid vc_row\"  style=\"padding-top: 0px; padding-bottom: 0px; \"><div class=\"row-bg-wrap\" data-bg-animation=\"none\" data-bg-animation-delay=\"\" data-bg-overlay=\"false\"><div class=\"inner-wrap row-bg-layer\" ><div class=\"row-bg viewport-desktop\"  style=\"\"><\/div><\/div><\/div><div class=\"row_col_wrap_12 col span_12 dark left\">\n\t<div  class=\"vc_col-sm-12 wpb_column column_container vc_column_container col no-extra-padding inherit_tablet inherit_phone\"  data-padding-pos=\"all\" data-has-bg-color=\"false\" data-bg-color=\"\" data-bg-opacity=\"1\" data-animation=\"\" data-delay=\"0\" >\n\t\t<div class=\"vc_column-inner\" >\n\t\t\t<div class=\"wpb_wrapper\">\n\t\t\t\t\n<div class=\"wpb_text_column wpb_content_element\" >\n\t<div id=\"parent-fieldname-description\">\n<div id=\"parent-fieldname-description\">\n<div id=\"parent-fieldname-description\">\n<div id=\"parent-fieldname-description\">\n<div id=\"parent-fieldname-description\"><strong>La comisi\u00f3n nacional acept\u00f3 la candidatura del municipio para las artes medi\u00e1ticas. En octubre la decisi\u00f3n. Alcalde y Bortolamasi: \"Oportunidades para la ciudad<\/strong><\/div>\n<div id=\"viewlet-above-content-body\"><\/div>\n<div id=\"content-core\">\n<div id=\"parent-fieldname-text\">\n<p>M\u00f3dena representar\u00e1 a Italia ante la Unesco, en Par\u00eds, en la selecci\u00f3n final para el reconocimiento como Ciudad Creativa de la Unesco en el grupo de artes medi\u00e1ticas.<\/p>\n<p>De hecho, en una carta enviada al alcalde Gian Carlo Muzzarelli el jueves 24 de junio, la comisi\u00f3n nacional de la Unesco anunci\u00f3 que hab\u00eda aprobado la candidatura presentada por el Ayuntamiento de M\u00f3dena, destacando que el proyecto presentado \"revela el fuerte compromiso de la ciudad para contribuir a la consecuci\u00f3n de los objetivos de la Red y la existencia de estrategias de desarrollo para reforzar el papel de la creatividad en el desarrollo socioecon\u00f3mico de la ciudad, en l\u00ednea con los objetivos de desarrollo sostenible de la Agenda 2030 de las Naciones Unidas\".<\/p>\n<p>\"Hemos superado la primera selecci\u00f3n y podemos decir con gran orgullo que ya estamos en la final\", es el comentario del alcalde Muzzarelli, que reitera c\u00f3mo \"entrar en la Red de Ciudades Creativas de la UNESCO es una gran oportunidad en la que la administraci\u00f3n municipal ha cre\u00eddo desde el inicio de este camino: la cultura es un sector decisivo para el renacimiento de nuestra comunidad despu\u00e9s de Covid, en t\u00e9rminos de empleo, valorizaci\u00f3n de lugares y recursos, y crecimiento personal y colectivo de los ciudadanos\".<\/p>\n<p>Nueve ciudades italianas presentaron su candidatura a la Comisi\u00f3n Nacional de la Unesco, que s\u00f3lo pudo seleccionar dos. Adem\u00e1s de M\u00f3dena por Artes Audiovisuales, Como fue elegida por Artesan\u00eda y Arte Popular: ambas competir\u00e1n por la selecci\u00f3n final de la Unesco, que se celebrar\u00e1 en Par\u00eds en octubre, para entrar en la Red que actualmente est\u00e1 compuesta por 246 ciudades de unos ochenta pa\u00edses de los cinco continentes. En Italia hay actualmente once ciudades creativas.<\/p>\n<p>Estamos muy contentos\", afirma el concejal de Cultura, Andrea Bortolamasi, \"con un primer resultado que ya es un reconocimiento al gran trabajo iniciado el pasado mes de abril, en pleno cierre patronal. Ahora que estamos en la final, queremos llegar preparados y dar lo mejor de nosotros mismos para ser la primera ciudad italiana en el cluster de las artes medi\u00e1ticas\". Bortolamasi subraya, por tanto, que la candidatura fue el resultado de un proyecto en red \"que reuni\u00f3 al tejido cultural de la ciudad. Un esfuerzo conjunto que fue reconocido y apreciado por el presidente de la comisi\u00f3n italiana, Franco Bernab\u00e9, al aceptar nuestra candidatura\".<\/p>\n<p>La comunicaci\u00f3n por la que se aprobaba la candidatura tambi\u00e9n destacaba el refuerzo de la cooperaci\u00f3n internacional a trav\u00e9s de coproducciones art\u00edsticas, la digitalizaci\u00f3n y el uso de los medios de comunicaci\u00f3n para una mayor difusi\u00f3n del arte y un acceso m\u00e1s amplio a la cultura para todos, as\u00ed como la finalizaci\u00f3n de la transformaci\u00f3n de lugares en desuso en \"f\u00e1bricas culturales\". En el plan de acci\u00f3n presentado tambi\u00e9n se consider\u00f3 de especial inter\u00e9s el uso innovador de tecnolog\u00edas de realidad inmersiva y la educaci\u00f3n del p\u00fablico en la vanguardia del arte contempor\u00e1neo impregnado de contaminaciones entre arte, cultura y mundo digital.<\/p>\n<p>Bortolamasi comenta: \"Se ha captado plenamente tanto la intenci\u00f3n de reurbanizar espacios industriales y postindustriales transform\u00e1ndolos en contenedores culturales, como la declinaci\u00f3n modenesa de las artes medi\u00e1ticas: una ciudad donde un actor y un ingeniero, un fil\u00f3sofo y un programador inform\u00e1tico dialogan y colaboran para dar vida a nuevos productos culturales, y donde las innovaciones digitales y las nuevas aplicaciones inform\u00e1ticas est\u00e1n al servicio de la cultura y el conocimiento human\u00edstico, y viceversa\". Esto\", a\u00f1ade el concejal, \"ha llevado a nuestra ciudad a convertirse en un territorio f\u00e9rtil para las industrias culturales y creativas, donde la educaci\u00f3n pasa por los nuevos medios y lenguajes inform\u00e1ticos y el arte encuentra expresiones digitales e innovadoras\".<\/p>\n<p>El proyecto propuesto por el Ayuntamiento de M\u00f3dena, enviado a la Comisi\u00f3n Nacional de la Unesco el 31 de mayo, se elabor\u00f3 en el marco de un proceso en el que tambi\u00e9n participaron la Fondazione di Modena, Fondazione Brodolini - Laboratorio Aperto, Fmav, Gallerie Estensi, Unimore, Fem, Ert, Fondazione Teatro Comunale, Art-ER, Fondazione Collegio S. Carlo, que formaron parte del comit\u00e9 promotor.<\/p>\n<p>Las directrices de la candidatura son la contaminaci\u00f3n de diferentes g\u00e9neros y lenguajes, con proyectos que aborden la relaci\u00f3n entre las innovaciones y transformaciones digitales con la m\u00fasica, la danza, las artes figurativas y visuales, y el teatro; las transformaciones urbanas de la ciudad, con la creaci\u00f3n de nuevos contenedores culturales; y el enfoque de la cultura digital como herramienta \u00fatil para un mayor disfrute de las actividades culturales.<\/p>\n<p>El objetivo de la Red de Ciudades Creativas de la Unesco es promover el conocimiento, la cooperaci\u00f3n y los proyectos entre ciudades que han identificado la cultura y la creatividad como motores de su desarrollo. Las consignas son colaboraci\u00f3n, intercambio de conocimientos y buenas pr\u00e1cticas, confrontaci\u00f3n, planificaci\u00f3n, valorizaci\u00f3n del patrimonio cultural inmaterial.<\/p>\n<\/div>\n<\/div>\n<\/div>\n<\/div>\n<\/div>\n<\/div>\n<\/div>\n\n\n\n\n\t\t\t<\/div> \n\t\t<\/div>\n\t<\/div> \n<\/div><\/div>","protected":false},"excerpt":{"rendered":"La comisi\u00f3n nacional acept\u00f3 la candidatura del municipio para las artes medi\u00e1ticas. En octubre la decisi\u00f3n. Alcalde y Bortolamasi: \"Oportunidades para la ciudad\" M\u00f3dena representar\u00e1 a Italia en la Unesco, en Par\u00eds,...","protected":false},"author":1,"featured_media":43,"comment_status":"closed","ping_status":"closed","sticky":false,"template":"","format":"standard","meta":{"wpupg_custom_link":[],"wpupg_custom_link_behaviour":[],"wpupg_custom_link_nofollow":[],"wpupg_custom_image":[],"wpupg_custom_image_id":[],"footnotes":""},"categories":[475],"tags":[],"class_list":["post-249","post","type-post","status-publish","format-standard","has-post-thumbnail","category-news"],"_links":{"self":[{"href":"https:\/\/modenafuturacreativa.it\/es\/wp-json\/wp\/v2\/posts\/249","targetHints":{"allow":["GET"]}}],"collection":[{"href":"https:\/\/modenafuturacreativa.it\/es\/wp-json\/wp\/v2\/posts"}],"about":[{"href":"https:\/\/modenafuturacreativa.it\/es\/wp-json\/wp\/v2\/types\/post"}],"author":[{"embeddable":true,"href":"https:\/\/modenafuturacreativa.it\/es\/wp-json\/wp\/v2\/users\/1"}],"replies":[{"embeddable":true,"href":"https:\/\/modenafuturacreativa.it\/es\/wp-json\/wp\/v2\/comments?post=249"}],"version-history":[{"count":1,"href":"https:\/\/modenafuturacreativa.it\/es\/wp-json\/wp\/v2\/posts\/249\/revisions"}],"predecessor-version":[{"id":250,"href":"https:\/\/modenafuturacreativa.it\/es\/wp-json\/wp\/v2\/posts\/249\/revisions\/250"}],"wp:featuredmedia":[{"embeddable":true,"href":"https:\/\/modenafuturacreativa.it\/es\/wp-json\/wp\/v2\/media\/43"}],"wp:attachment":[{"href":"https:\/\/modenafuturacreativa.it\/es\/wp-json\/wp\/v2\/media?parent=249"}],"wp:term":[{"taxonomy":"category","embeddable":true,"href":"https:\/\/modenafuturacreativa.it\/es\/wp-json\/wp\/v2\/categories?post=249"},{"taxonomy":"post_tag","embeddable":true,"href":"https:\/\/modenafuturacreativa.it\/es\/wp-json\/wp\/v2\/tags?post=249"}],"curies":[{"name":"wp","href":"https:\/\/api.w.org\/{rel}","templated":true}]}}