{"id":246,"date":"2021-09-14T11:07:39","date_gmt":"2021-09-14T09:07:39","guid":{"rendered":"https:\/\/modenafutura.com\/?p=246"},"modified":"2025-03-21T14:18:27","modified_gmt":"2025-03-21T13:18:27","slug":"modena-citta-creative-unesco-inviata-la-candidatura","status":"publish","type":"post","link":"https:\/\/modenafuturacreativa.it\/es\/modena-citta-creative-unesco-inviata-la-candidatura\/","title":{"rendered":"MODENA CIUDAD CREATIVA DE LA UNESCO, SOLICITUD PRESENTADA"},"content":{"rendered":"<div id=\"fws_6a9b7b89b3f6f\"  data-column-margin=\"60px\" data-midnight=\"dark\"  class=\"wpb_row vc_row-fluid vc_row\"  style=\"padding-top: 0px; padding-bottom: 0px; \"><div class=\"row-bg-wrap\" data-bg-animation=\"none\" data-bg-animation-delay=\"\" data-bg-overlay=\"false\"><div class=\"inner-wrap row-bg-layer\" ><div class=\"row-bg viewport-desktop\"  style=\"\"><\/div><\/div><\/div><div class=\"row_col_wrap_12 col span_12 dark left\">\n\t<div  class=\"vc_col-sm-6 wpb_column column_container vc_column_container col no-extra-padding inherit_tablet inherit_phone\"  data-padding-pos=\"all\" data-has-bg-color=\"false\" data-bg-color=\"\" data-bg-opacity=\"1\" data-animation=\"\" data-delay=\"0\" >\n\t\t<div class=\"vc_column-inner\" >\n\t\t\t<div class=\"wpb_wrapper\">\n\t\t\t\t\n<div class=\"wpb_text_column wpb_content_element\" >\n\t<div id=\"parent-fieldname-description\">\n<div id=\"parent-fieldname-description\">\n<div id=\"parent-fieldname-description\">\n<div id=\"parent-fieldname-description\"><strong>El municipio formaliza su propuesta de participar en la red de medios de comunicaci\u00f3n-arte. Bortolamasi: \"Un proyecto coral. La cultura y la creatividad en el centro de la ciudad del futuro'<\/strong><\/div>\n<div id=\"viewlet-above-content-body\"><\/div>\n<div id=\"content-core\">\n<div id=\"parent-fieldname-text\">\n<p>El Ayuntamiento de M\u00f3dena ha presentado formalmente su candidatura a Ciudad Creativa de la Unesco para las Artes Audiovisuales, enviando hoy, lunes 31 de mayo, al Ministerio de Asuntos Exteriores y a la comisi\u00f3n nacional de la Unesco el proyecto elaborado en el marco de un proceso que comenz\u00f3 el pasado mes de diciembre.<\/p>\n<p>Crear nuevas oportunidades para nuestra comunidad tras la pandemia significa invertir fuertemente en el futuro\", comenta el alcalde Gian Carlo Muzzarelli, \"y la candidatura a la red de Ciudades Creativas de la Unesco es una gran inversi\u00f3n para M\u00f3dena. La cultura es parte integrante de la estrategia para volver a empezar: no es s\u00f3lo el sector privado el que vuelve a empezar, sino que el sector p\u00fablico tiene un papel fundamental en este reto, porque la creatividad, el talento y las artes son parte fundamental de la M\u00f3dena que queremos. Y M\u00f3dena est\u00e1 preparada\".<\/p>\n<p>Como subraya el Concejal de Cultura, Andrea Bortolamasi, \"la inteligencia artificial, las humanidades digitales, las artes digitales, la digitalizaci\u00f3n del patrimonio cultural de la ciudad y el desarrollo de las industrias culturales y creativas son s\u00f3lo algunas de las v\u00edas que entran en el proyecto de la ciudad creativa de M\u00f3dena para las artes medi\u00e1ticas. Muchos aspectos diferentes para un proyecto coral y sist\u00e9mico, que implica a todos los agentes culturales de la ciudad, pero tambi\u00e9n a los sujetos que participan en la Mesa para el Crecimiento, y que se centra en el fortalecimiento de la red existente y en los desarrollos futuros. La cultura y la creatividad\", prosigue el concejal, \"est\u00e1n en el centro de nuestra idea de ciudad futura: una ciudad abierta, f\u00e9rtil para la creatividad, que mantiene firmemente sus ra\u00edces manufactureras pero que tambi\u00e9n mira al futuro como ciudad creativa\".<\/p>\n<p>Las directrices de la candidatura son la contaminaci\u00f3n de diferentes g\u00e9neros y lenguajes, con proyectos que aborden la relaci\u00f3n entre las innovaciones y transformaciones digitales con la m\u00fasica, la danza, las artes figurativas y visuales, y el teatro; las transformaciones urbanas de la ciudad, con la creaci\u00f3n de nuevos contenedores culturales; y el enfoque de la cultura digital como herramienta \u00fatil para un mayor disfrute de las actividades culturales.<\/p>\n<p>El comit\u00e9 promotor de la candidatura re\u00fane, junto con el Ayuntamiento, a la Fondazione di Modena, Fondazione Brodolini - Laboratorio Aperto, Fmav, Gallerie Estensi, Unimore, Fem, Ert, Fondazione Teatro Comunale, Art-ER, Fondazione Collegio S. Carlo.<\/p>\n<p>En las pr\u00f3ximas semanas se espera la evaluaci\u00f3n de la comisi\u00f3n nacional de la Unesco sobre los proyectos presentados en Italia. Este es el primer paso para llegar, si se supera, a la presentaci\u00f3n internacional en Par\u00eds.<\/p>\n<p>La Red de Ciudades Creativas, de hecho, es un programa de la Unesco activo desde 2004, en el que participa una red de 246 ciudades de 72 pa\u00edses de los cinco continentes. Su objetivo es promover el conocimiento, la cooperaci\u00f3n y los proyectos entre ciudades que han identificado la cultura y la creatividad como motores de su desarrollo. Las consignas son colaboraci\u00f3n, intercambio de conocimientos y buenas pr\u00e1cticas, confrontaci\u00f3n, planificaci\u00f3n, valorizaci\u00f3n del patrimonio cultural inmaterial.<\/p>\n<\/div>\n<\/div>\n<\/div>\n<\/div>\n<\/div>\n<\/div>\n\n\n\n\n\t\t\t<\/div> \n\t\t<\/div>\n\t<\/div> \n\n\t<div  class=\"vc_col-sm-6 wpb_column column_container vc_column_container col no-extra-padding inherit_tablet inherit_phone\"  data-padding-pos=\"all\" data-has-bg-color=\"false\" data-bg-color=\"\" data-bg-opacity=\"1\" data-animation=\"\" data-delay=\"0\" >\n\t\t<div class=\"vc_column-inner\" >\n\t\t\t<div class=\"wpb_wrapper\">\n\t\t\t\t\n<div class=\"wpb_text_column wpb_content_element\" >\n\t<h6><strong>GALER\u00cdA DE IM\u00c1GENES<\/strong><\/h6>\n<\/div>\n\n\n\n\n\t<div class=\"wpb_gallery wpb_content_element clearfix\">\n\t\t<div class=\"wpb_wrapper\"><div class=\"wpb_gallery_slidesimage_grid\" data-onclick=\"link_image\" data-interval=\"5\">\n\n\t<div class=\"portfolio-wrap\">\n\n\t\t\t<span class=\"portfolio-loading\"><\/span>\n\n\t\t\t<div class=\"row portfolio-items no-masonry\" data-starting-filter=\"\" data-gutter=\"default\" data-masonry-type=\"default\" data-bypass-cropping=\"\"  data-ps=\"7\" data-loading=\"default\" data-categories-to-show=\"\" data-col-num=\"cols-2\">\n\n\n\n\t\n\t\t\t\t\t\t\t<div class=\"col span_6  element\" data-project-cat=\"\" data-default-color=\"true\" data-title-color=\"\" data-subtitle-color=\"\">\n\n\t\t\t\t\t\t\t<div class=\"inner-wrap animated\" data-animation=\"none\">\n\n\t\t\t\t\t\t\t\n\t\t\t\t\t\t\t<div class=\"work-item style-2\">\n\n\t\t\t\t\t\t\t\t<img decoding=\"async\" class=\"skip-lazy top-level-image\" src=\"https:\/\/modenafuturacreativa.it\/wp-content\/uploads\/2021\/09\/cittacreativeunesco-sindaco-bortolamasi-31mag2021-600x400.jpg\" width=\"600\" height=\"400\" alt=\"cittacreativeunesco-sindaco bortolamasi-31mag2021\" title=\"citycreativeunesco-alcalde bortolamasi-31mag2021\" loading=\"lazy\" \/>\n\t\t\t\t\t\t\t\t<div class=\"work-info-bg\"><\/div>\n\t\t\t\t\t\t\t\t<div class=\"work-info\">\n\n\n\t\t\t\t\t\t\t\t\t\t\t\t\t\t\t\t\t   \t\t\t <a href=\"https:\/\/modenafuturacreativa.it\/wp-content\/uploads\/2021\/09\/cittacreativeunesco-sindaco-bortolamasi-31mag2021.jpg\" class=\"pretty_photo\"><span class=\"screen-reader-text\">citycreativeunesco-alcalde bortolamasi-31mag2021<\/span><\/a>\n\t\t\t\t\t\t\t\t   \t\t\n\t\t\t\t\t\t\t\t\t\t<div class=\"vert-center\">\n\t\t\t\t\t\t\t\t\t\t\t\t\t\t\t\t\t\t\t\t\t<\/div><!--\/vert-center-->\n\n\t\t\t\t\t\t\t\t\t\n\n\t\t\t\t\t\t\t\t<\/div>\n\t\t\t\t\t\t\t<\/div><!--work-item-->\n\n\t\t\t\t\t\t\n\n\t\t\t\t\t\t<\/div><\/div> \n\t\t\t\t\t\t<\/div><\/div><\/div>\n\t\t<\/div> \n\t<\/div> \n\t\t\t<\/div> \n\t\t<\/div>\n\t<\/div> \n<\/div><\/div>","protected":false},"excerpt":{"rendered":"El municipio formaliza su propuesta de participar en la red de medios de comunicaci\u00f3n-arte. Bortolamasi: 'Un proyecto coral. Cultura y creatividad en el centro de la ciudad del futuro' El Ayuntamiento de M\u00f3dena...","protected":false},"author":1,"featured_media":247,"comment_status":"closed","ping_status":"closed","sticky":false,"template":"","format":"standard","meta":{"wpupg_custom_link":[],"wpupg_custom_link_behaviour":[],"wpupg_custom_link_nofollow":[],"wpupg_custom_image":[],"wpupg_custom_image_id":[],"footnotes":""},"categories":[475],"tags":[],"class_list":["post-246","post","type-post","status-publish","format-standard","has-post-thumbnail","category-news"],"_links":{"self":[{"href":"https:\/\/modenafuturacreativa.it\/es\/wp-json\/wp\/v2\/posts\/246","targetHints":{"allow":["GET"]}}],"collection":[{"href":"https:\/\/modenafuturacreativa.it\/es\/wp-json\/wp\/v2\/posts"}],"about":[{"href":"https:\/\/modenafuturacreativa.it\/es\/wp-json\/wp\/v2\/types\/post"}],"author":[{"embeddable":true,"href":"https:\/\/modenafuturacreativa.it\/es\/wp-json\/wp\/v2\/users\/1"}],"replies":[{"embeddable":true,"href":"https:\/\/modenafuturacreativa.it\/es\/wp-json\/wp\/v2\/comments?post=246"}],"version-history":[{"count":1,"href":"https:\/\/modenafuturacreativa.it\/es\/wp-json\/wp\/v2\/posts\/246\/revisions"}],"predecessor-version":[{"id":248,"href":"https:\/\/modenafuturacreativa.it\/es\/wp-json\/wp\/v2\/posts\/246\/revisions\/248"}],"wp:featuredmedia":[{"embeddable":true,"href":"https:\/\/modenafuturacreativa.it\/es\/wp-json\/wp\/v2\/media\/247"}],"wp:attachment":[{"href":"https:\/\/modenafuturacreativa.it\/es\/wp-json\/wp\/v2\/media?parent=246"}],"wp:term":[{"taxonomy":"category","embeddable":true,"href":"https:\/\/modenafuturacreativa.it\/es\/wp-json\/wp\/v2\/categories?post=246"},{"taxonomy":"post_tag","embeddable":true,"href":"https:\/\/modenafuturacreativa.it\/es\/wp-json\/wp\/v2\/tags?post=246"}],"curies":[{"name":"wp","href":"https:\/\/api.w.org\/{rel}","templated":true}]}}