{"id":242,"date":"2021-09-14T11:05:57","date_gmt":"2021-09-14T09:05:57","guid":{"rendered":"https:\/\/modenafutura.com\/?p=242"},"modified":"2025-03-21T14:18:27","modified_gmt":"2025-03-21T13:18:27","slug":"modena-citta-creative-unesco-in-rete-verso-la-candidatura","status":"publish","type":"post","link":"https:\/\/modenafuturacreativa.it\/es\/modena-citta-creative-unesco-in-rete-verso-la-candidatura\/","title":{"rendered":"MODENA CIUDAD CREATIVA DE LA UNESCO, EN RED HACIA LA CANDIDATURA"},"content":{"rendered":"<div id=\"fws_6a9b7b8b0254f\"  data-column-margin=\"60px\" data-midnight=\"dark\"  class=\"wpb_row vc_row-fluid vc_row\"  style=\"padding-top: 0px; padding-bottom: 0px; \"><div class=\"row-bg-wrap\" data-bg-animation=\"none\" data-bg-animation-delay=\"\" data-bg-overlay=\"false\"><div class=\"inner-wrap row-bg-layer\" ><div class=\"row-bg viewport-desktop\"  style=\"\"><\/div><\/div><\/div><div class=\"row_col_wrap_12 col span_12 dark left\">\n\t<div  class=\"vc_col-sm-6 wpb_column column_container vc_column_container col no-extra-padding inherit_tablet inherit_phone\"  data-padding-pos=\"all\" data-has-bg-color=\"false\" data-bg-color=\"\" data-bg-opacity=\"1\" data-animation=\"\" data-delay=\"0\" >\n\t\t<div class=\"vc_column-inner\" >\n\t\t\t<div class=\"wpb_wrapper\">\n\t\t\t\t\n<div class=\"wpb_text_column wpb_content_element\" >\n\t<div id=\"parent-fieldname-description\">\n<div id=\"parent-fieldname-description\">\n<div id=\"parent-fieldname-description\"><strong>Conectados al Laboratorio Abierto, realidades del comit\u00e9 promotor y nuevos miembros, como Ammagamma y Gruppo Giovani Confindustria presentaron sus proyectos en directo en Facebook<\/strong><\/div>\n<div id=\"viewlet-above-content-body\"><\/div>\n<div id=\"content-core\">\n<div id=\"parent-fieldname-text\">\n<p>\"El futuro debe seguir viviendo aqu\u00ed, en una ciudad que mira al futuro en el reinicio post-Covid poniendo la cultura en el centro. Cultura que, como bien sabemos en M\u00f3dena, aporta empleo y crecimiento econ\u00f3mico y refuerza la identidad de la comunidad a trav\u00e9s de valores, ideales, ideas y proyectos\". As\u00ed present\u00f3 el alcalde de M\u00f3dena, Gian Carlo Muzzarelli, el encuentro en l\u00ednea \"Futura Creativa\", que tuvo lugar el lunes 19 de abril en directo a trav\u00e9s de Facebook en el canal social \"Ciudad de M\u00f3dena\". Se trataba de una nueva reuni\u00f3n sobre la presentaci\u00f3n de la candidatura de M\u00f3dena como Ciudad Creativa de la Unesco para el cl\u00faster de Artes Audiovisuales, a la que asistieron los sujetos de la escena cultural de M\u00f3dena que forman parte del Comit\u00e9 Promotor coordinado por el Ayuntamiento, pero tambi\u00e9n nuevas empresas privadas que se suman al proceso con nuevos proyectos, como el Grupo de J\u00f3venes de Confindustria Emilia y 'Ammagamma', una empresa de ciencia de datos que ofrece soluciones de inteligencia artificial a empresas. Un paso m\u00e1s hacia la definici\u00f3n del proyecto con el que se presentar\u00e1 M\u00f3dena.<\/p>\n<p>\"El inter\u00e9s y la implicaci\u00f3n de las entidades privadas\", subraya Andrea Bortolamasi, concejal de Cultura, \"da fuerza y coherencia a nuestras propuestas, que pronto comenzar\u00e1n a abrirse tambi\u00e9n al \u00e1mbito internacional\". Ya en la reuni\u00f3n del lunes, junto a otras ciudades de la Red de Ciudades Creativas de la Unesco, se conect\u00f3 tambi\u00e9n Linz, ciudad austriaca hermanada con M\u00f3dena, que desde 2014 forma parte de las Ciudades Creativas de la Unesco en el cl\u00faster de Artes Audiovisuales. \"La coordinaci\u00f3n sobre la candidatura llevada a cabo por el Ayuntamiento\", a\u00f1ade Bortolamasi, \"es un trabajo de sutura y fortalecimiento de una red que implica a nuestro ecosistema cultural para una M\u00f3dena que se propone como ciudad pensante e innovadora, atenta a los objetivos de la Agenda 2030 de la ONU, y donde antiguas plantas de producci\u00f3n y fabricaci\u00f3n ya se est\u00e1n repensando como espacios para la creatividad\".<\/p>\n<p>Mauro Felicori, Consejero Regional de Cultura y Paisaje, declar\u00f3 en la apertura de los trabajos que el apoyo de la Regi\u00f3n es total y que M\u00f3dena hace bien en comprometerse en un reto que impulsar\u00e1 su imagen en un contexto global y no s\u00f3lo europeo. Fabio Sgaragli, del Laboratorio Aperto Modena - Fondazione Brodolini; Vittorio Salmoni, coordinador de las Ciudades Creativas de la Unesco italiana; Donatella Solda, directora de Fem Future Education Modena; Matteo Al Kalak, director del Centro de Investigaci\u00f3n Interdepartamental sobre Humanidades Digitales DhMoRe; Martina Bagnoli, directora de la Gallerie Estensi; Silvia Tagliazucchi, de CivicWise Italia; Lorenzo Respi, director de producci\u00f3n de la Fondazione Modena Arti Visive; Francesca Garagnani, directora cultural del Music Centre 71 MusicHub de M\u00f3dena; Luca Baraldi, responsable de identidad corporativa de Ammagamma; Michele Poggipolini, presidente del Gruppo Giovani Imprenditori di Confindustria Emilia; y Daniele Francesconi, director de festivalfilosofia y responsable de Ago.<\/p>\n<p>La reuni\u00f3n en l\u00ednea sigue disponible para todos en la p\u00e1gina de Facebook de la ciudad de M\u00f3dena.<\/p>\n<p>Informaci\u00f3n en l\u00ednea en el enlace\u00a0<a href=\"http:\/\/www.comune.modena.it\/cittacandidataunescomediaarts\">www.comune.modena.it\/cittacandidataunescomediaarts<\/a>.<\/p>\n<\/div>\n<\/div>\n<\/div>\n<\/div>\n<\/div>\n\n\n\n\n\t\t\t<\/div> \n\t\t<\/div>\n\t<\/div> \n\n\t<div  class=\"vc_col-sm-6 wpb_column column_container vc_column_container col no-extra-padding inherit_tablet inherit_phone\"  data-padding-pos=\"all\" data-has-bg-color=\"false\" data-bg-color=\"\" data-bg-opacity=\"1\" data-animation=\"\" data-delay=\"0\" >\n\t\t<div class=\"vc_column-inner\" >\n\t\t\t<div class=\"wpb_wrapper\">\n\t\t\t\t\n<div class=\"wpb_text_column wpb_content_element\" >\n\t<h6><strong>GALER\u00cdA DE IM\u00c1GENES<\/strong><\/h6>\n<\/div>\n\n\n\n\n\t<div class=\"wpb_gallery wpb_content_element clearfix\">\n\t\t<div class=\"wpb_wrapper\"><div class=\"wpb_gallery_slidesimage_grid\" data-onclick=\"link_image\" data-interval=\"5\">\n\n\t<div class=\"portfolio-wrap\">\n\n\t\t\t<span class=\"portfolio-loading\"><\/span>\n\n\t\t\t<div class=\"row portfolio-items no-masonry\" data-starting-filter=\"\" data-gutter=\"default\" data-masonry-type=\"default\" data-bypass-cropping=\"\"  data-ps=\"7\" data-loading=\"default\" data-categories-to-show=\"\" data-col-num=\"cols-2\">\n\n\n\n\t\n\t\t\t\t\t\t\t<div class=\"col span_6  element\" data-project-cat=\"\" data-default-color=\"true\" data-title-color=\"\" data-subtitle-color=\"\">\n\n\t\t\t\t\t\t\t<div class=\"inner-wrap animated\" data-animation=\"none\">\n\n\t\t\t\t\t\t\t\n\t\t\t\t\t\t\t<div class=\"work-item style-2\">\n\n\t\t\t\t\t\t\t\t<img decoding=\"async\" class=\"skip-lazy top-level-image\" src=\"https:\/\/modenafuturacreativa.it\/wp-content\/uploads\/2021\/09\/PRESEN-2-600x400.jpg\" width=\"600\" height=\"400\" alt=\"PRESEN-2\" title=\"PRESEN-2\" loading=\"lazy\" \/>\n\t\t\t\t\t\t\t\t<div class=\"work-info-bg\"><\/div>\n\t\t\t\t\t\t\t\t<div class=\"work-info\">\n\n\n\t\t\t\t\t\t\t\t\t\t\t\t\t\t\t\t\t   \t\t\t <a href=\"https:\/\/modenafuturacreativa.it\/wp-content\/uploads\/2021\/09\/PRESEN-2.jpg\" class=\"pretty_photo\"><span class=\"screen-reader-text\">PRESEN-2<\/span><\/a>\n\t\t\t\t\t\t\t\t   \t\t\n\t\t\t\t\t\t\t\t\t\t<div class=\"vert-center\">\n\t\t\t\t\t\t\t\t\t\t\t\t\t\t\t\t\t\t\t\t\t<\/div><!--\/vert-center-->\n\n\t\t\t\t\t\t\t\t\t\n\n\t\t\t\t\t\t\t\t<\/div>\n\t\t\t\t\t\t\t<\/div><!--work-item-->\n\n\t\t\t\t\t\t\n\n\t\t\t\t\t\t<\/div><\/div> \n\t\t\t\t\t\t\n\t\t\t\t\t\t\t<div class=\"col span_6  element\" data-project-cat=\"\" data-default-color=\"true\" data-title-color=\"\" data-subtitle-color=\"\">\n\n\t\t\t\t\t\t\t<div class=\"inner-wrap animated\" data-animation=\"none\">\n\n\t\t\t\t\t\t\t\n\t\t\t\t\t\t\t<div class=\"work-item style-2\">\n\n\t\t\t\t\t\t\t\t<img decoding=\"async\" class=\"skip-lazy top-level-image\" src=\"https:\/\/modenafuturacreativa.it\/wp-content\/uploads\/2021\/09\/Presentazione-citta-creative-unesco-Respi-Borto-190421-600x400.jpg\" width=\"600\" height=\"400\" alt=\"Presentazione citta creative unesco Respi- Borto 190421\" title=\"Unesco Ciudad Creativa Presentaci\u00f3n Respi- Borto 190421\" loading=\"lazy\" \/>\n\t\t\t\t\t\t\t\t<div class=\"work-info-bg\"><\/div>\n\t\t\t\t\t\t\t\t<div class=\"work-info\">\n\n\n\t\t\t\t\t\t\t\t\t\t\t\t\t\t\t\t\t   \t\t\t <a href=\"https:\/\/modenafuturacreativa.it\/wp-content\/uploads\/2021\/09\/Presentazione-citta-creative-unesco-Respi-Borto-190421.jpg\" class=\"pretty_photo\"><span class=\"screen-reader-text\">Unesco Ciudad Creativa Presentaci\u00f3n Respi- Borto 190421<\/span><\/a>\n\t\t\t\t\t\t\t\t   \t\t\n\t\t\t\t\t\t\t\t\t\t<div class=\"vert-center\">\n\t\t\t\t\t\t\t\t\t\t\t\t\t\t\t\t\t\t\t\t\t<\/div><!--\/vert-center-->\n\n\t\t\t\t\t\t\t\t\t\n\n\t\t\t\t\t\t\t\t<\/div>\n\t\t\t\t\t\t\t<\/div><!--work-item-->\n\n\t\t\t\t\t\t\n\n\t\t\t\t\t\t<\/div><\/div> \n\t\t\t\t\t\t<\/div><\/div><\/div>\n\t\t<\/div> \n\t<\/div> \n\t\t\t<\/div> \n\t\t<\/div>\n\t<\/div> \n<\/div><\/div>","protected":false},"excerpt":{"rendered":"En conexi\u00f3n con el Laboratorio Abierto, las realidades del comit\u00e9 promotor y nuevos miembros como Ammagamma y Gruppo Giovani Confindustria presentaron sus proyectos en directo en Facebook 'El futuro debe seguir...","protected":false},"author":1,"featured_media":243,"comment_status":"closed","ping_status":"closed","sticky":false,"template":"","format":"standard","meta":{"wpupg_custom_link":[],"wpupg_custom_link_behaviour":[],"wpupg_custom_link_nofollow":[],"wpupg_custom_image":[],"wpupg_custom_image_id":[],"footnotes":""},"categories":[475],"tags":[],"class_list":["post-242","post","type-post","status-publish","format-standard","has-post-thumbnail","category-news"],"_links":{"self":[{"href":"https:\/\/modenafuturacreativa.it\/es\/wp-json\/wp\/v2\/posts\/242","targetHints":{"allow":["GET"]}}],"collection":[{"href":"https:\/\/modenafuturacreativa.it\/es\/wp-json\/wp\/v2\/posts"}],"about":[{"href":"https:\/\/modenafuturacreativa.it\/es\/wp-json\/wp\/v2\/types\/post"}],"author":[{"embeddable":true,"href":"https:\/\/modenafuturacreativa.it\/es\/wp-json\/wp\/v2\/users\/1"}],"replies":[{"embeddable":true,"href":"https:\/\/modenafuturacreativa.it\/es\/wp-json\/wp\/v2\/comments?post=242"}],"version-history":[{"count":1,"href":"https:\/\/modenafuturacreativa.it\/es\/wp-json\/wp\/v2\/posts\/242\/revisions"}],"predecessor-version":[{"id":245,"href":"https:\/\/modenafuturacreativa.it\/es\/wp-json\/wp\/v2\/posts\/242\/revisions\/245"}],"wp:featuredmedia":[{"embeddable":true,"href":"https:\/\/modenafuturacreativa.it\/es\/wp-json\/wp\/v2\/media\/243"}],"wp:attachment":[{"href":"https:\/\/modenafuturacreativa.it\/es\/wp-json\/wp\/v2\/media?parent=242"}],"wp:term":[{"taxonomy":"category","embeddable":true,"href":"https:\/\/modenafuturacreativa.it\/es\/wp-json\/wp\/v2\/categories?post=242"},{"taxonomy":"post_tag","embeddable":true,"href":"https:\/\/modenafuturacreativa.it\/es\/wp-json\/wp\/v2\/tags?post=242"}],"curies":[{"name":"wp","href":"https:\/\/api.w.org\/{rel}","templated":true}]}}