{"id":240,"date":"2021-09-14T11:01:56","date_gmt":"2021-09-14T09:01:56","guid":{"rendered":"https:\/\/modenafutura.com\/?p=240"},"modified":"2025-03-21T14:18:27","modified_gmt":"2025-03-21T13:18:27","slug":"citta-creative-unesco-lunedi-incontro-online-per-tutti","status":"publish","type":"post","link":"https:\/\/modenafuturacreativa.it\/es\/citta-creative-unesco-lunedi-incontro-online-per-tutti\/","title":{"rendered":"UNESCO CIUDADES CREATIVAS, LUNES REUNI\u00d3N EN L\u00cdNEA PARA TODOS"},"content":{"rendered":"<div id=\"fws_6a9b7b8a13109\"  data-column-margin=\"60px\" data-midnight=\"dark\"  class=\"wpb_row vc_row-fluid vc_row\"  style=\"padding-top: 0px; padding-bottom: 0px; \"><div class=\"row-bg-wrap\" data-bg-animation=\"none\" data-bg-animation-delay=\"\" data-bg-overlay=\"false\"><div class=\"inner-wrap row-bg-layer\" ><div class=\"row-bg viewport-desktop\"  style=\"\"><\/div><\/div><\/div><div class=\"row_col_wrap_12 col span_12 dark left\">\n\t<div  class=\"vc_col-sm-6 wpb_column column_container vc_column_container col no-extra-padding inherit_tablet inherit_phone\"  data-padding-pos=\"all\" data-has-bg-color=\"false\" data-bg-color=\"\" data-bg-opacity=\"1\" data-animation=\"\" data-delay=\"0\" >\n\t\t<div class=\"vc_column-inner\" >\n\t\t\t<div class=\"wpb_wrapper\">\n\t\t\t\t\n<div class=\"wpb_text_column wpb_content_element\" >\n\t<div id=\"parent-fieldname-description\">\n<div id=\"parent-fieldname-description\"><strong>El 19 de abril a partir de las 9.30 horas, vinculado al Laboratorio Abierto, las realidades del comit\u00e9 de candidatura coordinado por el municipio y los nuevos miembros presentan proyectos en directo en Facebook<\/strong><\/div>\n<div id=\"viewlet-above-content-body\"><\/div>\n<div id=\"content-core\">\n<div id=\"parent-fieldname-text\">\n<p>El lunes 19 de abril, a las 9.30 horas, tendr\u00e1 lugar en directo a trav\u00e9s de Facebook, en el canal social municipal \"Ciudad de M\u00f3dena\", una nueva reuni\u00f3n sobre la presentaci\u00f3n de la candidatura de M\u00f3dena como Ciudad Creativa de la Unesco para el cl\u00faster de Artes Audiovisuales. A la reuni\u00f3n, titulada 'Futura Creativa', asistir\u00e1n los sujetos de la escena cultural de M\u00f3dena que forman parte del Comit\u00e9 Promotor coordinado por el Ayuntamiento, pero tambi\u00e9n nuevas empresas privadas que se suman al proceso con nuevos proyectos, como el Grupo Joven de Confindustria Emilia y 'Ammagamma', una empresa de ciencia de datos que ofrece soluciones de inteligencia artificial a empresas.<\/p>\n<p>Nuestra candidatura\", subraya Andrea Bortolamasi, concejal de Cultura, \"pretende ser un proceso, y se centra en el fortalecimiento de la red existente y en futuros desarrollos y transformaciones. Una red con la que la ciudad pueda contar de forma estable y estructurada y que ya se est\u00e1 abriendo a nuevas entidades, incluidas las privadas que est\u00e9n interesadas'. Mirando a la perspectiva europea e internacional, el proceso de candidatura tambi\u00e9n podr\u00e1 contar con la experiencia ya desarrollada por Linz, ciudad austriaca hermanada con M\u00f3dena, desde 2014 entre las Ciudades Creativas de la Unesco en el cl\u00faster de Artes Audiovisuales. Otras ciudades que forman parte de la Red de Ciudades Creativas de la Unesco se conectar\u00e1n, en calidad de \"auditores\", a la iniciativa en l\u00ednea del lunes.<\/p>\n<p>El programa del encuentro se abre con los saludos institucionales de Gian Carlo Muzzarelli, alcalde de M\u00f3dena, y Mauro Felicori, consejero regional de Cultura y Paisaje, mientras que la consejera Bortolamasi presentar\u00e1 el proceso de candidatura. A continuaci\u00f3n, Diego Teloni, del Laboratorio Aperto de M\u00f3dena, hablar\u00e1 del \"papel de los espacios de colaboraci\u00f3n para la industria cultural y creativa\", antes de la intervenci\u00f3n de Vittorio Salmoni, coordinador de las Ciudades Creativas italianas de la Unesco, sobre el tema \"El papel de la Red de Ciudades Creativas de la Unesco para la recuperaci\u00f3n tras la pandemia mundial\".<\/p>\n<p>Luz verde, pues, a la presentaci\u00f3n de proyectos, empezando por el \u00e1mbito \"Educaci\u00f3n\", con Donatella Solda, directora de Fem Future Education Modena, que hablar\u00e1 de \"Media Arts: aprendizaje e inteligencia colectiva\". \"Liberar la creatividad: los caminos de la digitalizaci\u00f3n\" es en cambio el tema que abordar\u00e1 Matteo Al Kalak, director del Centro de Investigaci\u00f3n Interdepartamental DhMoRe sobre Humanidades Digitales. Le seguir\u00e1n dos intervenciones en el \u00e1mbito de la \"Digitalizaci\u00f3n\": la primera, \"La biblioteca digital para abrir las puertas de los museos: la biblioteca digital Estense y las Galer\u00edas Estense\", correr\u00e1 a cargo de Martina Bagnoli, directora de las Galer\u00edas Estense; la segunda, \"AFOr: valorizar la memoria y el conocimiento, patrimonio inmaterial del territorio\", ser\u00e1 pronunciada por Silvia Tagliazucchi, presidenta de la asociaci\u00f3n CivicWise Italia. A continuaci\u00f3n entramos en el cap\u00edtulo de \"Contaminaci\u00f3n\", que incluye la intervenci\u00f3n de Lorenzo Respi, director de producci\u00f3n de la Fondazione Modena Arti Visive, sobre \"Alfabetizaci\u00f3n y artes digitales\", y la de Francesca Garagnani, gestora cultural del centro musical 71 MusicHub de M\u00f3dena sobre \"71Musichub: la m\u00fasica en las artes medi\u00e1ticas. Acciones de creatividad integrada\". En la secci\u00f3n \"La empresa que crea cultura\", Luca Baraldi, responsable de identidad corporativa de Ammagamma, habla de \"Manifiesto de racionalidad sensible: la profundidad human\u00edstica de la inteligencia artificial\", mientras que Michele Poggipolini, presidente del Gruppo Giovani Imprenditori di Confindustria Emilia, presenta el proyecto \"Archivos del futuro\". Las \"Conclusiones\" se conf\u00edan a la ponencia \"F\u00e1bricas de cultura digital\" de Daniele Francesconi, director de festivalfilosofia y responsable de Ago.<\/p>\n<p>La retransmisi\u00f3n de la iniciativa, adem\u00e1s de en la p\u00e1gina de Facebook de la ciudad de M\u00f3dena, tambi\u00e9n podr\u00e1 seguirse en directo en las p\u00e1ginas de Facebook de varios de los participantes: 'fondazione dimodena'\u00a0<a href=\"http:\/\/www.facebook.com\/AGOModenaFaCultura\">-<\/a>\u00a0\"AGOModenaFaCultura\" - \"laboratorioapertomodena\" \"GGIConfindustriaEmilia\/live\".<\/p>\n<p>Informaci\u00f3n en l\u00ednea en el enlace\u00a0<a href=\"http:\/\/www.comune.modena.it\/cittacandidataunescomediaarts\">www.comune.modena.it\/cittacandidataunescomediaarts<\/a>.<\/p>\n<\/div>\n<\/div>\n<\/div>\n<\/div>\n\n\n\n\n\t\t\t<\/div> \n\t\t<\/div>\n\t<\/div> \n\n\t<div  class=\"vc_col-sm-6 wpb_column column_container vc_column_container col no-extra-padding inherit_tablet inherit_phone\"  data-padding-pos=\"all\" data-has-bg-color=\"false\" data-bg-color=\"\" data-bg-opacity=\"1\" data-animation=\"\" data-delay=\"0\" >\n\t\t<div class=\"vc_column-inner\" >\n\t\t\t<div class=\"wpb_wrapper\">\n\t\t\t\t\n<div class=\"wpb_text_column wpb_content_element\" >\n\t<h6><strong>GALER\u00cdA DE IM\u00c1GENES<\/strong><\/h6>\n<\/div>\n\n\n\n\n\t<div class=\"wpb_gallery wpb_content_element clearfix\">\n\t\t<div class=\"wpb_wrapper\"><div class=\"wpb_gallery_slidesimage_grid\" data-onclick=\"link_image\" data-interval=\"5\">\n\n\t<div class=\"portfolio-wrap\">\n\n\t\t\t<span class=\"portfolio-loading\"><\/span>\n\n\t\t\t<div class=\"row portfolio-items no-masonry\" data-starting-filter=\"\" data-gutter=\"default\" data-masonry-type=\"default\" data-bypass-cropping=\"\"  data-ps=\"7\" data-loading=\"default\" data-categories-to-show=\"\" data-col-num=\"cols-2\">\n\n\n\n\t\n\t\t\t\t\t\t\t<div class=\"col span_6  element\" data-project-cat=\"\" data-default-color=\"true\" data-title-color=\"\" data-subtitle-color=\"\">\n\n\t\t\t\t\t\t\t<div class=\"inner-wrap animated\" data-animation=\"none\">\n\n\t\t\t\t\t\t\t\n\t\t\t\t\t\t\t<div class=\"work-item style-2\">\n\n\t\t\t\t\t\t\t\t<img decoding=\"async\" class=\"skip-lazy top-level-image\" src=\"https:\/\/modenafuturacreativa.it\/wp-content\/uploads\/2021\/09\/logo-finale-candidata-colori-600x400.png\" width=\"600\" height=\"400\" alt=\"logo finale candidata colori\" title=\"colores del logotipo del candidato final\" loading=\"lazy\" \/>\n\t\t\t\t\t\t\t\t<div class=\"work-info-bg\"><\/div>\n\t\t\t\t\t\t\t\t<div class=\"work-info\">\n\n\n\t\t\t\t\t\t\t\t\t\t\t\t\t\t\t\t\t   \t\t\t <a href=\"https:\/\/modenafuturacreativa.it\/wp-content\/uploads\/2021\/09\/logo-finale-candidata-colori.png\" class=\"pretty_photo\"><span class=\"screen-reader-text\">colores del logotipo del candidato final<\/span><\/a>\n\t\t\t\t\t\t\t\t   \t\t\n\t\t\t\t\t\t\t\t\t\t<div class=\"vert-center\">\n\t\t\t\t\t\t\t\t\t\t\t\t\t\t\t\t\t\t\t\t\t<\/div><!--\/vert-center-->\n\n\t\t\t\t\t\t\t\t\t\n\n\t\t\t\t\t\t\t\t<\/div>\n\t\t\t\t\t\t\t<\/div><!--work-item-->\n\n\t\t\t\t\t\t\n\n\t\t\t\t\t\t<\/div><\/div> \n\t\t\t\t\t\t<\/div><\/div><\/div>\n\t\t<\/div> \n\t<\/div> \n\t\t\t<\/div> \n\t\t<\/div>\n\t<\/div> \n<\/div><\/div>","protected":false},"excerpt":{"rendered":"El 19 de abril a partir de las 9.30 horas, vinculado al Laboratorio Abierto, las realidades en el comit\u00e9 de licitaci\u00f3n coordinado por el ayuntamiento y los nuevos miembros presentan proyectos en directo en Facebook Lunes 19 de abril...","protected":false},"author":1,"featured_media":230,"comment_status":"closed","ping_status":"closed","sticky":false,"template":"","format":"standard","meta":{"wpupg_custom_link":[],"wpupg_custom_link_behaviour":[],"wpupg_custom_link_nofollow":[],"wpupg_custom_image":[],"wpupg_custom_image_id":[],"footnotes":""},"categories":[475],"tags":[],"class_list":["post-240","post","type-post","status-publish","format-standard","has-post-thumbnail","category-news"],"_links":{"self":[{"href":"https:\/\/modenafuturacreativa.it\/es\/wp-json\/wp\/v2\/posts\/240","targetHints":{"allow":["GET"]}}],"collection":[{"href":"https:\/\/modenafuturacreativa.it\/es\/wp-json\/wp\/v2\/posts"}],"about":[{"href":"https:\/\/modenafuturacreativa.it\/es\/wp-json\/wp\/v2\/types\/post"}],"author":[{"embeddable":true,"href":"https:\/\/modenafuturacreativa.it\/es\/wp-json\/wp\/v2\/users\/1"}],"replies":[{"embeddable":true,"href":"https:\/\/modenafuturacreativa.it\/es\/wp-json\/wp\/v2\/comments?post=240"}],"version-history":[{"count":1,"href":"https:\/\/modenafuturacreativa.it\/es\/wp-json\/wp\/v2\/posts\/240\/revisions"}],"predecessor-version":[{"id":241,"href":"https:\/\/modenafuturacreativa.it\/es\/wp-json\/wp\/v2\/posts\/240\/revisions\/241"}],"wp:featuredmedia":[{"embeddable":true,"href":"https:\/\/modenafuturacreativa.it\/es\/wp-json\/wp\/v2\/media\/230"}],"wp:attachment":[{"href":"https:\/\/modenafuturacreativa.it\/es\/wp-json\/wp\/v2\/media?parent=240"}],"wp:term":[{"taxonomy":"category","embeddable":true,"href":"https:\/\/modenafuturacreativa.it\/es\/wp-json\/wp\/v2\/categories?post=240"},{"taxonomy":"post_tag","embeddable":true,"href":"https:\/\/modenafuturacreativa.it\/es\/wp-json\/wp\/v2\/tags?post=240"}],"curies":[{"name":"wp","href":"https:\/\/api.w.org\/{rel}","templated":true}]}}